{"id":716,"date":"2024-06-15T21:10:35","date_gmt":"2024-06-15T21:10:35","guid":{"rendered":"https:\/\/hu.waterlanes.eu\/?p=716"},"modified":"2024-06-15T21:41:39","modified_gmt":"2024-06-15T21:41:39","slug":"vedelmi-intezkedesek-a-partifecskekert-javaslatok-es-tamogatas","status":"publish","type":"post","link":"https:\/\/blog.waterlanes.eu\/hu\/hirek\/vedelmi-intezkedesek-a-partifecskekert-javaslatok-es-tamogatas\/","title":{"rendered":"V\u00e9delmi int\u00e9zked\u00e9sek a partifecsk\u00e9k\u00e9rt: javaslatok \u00e9s t\u00e1mogat\u00e1s"},"content":{"rendered":"<div class=\"postie-post\">\n<h4>Az MME felh\u00edvja a beruh\u00e1z\u00f3k figyelm\u00e9t a partifecsk\u00e9k v\u00e9delm\u00e9re az \u00e9p\u00edt\u00e9si ter\u00fcleteken, \u00e9s javasolja a k\u00f6r\u00fcltekint\u0151 munkav\u00e9gz\u00e9st \u00e9s megel\u0151z\u0151 int\u00e9zked\u00e9seket. Fontos, hogy megel\u0151zz\u00fck a v\u00e9rf\u00fcrd\u0151t a madarak \u00e9s toj\u00e1saik sz\u00e1m\u00e1ra, ez\u00e9rt takarjuk le a potenci\u00e1lisan vesz\u00e9lyes f\u00e9szkel\u0151helyeket ponyv\u00e1val vagy h\u00e1l\u00f3val. Az MME kiemelt figyelmet ford\u00edt a partifecsk\u00e9k \u00e9s gyurgyalagok k\u00f6lt\u00e9s\u00e9nek seg\u00edt\u00e9s\u00e9re, \u00e9s a Fecskeles alkalmaz\u00e1s seg\u00edts\u00e9g\u00e9vel k\u00f6vethet\u0151k ezeknek a fajoknak az adatai.<\/h4>\n<p> A Magyar Mad\u00e1rtani \u00e9s Term\u00e9szetv\u00e9delmi Egyes\u00fclet (MME) figyelmezteti a beruh\u00e1z\u00f3kat, hogy \u00e9vr\u0151l \u00e9vre probl\u00e9ma az \u00e9p\u00edt\u00e9si ter\u00fcletekre bek\u00f6lt\u00f6z\u0151 partifecsk\u00e9k v\u00e9delme miatt, \u00e9s k\u00f6r\u00fcltekint\u0151 munkav\u00e9gz\u00e9sre \u00e9s megel\u0151z\u00e9sre van sz\u00fcks\u00e9g.<br \/>Mad\u00e1rv\u00e9delmi probl\u00e9m\u00e1k mer\u00fcltek fel az orsz\u00e1gban a partifecsk\u00e9kkel kapcsolatban, akik \u00e9p\u00fcletalapokba \u00e9s f\u00f6ldh\u00e1ny\u00e1sokba k\u00f6lt\u00f6znek be tavasszal. Ez\u00e1ltal le kell \u00e1ll\u00edtani a munk\u00e1latokat, hogy elker\u00fclj\u00e9k a v\u00e9rf\u00fcrd\u0151t a madarak \u00e9s a toj\u00e1saik sz\u00e1m\u00e1ra. Az egyes\u00fclet azt javasolja, hogy a potenci\u00e1lisan vesz\u00e9lyes f\u00f6ldfalakat takarj\u00e1k le ponyv\u00e1val, mint megel\u0151z\u0151 int\u00e9zked\u00e9s. Ezt a m\u00f3dszert az \u00e9p\u00edt\u0151v\u00e1llalatoknak, v\u00e1llalkoz\u00e1soknak, a lakoss\u00e1gnak \u00e9s az \u00f6nkorm\u00e1nyzatoknak is figyelembe kell venni\u00fck.<br \/>Az \u00e9p\u00edtkez\u00e9sek sor\u00e1n gyakran el\u0151fordul, hogy a partifecskep\u00e1rok f\u00e9szkel\u0151helyet tal\u00e1lnak az \u00e9p\u00fclet alapjaiban vagy ak\u00e1r az aut\u00f3p\u00e1lya \u00e9p\u00edt\u00e9si f\u00f6ldhalm\u00e1ban. Ezek a kol\u00f3ni\u00e1k v\u00e9dettek, \u00e9s ez\u00e9rt az \u00e9p\u00edtkez\u00e9st t\u00f6rv\u00e9ny tiltja ezeken a ter\u00fcleteken folytatni. A probl\u00e9ma elker\u00fcl\u00e9se \u00e9rdek\u00e9ben \u00e9rdemes a nemzetipark-igazgat\u00f3s\u00e1g seg\u00edts\u00e9g\u00e9t k\u00e9rni a f\u00e9szkel\u0151helyek azonos\u00edt\u00e1s\u00e1ra, \u00e9s a helysz\u00ednen ponyv\u00e1val vagy h\u00e1l\u00f3val el kell takarni azokat, hogy \u00e9rdektelenn\u00e9 v\u00e1ljanak a partifecsk\u00e9k sz\u00e1m\u00e1ra. A tervez\u00e9s sor\u00e1n ez\u00e9rt fontos figyelembe venni a term\u00e9szetv\u00e9delmi szempontokat, hogy ne zavarjuk az \u00e1llatokat.<br \/>Az MME arra t\u00f6rekszik, hogy seg\u00edtse a partifecsk\u00e9k \u00e9s gyurgyalagok k\u00f6lt\u00e9s\u00e9t. Ennek \u00e9rdek\u00e9ben a f\u00fcsti \u00e9s moln\u00e1rfecsk\u00e9k mellett a partfalakban f\u00e9szkel\u0151 fajoknak is ny\u00fajt seg\u00edts\u00e9get. Az el\u00f6regedett partfalakat m\u00e1rcius-\u00e1prilisban faragj\u00e1k, hogy \u00faj f\u00e9szkel\u0151helyek j\u00f6jjenek l\u00e9tre a kol\u00f3ni\u00e1knak. Ezeket a partfalakat k\u00f6nnyen k\u00e9zzel vagy g\u00e9ppel is kialak\u00edthatj\u00e1k, ak\u00e1r a vesz\u00e9lyeztetett f\u00e9szkel\u0151helyek p\u00f3tl\u00e1sak\u00e9nt is.<br \/>A Fecskeles okostelefonos alkalmaz\u00e1sban rendszeresen r\u00f6gz\u00edtik a fecske- \u00e9s gyurgyalagf\u00e9szkek adatait. Ez\u00e1ltal folyamatosan nyomon k\u00f6vethet\u0151k ezek az inform\u00e1ci\u00f3k.<\/p>\n<p>Az MME arra h\u00edvja fel a beruh\u00e1z\u00f3k figyelm\u00e9t, hogy \u00f3vatosan kell elj\u00e1rniuk az \u00e9p\u00edt\u00e9si ter\u00fcleteken bek\u00f6lt\u00f6z\u0151 partifecsk\u00e9k v\u00e9delme \u00e9rdek\u00e9ben. Az \u00e9p\u00edtkez\u00e9sek sor\u00e1n el\u0151fordul\u00f3 mad\u00e1rv\u00e9delmi probl\u00e9m\u00e1k kiz\u00e1r\u00e1s\u00e1ra javasolj\u00e1k a ponyva vagy h\u00e1l\u00f3 haszn\u00e1lat\u00e1t a f\u00e9szkel\u0151helyek elrejt\u00e9s\u00e9re. Az egyes\u00fclet seg\u00edts\u00e9get ny\u00fajt az elavult partfalak fel\u00faj\u00edt\u00e1s\u00e1val \u00e9s \u00faj f\u00e9szkel\u0151helyek l\u00e9trehoz\u00e1s\u00e1val, valamint az okostelefonos alkalmaz\u00e1sban folyamatosan r\u00f6gz\u00edtik a f\u00e9szkel\u0151 madarak adatait<\/div>\n","protected":false},"excerpt":{"rendered":"<p>Az MME az \u00e9p\u00edt\u00e9si ter\u00fcleteken \u00f3vatos elj\u00e1r\u00e1st javasol a partifecsk\u00e9k v\u00e9delme \u00e9rdek\u00e9ben. T\u00e1mogatja az elavult partfalak fel\u00faj\u00edt\u00e1s\u00e1t \u00e9s \u00faj f\u00e9szkel\u0151helyek l\u00e9trehoz\u00e1s\u00e1t. <\/p>\n","protected":false},"author":4,"featured_media":717,"comment_status":"closed","ping_status":"open","sticky":false,"template":"","format":"standard","meta":{"footnotes":""},"categories":[82],"tags":[],"aioseo_notices":[],"_links":{"self":[{"href":"https:\/\/blog.waterlanes.eu\/hu\/wp-json\/wp\/v2\/posts\/716"}],"collection":[{"href":"https:\/\/blog.waterlanes.eu\/hu\/wp-json\/wp\/v2\/posts"}],"about":[{"href":"https:\/\/blog.waterlanes.eu\/hu\/wp-json\/wp\/v2\/types\/post"}],"author":[{"embeddable":true,"href":"https:\/\/blog.waterlanes.eu\/hu\/wp-json\/wp\/v2\/users\/4"}],"replies":[{"embeddable":true,"href":"https:\/\/blog.waterlanes.eu\/hu\/wp-json\/wp\/v2\/comments?post=716"}],"version-history":[{"count":0,"href":"https:\/\/blog.waterlanes.eu\/hu\/wp-json\/wp\/v2\/posts\/716\/revisions"}],"wp:featuredmedia":[{"embeddable":true,"href":"https:\/\/blog.waterlanes.eu\/hu\/wp-json\/wp\/v2\/media\/717"}],"wp:attachment":[{"href":"https:\/\/blog.waterlanes.eu\/hu\/wp-json\/wp\/v2\/media?parent=716"}],"wp:term":[{"taxonomy":"category","embeddable":true,"href":"https:\/\/blog.waterlanes.eu\/hu\/wp-json\/wp\/v2\/categories?post=716"},{"taxonomy":"post_tag","embeddable":true,"href":"https:\/\/blog.waterlanes.eu\/hu\/wp-json\/wp\/v2\/tags?post=716"}],"curies":[{"name":"wp","href":"https:\/\/api.w.org\/{rel}","templated":true}]}}