{"id":714,"date":"2024-06-11T21:10:24","date_gmt":"2024-06-11T21:10:24","guid":{"rendered":"https:\/\/hu.waterlanes.eu\/?p=714"},"modified":"2024-06-11T21:42:03","modified_gmt":"2024-06-11T21:42:03","slug":"vitorlas-elmenyek-a-balatonon-2024-es-media-regatta-litkey-farkas-fovednoksegevel","status":"publish","type":"post","link":"https:\/\/blog.waterlanes.eu\/hu\/hirek\/vitorlas-elmenyek-a-balatonon-2024-es-media-regatta-litkey-farkas-fovednoksegevel\/","title":{"rendered":"Vitorl\u00e1s \u00e9lm\u00e9nyek a Balatonon: 2024-es Media Regatta Litkey Farkas f\u0151v\u00e9dn\u00f6ks\u00e9g\u00e9vel"},"content":{"rendered":"<div class=\"postie-post\">\n<h4>2024 j\u00fanius\u00e1ban ism\u00e9t elindulnak a m\u00e9di\u00e1sok haj\u00f3i Balatonf\u00fcredr\u0151l, Litkey Farkas olimpikon vitorl\u00e1z\u00f3 f\u0151v\u00e9dn\u00f6klet v\u00e1llalva. A 30 vitorl\u00e1sos Media Regatta mellett a szervez\u0151k bar\u00e1ts\u00e1gos hangulat\u00fa esem\u00e9nyt \u00edg\u00e9rnek zen\u00e9s programokkal \u00e9s afterparttyval. A versenyre val\u00f3 nevez\u00e9shez nem sz\u00fcks\u00e9ges vitorl\u00e1sk\u00e9pz\u00e9s, a szervez\u0151k biztos\u00edtj\u00e1k a profi kapit\u00e1nyokat.<\/h4>\n<p> A Media Future kommunik\u00e1ci\u00f3s port\u00e1l \u00e9letre kelt egy r\u00e9gi hagyom\u00e1nyt: 2024. j\u00fanius 14-\u00e9n Balatonf\u00fcredr\u0151l ism\u00e9t elindulnak a m\u00e9di\u00e1sok haj\u00f3i. Litkey Farkas olimpikon vitorl\u00e1z\u00f3 lesz az esem\u00e9ny f\u0151v\u00e9dn\u00f6ke, aki felel\u0151s volt az el\u0151z\u0151 regatt\u00e1k siker\u00e9\u00e9rt is.<br \/>Az 160 \u00e9ves Balatonf\u00fcredi Yacht Club lesz az a hely, ahol megrendezik a 2024-es Media Regatt\u00e1t. A versenyre legfeljebb 30 vitorl\u00e1s nevezhet, mindegyik haj\u00f3n 8 f\u0151s szem\u00e9lyzettel. A szervez\u0151k gondoskodnak a vitorl\u00e1sokr\u00f3l \u00e9s a profi kapit\u00e1nyokr\u00f3l, \u00edgy a r\u00e9sztvev\u0151knek nem sz\u00fcks\u00e9ges vitorl\u00e1sk\u00e9pz\u00e9s. A verseny megtart\u00e1sa mellett a rendez\u0151k bar\u00e1ts\u00e1gos hangulat\u00fa esem\u00e9nyt szerveznek, zen\u00e9s programokkal a sz\u00e1razon \u00e9s a v\u00edzen is. Az esti afterparty lehet\u0151s\u00e9get ny\u00fajt a r\u00e9sztvev\u0151knek a k\u00f6tetlen kapcsolat\u00e9p\u00edt\u00e9sre \u00e9s -\u00e1pol\u00e1sra is.<br \/>Az elolvas\u00e1sra v\u00e1r\u00f3 cikk folytat\u00e1sa.<\/p>\n<p>A 2024-es Media Regatta Balatonf\u00fcreden ker\u00fcl megrendez\u00e9sre, Litkey Farkas olimpikon vitorl\u00e1z\u00f3 f\u0151v\u00e9dn\u00f6ks\u00e9ge alatt. A versenyre 30 vitorl\u00e1s nevezhet, minden haj\u00f3n 8 f\u0151s szem\u00e9lyzettel. A szervez\u0151k profi kapit\u00e1nyokr\u00f3l \u00e9s bar\u00e1ts\u00e1gos hangulat\u00fa esem\u00e9nyr\u0151l gondoskodnak, zen\u00e9s programokkal a sz\u00e1razf\u00f6ld\u00f6n \u00e9s a v\u00edzen egyar\u00e1nt<\/div>\n","protected":false},"excerpt":{"rendered":"<p>2024-es Media Regatta Balatonf\u00fcreden, Litkey Farkas olimpikon f\u0151v\u00e9dn\u00f6ks\u00e9g\u00e9vel. 30 vitorl\u00e1s, 8 f\u0151s szem\u00e9lyzettel. Profi kapit\u00e1nyok, zen\u00e9s programok. <\/p>\n","protected":false},"author":4,"featured_media":715,"comment_status":"closed","ping_status":"open","sticky":false,"template":"","format":"standard","meta":{"footnotes":""},"categories":[82],"tags":[],"aioseo_notices":[],"_links":{"self":[{"href":"https:\/\/blog.waterlanes.eu\/hu\/wp-json\/wp\/v2\/posts\/714"}],"collection":[{"href":"https:\/\/blog.waterlanes.eu\/hu\/wp-json\/wp\/v2\/posts"}],"about":[{"href":"https:\/\/blog.waterlanes.eu\/hu\/wp-json\/wp\/v2\/types\/post"}],"author":[{"embeddable":true,"href":"https:\/\/blog.waterlanes.eu\/hu\/wp-json\/wp\/v2\/users\/4"}],"replies":[{"embeddable":true,"href":"https:\/\/blog.waterlanes.eu\/hu\/wp-json\/wp\/v2\/comments?post=714"}],"version-history":[{"count":0,"href":"https:\/\/blog.waterlanes.eu\/hu\/wp-json\/wp\/v2\/posts\/714\/revisions"}],"wp:featuredmedia":[{"embeddable":true,"href":"https:\/\/blog.waterlanes.eu\/hu\/wp-json\/wp\/v2\/media\/715"}],"wp:attachment":[{"href":"https:\/\/blog.waterlanes.eu\/hu\/wp-json\/wp\/v2\/media?parent=714"}],"wp:term":[{"taxonomy":"category","embeddable":true,"href":"https:\/\/blog.waterlanes.eu\/hu\/wp-json\/wp\/v2\/categories?post=714"},{"taxonomy":"post_tag","embeddable":true,"href":"https:\/\/blog.waterlanes.eu\/hu\/wp-json\/wp\/v2\/tags?post=714"}],"curies":[{"name":"wp","href":"https:\/\/api.w.org\/{rel}","templated":true}]}}