{"id":712,"date":"2024-06-07T21:10:39","date_gmt":"2024-06-07T21:10:39","guid":{"rendered":"https:\/\/hu.waterlanes.eu\/?p=712"},"modified":"2024-06-07T23:05:26","modified_gmt":"2024-06-07T23:05:26","slug":"uj-lakasbiztositasi-trendek-a-magyar-piacon","status":"publish","type":"post","link":"https:\/\/blog.waterlanes.eu\/hu\/hirek\/uj-lakasbiztositasi-trendek-a-magyar-piacon\/","title":{"rendered":"\u00daj Lak\u00e1sbiztos\u00edt\u00e1si Trendek a Magyar Piacon"},"content":{"rendered":"<div class=\"postie-post\">\n<h4>A Netrisk saj\u00e1t adatai szerint a lak\u00e1sbiztos\u00edt\u00e1si kamp\u00e1nyban a lak\u00f3ingatlan-tulajdonosok \u00e9s -b\u00e9rl\u0151k t\u00f6bbs\u00e9ge m\u00e1sik biztos\u00edt\u00f3hoz ment \u00e1t, az \u00e1tlagos d\u00edj pedig 34 600 forint volt. Az \u00e9rdekl\u0151d\u00e9s jelent\u0151sen megn\u0151tt, az \u00e9rdekl\u0151d\u00e9s \u00e1tlagosan 8-12-szeres volt, \u00e9s volt olyan nap is, amikor az \u00e9rdekl\u0151d\u00e9s \u00f6tvenszeres volt. A kamp\u00e1ny sor\u00e1n a legt\u00f6bb lak\u00e1sbiztos\u00edt\u00e1st Pest v\u00e1rmegye lak\u00f3i k\u00f6t\u00f6tt\u00e9k el, a legnagyobb n\u00f6veked\u00e9st pedig a K\u00d6BE, a Genertel, a Gr\u00e1nit, a Generali \u00e9s a K&amp;H biztos\u00edt\u00f3k \u00e9rt\u00e9k el.<\/h4>\n<p> A lak\u00e1sbiztos\u00edt\u00e1si kamp\u00e1nyban \u00faj szerz\u0151d\u00e9st k\u00f6t\u0151 lak\u00f3ingatlan-tulajdonosok \u00e9s -b\u00e9rl\u0151k t\u00f6bbs\u00e9ge m\u00e1sik biztos\u00edt\u00f3hoz ment \u00e1t &#8211; k\u00f6z\u00f6lte saj\u00e1t adatai alapj\u00e1n a Netrisk. A Netrisk \u00e1tlagos d\u00edja a kamp\u00e1ny h\u00f3napj\u00e1ban 34 600 forint volt. Az orsz\u00e1gos \u00e1tlagd\u00edj a lak\u00e1sok eset\u00e9ben 21 ezer, m\u00edg a csal\u00e1di h\u00e1zakn\u00e1l 42 ezer forint volt. M\u00e1rciusban a lak\u00e1sbiztos\u00edt\u00e1sok ir\u00e1nti \u00e9rdekl\u0151d\u00e9s jelent\u0151sen n\u0151tt, az \u00e9rdekl\u0151d\u00e9s 8-12-szeres \u00e1tlagosan, de voltak olyan napok, amikor az \u00e9rdekl\u0151d\u00e9s \u00f6tvenszeres volt.<br \/>Az els\u0151 lak\u00e1sbiztos\u00edt\u00e1si kamp\u00e1ny \u00e1prilis 2-\u00e1n z\u00e1rult le. A kamp\u00e1ny sor\u00e1n a lak\u00f3ingatlan-tulajdonosok \u00e9s b\u00e9rl\u0151k \u00faj szerz\u0151d\u00e9st k\u00f6thettek a lak\u00e1sbiztos\u00edt\u00e1si \u00e9vfordul\u00f3jukon k\u00edv\u00fcl is. Sokan \u00e9ltek ezzel a lehet\u0151s\u00e9ggel, \u00e9s az ingatlanjuk \u00e9rt\u00e9k\u00e9nek jobban megfelel\u0151 biztos\u00edt\u00e1st k\u00f6t\u00f6ttek. A kamp\u00e1ny egyik fontos c\u00e9lja az volt, hogy a 100 billi\u00f3 forintn\u00e1l nagyobb \u00e9rt\u00e9k\u0171 lak\u00f3ingatlanok egy r\u00e9sz\u00e9n\u00e9l eddig alacsonyabb \u00f6sszegre volt k\u00f6tve a biztos\u00edt\u00e1s.<br \/>A kamp\u00e1ny sor\u00e1n a Netriskn\u00e9l 84 sz\u00e1zal\u00e9kban az \u00faj lak\u00e1sbiztos\u00edt\u00e1st k\u00f6t\u0151 \u00fcgyfelek m\u00e1sik biztos\u00edt\u00f3t v\u00e1lasztottak.<br \/>Budapesten bel\u00fcl a legt\u00f6bb lak\u00e1sbiztos\u00edt\u00e1st a Netrisk adatai alapj\u00e1n a XIV., XIII., \u00e9s XI. ker\u00fcletben k\u00f6tik. Csal\u00e1di h\u00e1zak eset\u00e9ben a legn\u00e9pszer\u0171bb v\u00e1rosr\u00e9szek a XVII., XVIII., XVI. ker\u00fclet, m\u00edg a lak\u00e1sok ter\u00e9n a legjobban szerepl\u0151 ker\u00fcletek a XIII., XIV., \u00e9s XI. ker\u00fcletek.<br \/>Az ingatlanokra k\u00f6t\u00f6tt legt\u00f6bb lak\u00e1sbiztos\u00edt\u00e1st Pest v\u00e1rmegye lak\u00f3i vitt\u00e9k el a kamp\u00e1nyban, k\u00fcl\u00f6n\u00f6sen Dunakeszin, Szigetszentmikl\u00f3son, V\u00e1con \u00e9s Dunaharasztiban. A v\u00e1rmegyesz\u00e9khelyek k\u00f6z\u00fcl Debrecen, Gy\u0151r, Miskolc, P\u00e9cs \u00e9s Sz\u00e9kesfeh\u00e9rv\u00e1r kiemelkedett a mez\u0151nyb\u0151l. Zam\u00e1rdi, a Balaton d\u00e9li partj\u00e1n, lakoss\u00e1gar\u00e1nyosan lett az &#8222;orsz\u00e1gos bajnok&#8221; v\u00e1rosok k\u00f6z\u00f6tt.<br \/>A K\u00d6BE, a Groupama, a Genertel \u00e9s a K&amp;H biztos\u00edt\u00f3kn\u00e1l k\u00f6t\u00f6tt\u00e9k a legt\u00f6bb szerz\u0151d\u00e9st. A portfoli\u00f3n bel\u00fcli legnagyobb n\u00f6veked\u00e9st viszont a K\u00d6BE, a Genertel, a Gr\u00e1nit, a Generali \u00e9s a K&amp;H \u00e9rte el.<\/p>\n<p>A Netrisk \u00e1ltal k\u00f6z\u00f6lt adatok alapj\u00e1n a lak\u00e1sbiztos\u00edt\u00e1si kamp\u00e1nyban r\u00e9sztvev\u0151k t\u00f6bbs\u00e9ge m\u00e1sik biztos\u00edt\u00f3hoz ment \u00e1t, az \u00e1tlagos d\u00edjuk pedig 34 600 forint volt. Az \u00e9rdekl\u0151d\u00e9s m\u00e1rciusban jelent\u0151sen megn\u0151tt, ak\u00e1r \u00f6tsz\u00f6r\u00f6s\u00e9re is emelkedett. A kamp\u00e1ny sor\u00e1n sokan k\u00f6t\u00f6ttek \u00faj szerz\u0151d\u00e9st, a legt\u00f6bb lak\u00e1sbiztos\u00edt\u00e1st Pest v\u00e1rmegye lak\u00f3i vitt\u00e9k el, \u00e9s a legt\u00f6bb szerz\u0151d\u00e9st a K\u00d6BE, a Genertel, a Gr\u00e1nit, a Generali \u00e9s a K&amp;H biztos\u00edt\u00f3k szerezt\u00e9k meg<\/div>\n","protected":false},"excerpt":{"rendered":"<p>A Netrisk adatai szerint a lak\u00e1sbiztos\u00edt\u00e1si kamp\u00e1nyban a r\u00e9sztvev\u0151k t\u00f6bbs\u00e9ge m\u00e1sik biztos\u00edt\u00f3n\u00e1l k\u00f6t\u00f6tt szerz\u0151d\u00e9st, \u00e1tlagd\u00edjuk 34 600 forint volt. Az \u00e9rdekl\u0151d\u00e9s m\u00e1rciusban jelent\u0151sen n\u0151tt, legt\u00f6bben Pest megy\u00e9b\u0151l. <\/p>\n","protected":false},"author":4,"featured_media":713,"comment_status":"closed","ping_status":"open","sticky":false,"template":"","format":"standard","meta":{"footnotes":""},"categories":[82],"tags":[],"aioseo_notices":[],"_links":{"self":[{"href":"https:\/\/blog.waterlanes.eu\/hu\/wp-json\/wp\/v2\/posts\/712"}],"collection":[{"href":"https:\/\/blog.waterlanes.eu\/hu\/wp-json\/wp\/v2\/posts"}],"about":[{"href":"https:\/\/blog.waterlanes.eu\/hu\/wp-json\/wp\/v2\/types\/post"}],"author":[{"embeddable":true,"href":"https:\/\/blog.waterlanes.eu\/hu\/wp-json\/wp\/v2\/users\/4"}],"replies":[{"embeddable":true,"href":"https:\/\/blog.waterlanes.eu\/hu\/wp-json\/wp\/v2\/comments?post=712"}],"version-history":[{"count":0,"href":"https:\/\/blog.waterlanes.eu\/hu\/wp-json\/wp\/v2\/posts\/712\/revisions"}],"wp:featuredmedia":[{"embeddable":true,"href":"https:\/\/blog.waterlanes.eu\/hu\/wp-json\/wp\/v2\/media\/713"}],"wp:attachment":[{"href":"https:\/\/blog.waterlanes.eu\/hu\/wp-json\/wp\/v2\/media?parent=712"}],"wp:term":[{"taxonomy":"category","embeddable":true,"href":"https:\/\/blog.waterlanes.eu\/hu\/wp-json\/wp\/v2\/categories?post=712"},{"taxonomy":"post_tag","embeddable":true,"href":"https:\/\/blog.waterlanes.eu\/hu\/wp-json\/wp\/v2\/tags?post=712"}],"curies":[{"name":"wp","href":"https:\/\/api.w.org\/{rel}","templated":true}]}}