{"id":710,"date":"2024-05-26T21:10:31","date_gmt":"2024-05-26T21:10:31","guid":{"rendered":"https:\/\/hu.waterlanes.eu\/?p=710"},"modified":"2024-05-26T22:05:59","modified_gmt":"2024-05-26T22:05:59","slug":"kompromisszumok-es-donteshozatal-egy-diak-tapasztalata-a-vilag-szinpadan","status":"publish","type":"post","link":"https:\/\/blog.waterlanes.eu\/hu\/hirek\/kompromisszumok-es-donteshozatal-egy-diak-tapasztalata-a-vilag-szinpadan\/","title":{"rendered":"Kompromisszumok \u00e9s d\u00f6nt\u00e9shozatal: Egy di\u00e1k tapasztalata a vil\u00e1g sz\u00ednpad\u00e1n"},"content":{"rendered":"<div class=\"postie-post\">\n<h4>Fony\u00f3di di\u00e1k, Nagy Boldizs\u00e1r, kiv\u00e1l\u00f3an szerepelt az ENSZ m\u0171k\u00f6d\u00e9s\u00e9t szimul\u00e1l\u00f3 konferenci\u00e1n, \u00e9s elnyerte a legjobb deleg\u00e1lt kit\u00fcntet\u00e9st. A versenyen a civilek v\u00e9delm\u00e9r\u0151l \u00e9s a fiatalok szerep\u00e9r\u0151l kellett besz\u00e9lnie egy fegyveres konfliktus sor\u00e1n. Nagy Boldizs\u00e1r a kompromisszumok fontoss\u00e1g\u00e1t is kiemelte a probl\u00e9m\u00e1k megold\u00e1s\u00e1hoz.<\/h4>\n<p> Fony\u00f3di di\u00e1k, Nagy Boldizs\u00e1r, kapta a &#8222;legjobb deleg\u00e1lt&#8221; kit\u00fcntet\u00e9st egy ENSZ m\u0171k\u00f6d\u00e9s\u00e9t szimul\u00e1l\u00f3 konferenci\u00e1n. Az M1 aktu\u00e1lis csatorn\u00e1n vas\u00e1rnap hallhattuk ezt az h\u00edrt.<br \/>Az Egyes\u00fclt \u00c1llamokat k\u00e9pvisel\u0151 fiatal v\u00e9gz\u0151s tanul\u00f3 r\u00e9szt vett a fony\u00f3di M\u00e1ty\u00e1s Kir\u00e1ly Gimn\u00e1zium rendezv\u00e9ny\u00e9n, amelyen az ENSZ Biztons\u00e1gi Tan\u00e1cs\u00e1ban kellett szerepet v\u00e1llalnia. A di\u00e1k a legfiatalabb r\u00e9sztvev\u0151k egyike volt a rendezv\u00e9nyen.<br \/>Nagy Boldizs\u00e1r az M1 m\u0171sor\u00e1ban besz\u00e9lt arr\u00f3l, hogy a versenyz\u0151knek el\u0151re megadott t\u00e9m\u00e1r\u00f3l kellett besz\u00e9lni\u00fck. A t\u00e9ma k\u00e9t r\u00e9szb\u0151l \u00e1llt: a civilek v\u00e9delme egy fegyveres konfliktusban, valamint a fiatalok szerepe a b\u00e9ke \u00e9s biztons\u00e1g ter\u00e9n. A feladat l\u00e9nyege az volt, hogy egy olyan orsz\u00e1gban kellett elk\u00e9pzelni\u00fck a helyzetet, ahol fegyveres konfliktus zajlik, \u00e9s emiatt humanit\u00e1rius kr\u00edzis s\u00fajtja az ott \u00e9l\u0151 civileket. A versenyz\u0151knek a nemzetk\u00f6zi jog \u00e1ltal el\u0151\u00edrt humanit\u00e1rius seg\u00edts\u00e9gny\u00fajt\u00e1st kellett gyakorlatban bemutatniuk.<br \/>Az egyik di\u00e1k azt mondta, hogy a rendezv\u00e9nyen fontos tanuls\u00e1g volt sz\u00e1m\u00e1ra, hogy a probl\u00e9m\u00e1k megold\u00e1s\u00e1hoz kompromisszumokra van sz\u00fcks\u00e9g a d\u00f6nt\u00e9shozatal sor\u00e1n.<br \/>Az nyertes ind\u00edtv\u00e1nyt elk\u00fcldik az ENSZ val\u00f3di Biztons\u00e1gi Tan\u00e1cs\u00e1hoz &#8211; tette hozz\u00e1.<br \/>Nagyon motiv\u00e1lta \u0151t a verseny, amit v\u00e9gigcsin\u00e1lt, \u00e9s m\u00e9g mindig alig hiszi el, hogy siker\u00fclt gy\u0151znie.<\/p>\n<p>A fony\u00f3di di\u00e1k, Nagy Boldizs\u00e1r, kit\u00fcntet\u00e9st kapott a legjobb deleg\u00e1lt c\u00edm\u00e9rt egy ENSZ m\u0171k\u00f6d\u00e9s\u00e9t szimul\u00e1l\u00f3 konferenci\u00e1n. Az esem\u00e9nyen a fiatal versenyz\u0151knek humanit\u00e1rius kih\u00edv\u00e1sokra kellett v\u00e1laszokat tal\u00e1lniuk, \u00e9s a megold\u00e1sokat a nemzetk\u00f6zi jog el\u0151\u00edr\u00e1sai szerint kellett bemutatniuk. Nagy Boldizs\u00e1r elmond\u00e1sa szerint a verseny sor\u00e1n tanult kompromisszumok fontoss\u00e1ga \u00e9s a d\u00f6nt\u00e9shozatal sz\u00fcks\u00e9gess\u00e9ge a probl\u00e9m\u00e1k megold\u00e1s\u00e1hoz<\/div>\n","protected":false},"excerpt":{"rendered":"<p>A fony\u00f3di di\u00e1k, Nagy Boldizs\u00e1r kimagasl\u00f3 teljes\u00edtm\u00e9ny\u00e9\u00e9rt elismer\u00e9st kapott egy ENSZ szimul\u00e1l\u00f3 konferenci\u00e1n. A fiatalok humanit\u00e1rius kih\u00edv\u00e1sokra kerestek megold\u00e1sokat, a nemzetk\u00f6zi jogot alkalmazva. Boldizs\u00e1r kiemelte a kompromisszumok \u00e9s d\u00f6nt\u00e9shozatal fontoss\u00e1g\u00e1t. <\/p>\n","protected":false},"author":4,"featured_media":711,"comment_status":"closed","ping_status":"open","sticky":false,"template":"","format":"standard","meta":{"footnotes":""},"categories":[82],"tags":[],"aioseo_notices":[],"_links":{"self":[{"href":"https:\/\/blog.waterlanes.eu\/hu\/wp-json\/wp\/v2\/posts\/710"}],"collection":[{"href":"https:\/\/blog.waterlanes.eu\/hu\/wp-json\/wp\/v2\/posts"}],"about":[{"href":"https:\/\/blog.waterlanes.eu\/hu\/wp-json\/wp\/v2\/types\/post"}],"author":[{"embeddable":true,"href":"https:\/\/blog.waterlanes.eu\/hu\/wp-json\/wp\/v2\/users\/4"}],"replies":[{"embeddable":true,"href":"https:\/\/blog.waterlanes.eu\/hu\/wp-json\/wp\/v2\/comments?post=710"}],"version-history":[{"count":0,"href":"https:\/\/blog.waterlanes.eu\/hu\/wp-json\/wp\/v2\/posts\/710\/revisions"}],"wp:featuredmedia":[{"embeddable":true,"href":"https:\/\/blog.waterlanes.eu\/hu\/wp-json\/wp\/v2\/media\/711"}],"wp:attachment":[{"href":"https:\/\/blog.waterlanes.eu\/hu\/wp-json\/wp\/v2\/media?parent=710"}],"wp:term":[{"taxonomy":"category","embeddable":true,"href":"https:\/\/blog.waterlanes.eu\/hu\/wp-json\/wp\/v2\/categories?post=710"},{"taxonomy":"post_tag","embeddable":true,"href":"https:\/\/blog.waterlanes.eu\/hu\/wp-json\/wp\/v2\/tags?post=710"}],"curies":[{"name":"wp","href":"https:\/\/api.w.org\/{rel}","templated":true}]}}