{"id":708,"date":"2024-05-22T21:10:43","date_gmt":"2024-05-22T21:10:43","guid":{"rendered":"https:\/\/hu.waterlanes.eu\/?p=708"},"modified":"2024-05-22T23:03:33","modified_gmt":"2024-05-22T23:03:33","slug":"zold-jovo-elektromos-jarmuvek-a-volanbuszon","status":"publish","type":"post","link":"https:\/\/blog.waterlanes.eu\/hu\/hirek\/zold-jovo-elektromos-jarmuvek-a-volanbuszon\/","title":{"rendered":"Z\u00f6ld j\u00f6v\u0151: Elektromos j\u00e1rm\u0171vek a Vol\u00e1nbuszon"},"content":{"rendered":"<div class=\"postie-post\">\n<h4>Balatonf\u00fcreden hamarosan h\u00e1rom elektromos meghajt\u00e1s\u00fa, alacsonypadl\u00f3s j\u00e1rm\u0171 \u00e1llhat forgalomban, amelyek a Z\u00f6ld Busz Program eredm\u00e9nyek\u00e9nt ker\u00fclnek beszerz\u00e9sre. A Vol\u00e1nbusz 20 darab \u00faj elektromos aut\u00f3busz beszerz\u00e9s\u00e9re \u00e9s a t\u00f6lt\u0151-infrastrukt\u00fara ki\u00e9p\u00edt\u00e9s\u00e9re ny\u00fajthat be t\u00e1mogat\u00e1si k\u00e9relmet a HUMDA Zrt. felh\u00edv\u00e1s\u00e1ra. A fejleszt\u00e9snek k\u00f6sz\u00f6nhet\u0151en \u00e9vente t\u00f6bb mint ezer tonn\u00e1val cs\u00f6kkenthet\u0151 lesz a sz\u00e9n-dioxid-terhel\u00e9s a hat telep\u00fcl\u00e9sen.<\/h4>\n<p> Hamarosan hat kisebb v\u00e1rosban, k\u00f6zt\u00fck Balatonf\u00fcreden is, alternat\u00edv meghajt\u00e1s\u00fa, k\u00f6rnyezetk\u00edm\u00e9l\u0151 j\u00e1rm\u0171vekkel friss\u00fclhet fel a helyi k\u00f6zleked\u00e9s. Sikeres p\u00e1ly\u00e1zat eset\u00e9n Balatonf\u00fcreden m\u00e1r a ny\u00e1ron forgalomba ker\u00fclhet h\u00e1rom elektromos meghajt\u00e1s\u00fa, alacsonypadl\u00f3s, helyi gy\u00e1rt\u00e1s\u00fa j\u00e1rm\u0171. A Z\u00f6ld Busz Program tov\u00e1bbi el\u0151rel\u00e9p\u00e9seket hoz.<br \/>A HUMDA Zrt. felh\u00edv\u00e1s\u00e1ra a Vol\u00e1nbusz 20 darab \u00faj elektromos aut\u00f3busz beszerz\u00e9s\u00e9re \u00e9s a kapcsol\u00f3d\u00f3 t\u00f6lt\u0151-infrastrukt\u00fara ki\u00e9p\u00edt\u00e9s\u00e9re ny\u00fajthat be t\u00e1mogat\u00e1si k\u00e9relmet. Ezen fel\u00fcl megjelent a j\u00e1rm\u0171vek beszerz\u00e9s\u00e9re vonatkoz\u00f3 felt\u00e9teles k\u00f6zbeszerz\u00e9si elj\u00e1r\u00e1s aj\u00e1nlatt\u00e9teli felh\u00edv\u00e1sa is.<br \/>A hat telep\u00fcl\u00e9sen \u00e9vente t\u00f6bb mint ezer tonn\u00e1val cs\u00f6kkenhet a sz\u00e9n-dioxid-terhel\u00e9s a fejleszt\u00e9s r\u00e9v\u00e9n, amely mag\u00e1ban foglalja a r\u00e9gi d\u00edzelbuszok kiv\u00e1lt\u00e1s\u00e1t.<br \/>A HUMDA Magyar Mobilit\u00e1s-fejleszt\u00e9si \u00dcgyn\u00f6ks\u00e9g Zrt., amely a Sz\u00e9chenyi Egyetemi Csoporthoz tartozik, egyedi t\u00e1mogat\u00e1si k\u00e9relmet tett lehet\u0151v\u00e9 a Vol\u00e1nbusz sz\u00e1m\u00e1ra a Z\u00f6ld Busz Program keret\u00e9ben. A t\u00e1mogat\u00e1s c\u00e9lja a k\u00f6rnyezetk\u00edm\u00e9l\u0151, k\u00e1rosanyagkibocs\u00e1t\u00e1s-mentes, elektromos meghajt\u00e1s\u00fa j\u00e1rm\u0171vek beszerz\u00e9se \u00e9s a kapcsol\u00f3d\u00f3 t\u00f6lt\u0151-infrastrukt\u00fara ki\u00e9p\u00edt\u00e9se 25 ezer f\u0151 alatti v\u00e1rosok helyi k\u00f6zleked\u00e9s\u00e9ben. A t\u00e1mogat\u00e1si k\u00e9relem pozit\u00edv elb\u00edr\u00e1l\u00e1sa eset\u00e9n hamarosan Balatonf\u00fcreden 3, Hajd\u00faszoboszl\u00f3n 1, Kom\u00e1romban 2, Koml\u00f3n 6, Tat\u00e1n 5, V\u00e1rpalot\u00e1n pedig 3 darab elektromos meghajt\u00e1s\u00fa j\u00e1rm\u0171 \u00e1llhat forgalomba.<br \/>Az \u00fajonnan beszerzend\u0151 aut\u00f3buszok hat\u00f3t\u00e1vols\u00e1ga legal\u00e1bb 300 km lesz, \u00e9s alkalmasak lesznek kerekessz\u00e9kes utasok sz\u00e1ll\u00edt\u00e1s\u00e1ra is. Ezek a h\u00e1romajt\u00f3s j\u00e1rm\u0171vek f\u0171t\u0151- \u00e9s h\u0171t\u0151berendez\u00e9ssel, utast\u00e1j\u00e9koztat\u00f3val, kamera- \u00e9s utassz\u00e1ml\u00e1l\u00f3 rendszerrel lesznek felszerelve. A Mobiliti Vol\u00e1nbusz Kft., az MVM Mobiliti Kft. \u00e9s a Vol\u00e1nbusz k\u00f6z\u00f6s v\u00e1llalata, nagy teljes\u00edtm\u00e9ny\u0171 t\u00f6lt\u0151berendez\u00e9seket fog telep\u00edteni a telep\u00fcl\u00e9sek m\u0171szaki telephelyein vagy busz\u00e1llom\u00e1sain. A 4,6 milli\u00e1rd forintos fejleszt\u00e9s r\u00e9szek\u00e9nt az aut\u00f3buszok beszerz\u00e9se 100 sz\u00e1zal\u00e9kos, m\u00edg a t\u00f6lt\u0151-infrastrukt\u00fara ki\u00e9p\u00edt\u00e9se 80 sz\u00e1zal\u00e9kos t\u00e1mogat\u00e1ssal val\u00f3sulhat meg.<br \/>A Vol\u00e1nbusz Zrt. elektromos buszokb\u00f3l \u00e1ll\u00f3 flott\u00e1ja jelenleg \u00e9vente mintegy 5500 tonna sz\u00e9n-dioxidt\u00f3l mentes\u00edti az \u00e9rintett telep\u00fcl\u00e9seket, ami egyen\u00e9rt\u00e9k\u0171 2000 szem\u00e9lyg\u00e9pkocsi \u00e9ves kibocs\u00e1t\u00e1s\u00e1val. A v\u00e1llalat sikeres p\u00e1ly\u00e1zat eset\u00e9n m\u00e1r 2024 nyar\u00e1n forgalomba \u00e1ll\u00edtan\u00e1 az \u00fajabb 20 darab e-buszt, amely tov\u00e1bbi t\u00f6bb mint 1000 tonna sz\u00e9n-dioxid-kihelyez\u00e9s cs\u00f6kkent\u00e9s\u00e9t eredm\u00e9nyezn\u00e9. Az elektromos j\u00e1rm\u0171vek nemcsak k\u00f6rnyezetbar\u00e1tabbak, hanem korszer\u0171bbek, k\u00e9nyelmesebbek \u00e9s csendesebbek is, biztos\u00edtva ezzel a hat v\u00e1ros lakosai \u00e9s utasai sz\u00e1m\u00e1ra a val\u00f3ban 21. sz\u00e1zadi szolg\u00e1ltat\u00e1s sz\u00ednvonal\u00e1t.<\/p>\n<p>Balatonf\u00fcred \u00e9s \u00f6t m\u00e1sik v\u00e1rosban hamarosan elektromos meghajt\u00e1s\u00fa, k\u00f6rnyezetk\u00edm\u00e9l\u0151 j\u00e1rm\u0171vekkel friss\u00fclhet fel a helyi k\u00f6zleked\u00e9s, amelyek seg\u00edts\u00e9g\u00e9vel cs\u00f6kkenhet a sz\u00e9n-dioxid-terhel\u00e9s. A Vol\u00e1nbusz 20 darab \u00faj elektromos aut\u00f3busz beszerz\u00e9s\u00e9re \u00e9s t\u00f6lt\u0151infrastrukt\u00fara ki\u00e9p\u00edt\u00e9s\u00e9re k\u00e9sz\u00fcl, melynek k\u00f6sz\u00f6nhet\u0151en jelent\u0151s k\u00f6rnyezetv\u00e9delmi el\u0151rel\u00e9p\u00e9s v\u00e1rhat\u00f3. Az \u00faj j\u00e1rm\u0171vek modern kialak\u00edt\u00e1s\u00faak, k\u00e9nyelmesek \u00e9s csendesek lesznek, \u00edgy a hat v\u00e1ros lakosainak \u00e9s utasainak val\u00f3ban 21. sz\u00e1zadi k\u00f6zleked\u00e9si \u00e9lm\u00e9nyt biztos\u00edtanak<\/div>\n","protected":false},"excerpt":{"rendered":"<p>Balatonf\u00fcred \u00e9s \u00f6t v\u00e1rosban elektromos, k\u00f6rnyezetk\u00edm\u00e9l\u0151 j\u00e1rm\u0171vek friss\u00fclnek fel, cs\u00f6kkentve a sz\u00e9n-dioxid-terhel\u00e9st. A Vol\u00e1nbusz 20 \u00faj elektromos aut\u00f3busz beszerz\u00e9s\u00e9re k\u00e9sz\u00fcl.\u00daj j\u00e1rm\u0171vek modern \u00e9s k\u00e9nyelmes k\u00f6zleked\u00e9si \u00e9lm\u00e9nyt ny\u00fajtanak. <\/p>\n","protected":false},"author":4,"featured_media":709,"comment_status":"closed","ping_status":"open","sticky":false,"template":"","format":"standard","meta":{"footnotes":""},"categories":[82],"tags":[],"aioseo_notices":[],"_links":{"self":[{"href":"https:\/\/blog.waterlanes.eu\/hu\/wp-json\/wp\/v2\/posts\/708"}],"collection":[{"href":"https:\/\/blog.waterlanes.eu\/hu\/wp-json\/wp\/v2\/posts"}],"about":[{"href":"https:\/\/blog.waterlanes.eu\/hu\/wp-json\/wp\/v2\/types\/post"}],"author":[{"embeddable":true,"href":"https:\/\/blog.waterlanes.eu\/hu\/wp-json\/wp\/v2\/users\/4"}],"replies":[{"embeddable":true,"href":"https:\/\/blog.waterlanes.eu\/hu\/wp-json\/wp\/v2\/comments?post=708"}],"version-history":[{"count":0,"href":"https:\/\/blog.waterlanes.eu\/hu\/wp-json\/wp\/v2\/posts\/708\/revisions"}],"wp:featuredmedia":[{"embeddable":true,"href":"https:\/\/blog.waterlanes.eu\/hu\/wp-json\/wp\/v2\/media\/709"}],"wp:attachment":[{"href":"https:\/\/blog.waterlanes.eu\/hu\/wp-json\/wp\/v2\/media?parent=708"}],"wp:term":[{"taxonomy":"category","embeddable":true,"href":"https:\/\/blog.waterlanes.eu\/hu\/wp-json\/wp\/v2\/categories?post=708"},{"taxonomy":"post_tag","embeddable":true,"href":"https:\/\/blog.waterlanes.eu\/hu\/wp-json\/wp\/v2\/tags?post=708"}],"curies":[{"name":"wp","href":"https:\/\/api.w.org\/{rel}","templated":true}]}}