{"id":706,"date":"2024-05-18T21:10:27","date_gmt":"2024-05-18T21:10:27","guid":{"rendered":"https:\/\/hu.waterlanes.eu\/?p=706"},"modified":"2024-05-18T21:57:22","modified_gmt":"2024-05-18T21:57:22","slug":"veszprem-balaton-2023-ekf-magyar-mozgokep-fesztival","status":"publish","type":"post","link":"https:\/\/blog.waterlanes.eu\/hu\/hirek\/veszprem-balaton-2023-ekf-magyar-mozgokep-fesztival\/","title":{"rendered":"Veszpr\u00e9m-Balaton 2023 EKF: Magyar Mozg\u00f3k\u00e9p Fesztiv\u00e1l"},"content":{"rendered":"<div class=\"postie-post\">\n<h4>A Veszpr\u00e9m-Balaton 2023 Eur\u00f3pa Kultur\u00e1lis F\u0151v\u00e1rosa program keret\u00e9ben id\u00e9n j\u00faniusban ker\u00fcl megrendez\u00e9sre a Magyar Mozg\u00f3k\u00e9p Fesztiv\u00e1l, melynek h\u00e1rom helysz\u00edne Veszpr\u00e9m, Balatonf\u00fcred \u00e9s Balatonalm\u00e1di lesz. A fesztiv\u00e1lon Magyar Mozg\u00f3k\u00e9p D\u00edj\u00e1tad\u00e1st tartanak k\u00fcl\u00f6nb\u00f6z\u0151 kateg\u00f3ri\u00e1kban, mint p\u00e9ld\u00e1ul j\u00e1t\u00e9kfilm, t\u00e9v\u00e9film, dokumentumfilm, anim\u00e1ci\u00f3 \u00e9s t\u00e9v\u00e9sorozat. A nevez\u00e9si hat\u00e1rid\u0151 febru\u00e1r 28., a versenyben pedig olyan alkot\u00e1sokat v\u00e1rnak, melyek 2023. m\u00e1rcius 1-j\u00e9t\u0151l 2024. febru\u00e1r 28-ig voltak moziforgalmaz\u00e1sban vagy telev\u00edzi\u00f3s sug\u00e1rz\u00e1sban.<\/h4>\n<p> A Veszpr\u00e9m-Balaton 2023 Eur\u00f3pa Kultur\u00e1lis F\u0151v\u00e1rosa (VEB2023 EKF) program j\u00fanius 12. \u00e9s 15. k\u00f6z\u00f6tt rendezi meg a Magyar Mozg\u00f3k\u00e9p Fesztiv\u00e1lt Veszpr\u00e9mben, Balatonf\u00fcreden \u00e9s Balatonalm\u00e1diban a Nemzeti Filmint\u00e9zet t\u00e1mogat\u00e1s\u00e1val. A fesztiv\u00e1lon k\u00fcl\u00f6nb\u00f6z\u0151 kateg\u00f3ri\u00e1kban adj\u00e1k \u00e1t a Magyar Mozg\u00f3k\u00e9p D\u00edjakat, p\u00e9ld\u00e1ul j\u00e1t\u00e9kfilm, t\u00e9v\u00e9film, dokumentumfilm, anim\u00e1ci\u00f3 \u00e9s t\u00e9v\u00e9sorozat kateg\u00f3ri\u00e1kban. A jel\u00f6l\u00e9seket febru\u00e1r 28-ig v\u00e1rnak. A versenybe olyan alkot\u00e1sok nevezhet\u0151k, melyek 2023. m\u00e1rcius 1-j\u00e9t\u0151l 2024. febru\u00e1r 28-ig voltak moziforgalmaz\u00e1sban, telev\u00edzi\u00f3s sug\u00e1rz\u00e1sban vagy streaming szolg\u00e1ltat\u00f3 \u00e1ltal lettek vet\u00edtve, valamint amelyek r\u00e9szt vettek nemzetk\u00f6zi filmfesztiv\u00e1lokon vagy deb\u00fct\u00e1lnak a Magyar Mozg\u00f3k\u00e9p Fesztiv\u00e1lon. A nevez\u00e9st a film producere vagy rendez\u0151je teheti meg, \u00e9s egy alkot\u00f3 t\u00f6bb filmet is nevezhet. A r\u00e9szletes ki\u00edr\u00e1s a Magyar Filmakad\u00e9mia honlapj\u00e1n tal\u00e1lhat\u00f3 \u00e9s a zs\u0171ri tagjainak n\u00e9vsor\u00e1t a jel\u00f6ltek bejelent\u00e9sekor fogj\u00e1k nyilv\u00e1noss\u00e1gra hozni.<br \/>A bejegyz\u00e9s kor\u00e1bbi publik\u00e1ci\u00f3ja egy kor\u00e1bbi id\u0151pontban t\u00f6rt\u00e9nt.<\/p>\n<p>A Veszpr\u00e9m-Balaton 2023 Eur\u00f3pa Kultur\u00e1lis F\u0151v\u00e1rosa program keret\u00e9ben a Magyar Mozg\u00f3k\u00e9p Fesztiv\u00e1lt j\u00fanius 12. \u00e9s 15. k\u00f6z\u00f6tt rendezik meg Veszpr\u00e9mben, Balatonf\u00fcreden \u00e9s Balatonalm\u00e1diban. A fesztiv\u00e1lon k\u00fcl\u00f6nb\u00f6z\u0151 kateg\u00f3ri\u00e1kban adj\u00e1k \u00e1t a Magyar Mozg\u00f3k\u00e9p D\u00edjakat, p\u00e9ld\u00e1ul j\u00e1t\u00e9kfilm, t\u00e9v\u00e9film, dokumentumfilm, anim\u00e1ci\u00f3 \u00e9s t\u00e9v\u00e9sorozat kateg\u00f3ri\u00e1kban. A jel\u00f6l\u00e9seket febru\u00e1r 28-ig v\u00e1rnak, a nevez\u00e9st a film producere vagy rendez\u0151je teheti meg<\/div>\n","protected":false},"excerpt":{"rendered":"<p>A Veszpr\u00e9m-Balaton 2023 EKF programj\u00e1ban j\u00fanius 12-15. k\u00f6z\u00f6tt a Magyar Mozg\u00f3k\u00e9p Fesztiv\u00e1l zajlik. Jelentkez\u00e9s febr. 28-ig. <\/p>\n","protected":false},"author":4,"featured_media":707,"comment_status":"closed","ping_status":"open","sticky":false,"template":"","format":"standard","meta":{"footnotes":""},"categories":[82],"tags":[],"aioseo_notices":[],"_links":{"self":[{"href":"https:\/\/blog.waterlanes.eu\/hu\/wp-json\/wp\/v2\/posts\/706"}],"collection":[{"href":"https:\/\/blog.waterlanes.eu\/hu\/wp-json\/wp\/v2\/posts"}],"about":[{"href":"https:\/\/blog.waterlanes.eu\/hu\/wp-json\/wp\/v2\/types\/post"}],"author":[{"embeddable":true,"href":"https:\/\/blog.waterlanes.eu\/hu\/wp-json\/wp\/v2\/users\/4"}],"replies":[{"embeddable":true,"href":"https:\/\/blog.waterlanes.eu\/hu\/wp-json\/wp\/v2\/comments?post=706"}],"version-history":[{"count":0,"href":"https:\/\/blog.waterlanes.eu\/hu\/wp-json\/wp\/v2\/posts\/706\/revisions"}],"wp:featuredmedia":[{"embeddable":true,"href":"https:\/\/blog.waterlanes.eu\/hu\/wp-json\/wp\/v2\/media\/707"}],"wp:attachment":[{"href":"https:\/\/blog.waterlanes.eu\/hu\/wp-json\/wp\/v2\/media?parent=706"}],"wp:term":[{"taxonomy":"category","embeddable":true,"href":"https:\/\/blog.waterlanes.eu\/hu\/wp-json\/wp\/v2\/categories?post=706"},{"taxonomy":"post_tag","embeddable":true,"href":"https:\/\/blog.waterlanes.eu\/hu\/wp-json\/wp\/v2\/tags?post=706"}],"curies":[{"name":"wp","href":"https:\/\/api.w.org\/{rel}","templated":true}]}}