{"id":704,"date":"2024-05-14T21:10:40","date_gmt":"2024-05-14T21:10:40","guid":{"rendered":"https:\/\/hu.waterlanes.eu\/?p=704"},"modified":"2024-05-14T22:23:10","modified_gmt":"2024-05-14T22:23:10","slug":"legendas-jokai-hajo-visszater-a-balatonra","status":"publish","type":"post","link":"https:\/\/blog.waterlanes.eu\/hu\/hirek\/legendas-jokai-hajo-visszater-a-balatonra\/","title":{"rendered":"Legend\u00e1s J\u00f3kai haj\u00f3 visszat\u00e9r a Balatonra"},"content":{"rendered":"<div class=\"postie-post\">\n<h4>A 32 m\u00e9ter hossz\u00fa J\u00f3kai haj\u00f3 visszat\u00e9rt a Balatonra, \u00fajra s\u00e9tahaj\u00f3k\u00e9nt m\u0171k\u00f6dik. A Balatoni Haj\u00f3z\u00e1si Zrt. 2023 v\u00e9g\u00e9n v\u00e1s\u00e1rolta meg \u00e9s 2024 elej\u00e9n k\u00e9sz\u00edtett\u00e9k fel a munk\u00e1latok sor\u00e1n. A j\u00f6v\u0151ben tov\u00e1bbi eszt\u00e9tikai \u00e9s m\u0171szaki fel\u00faj\u00edt\u00e1sok v\u00e1rhat\u00f3k, valamint \u00fajabb korszer\u0171s\u00edt\u00e9sek is tervezve vannak a haj\u00f3 eset\u00e9ben.<\/h4>\n<p> 2003-t\u00f3l ism\u00e9t k\u00f6zlekedik a Balatonon a sokat l\u00e1tott haj\u00f3.<br \/>A J\u00f3kai haj\u00f3 visszanyerte eredeti sz\u00ednvil\u00e1g\u00e1t, \u00e9s most az egys\u00e9ges nosztalgiahaj\u00f3-flotta tagja lett. A Balatoni Haj\u00f3z\u00e1si Zrt. (BAHART) 2023 v\u00e9g\u00e9n visszanyerte a haj\u00f3 tulajdonjog\u00e1t. A nagyk\u00f6z\u00f6ns\u00e9g m\u00e1jus elsej\u00e9n, Balatonf\u00fcreden tal\u00e1lkozhat a haj\u00f3val, amely s\u00e9tahaj\u00f3k\u00e9nt \u00fczemel majd, ahogy a kor\u00e1bbi \u00e9vekben is.<br \/>Az \u00f6t\u00f6dik balatoni g\u0151zhaj\u00f3, a 32 m\u00e9ter hossz\u00fa \u00e9s 5 m\u00e9ter sz\u00e9les J\u00f3kai, Budapesten az \u00d3budai Haj\u00f3gy\u00e1rban k\u00e9sz\u00fclt. Alkatr\u00e9szenk\u00e9nt sz\u00e1ll\u00edtott\u00e1k Si\u00f3fokra, ahol \u00f6sszeszerelt\u00e9k, majd 1913 j\u00fanius\u00e1ban v\u00edzre bocs\u00e1tott\u00e1k. A Balatoni Haj\u00f3z\u00e1si Zrt. 2023 v\u00e9g\u00e9n v\u00e1s\u00e1rolta meg a 85 utas befogad\u00e1s\u00e1ra alkalmas haj\u00f3t, amit a haj\u00f3z\u00e1si szezonra 2024 elej\u00e9n k\u00e9sz\u00edtettek fel. A munk\u00e1latok sor\u00e1n jav\u00edtott\u00e1k a villamos h\u00e1l\u00f3zat\u00e1t \u00e9s \u00faj fest\u00e9st kapott a J\u00f3kai.<br \/>M\u00e1jus 1-j\u00e9n mutatkozik be \u00fajra a nagyk\u00f6z\u00f6ns\u00e9gnek a felk\u00e9sz\u00edt\u00e9si \u00e9s fel\u00faj\u00edt\u00e1si munk\u00e1latokat k\u00f6vet\u0151en. Balatonf\u00fcred lesz az a hely, ahol az \u00e9rdekl\u0151d\u0151k tal\u00e1lkozhatnak majd a haj\u00f3val, amely s\u00e9taj\u00e1ratokat teljes\u00edt majd. Emellett a BAHART flotta t\u00f6bbi tagj\u00e1val egy\u00fctt rendezv\u00e9nyekre is ig\u00e9nybe vehet\u0151 lesz.<br \/>Veigl G\u00e1bor, a BAHART vez\u00e9rigazgat\u00f3ja elmondta, hogy a j\u00f6v\u0151ben a haj\u00f3 m\u0171szaki fel\u00faj\u00edt\u00e1sa mellett folytat\u00f3dni fognak a mosd\u00f3k \u00e9s burkolatok eszt\u00e9tikai munk\u00e1latai is. A tervek szerint az orrsug\u00e1r korm\u00e1ny ki\u00e9p\u00edt\u00e9se is a k\u00f6vetkez\u0151 \u00e9vekben v\u00e1rhat\u00f3, valamint sor ker\u00fcl majd a seg\u00e9dg\u00e9p, tart\u00e1lyok \u00e9s cs\u0151vezet\u00e9kek cser\u00e9j\u00e9re is. Emellett a hajt\u00e1s \u00e9s korm\u00e1nyrendszer is meg\u00fajul majd.<br \/>A J\u00f3kai g\u0151z\u00fczem\u0171 haj\u00f3t a II. vil\u00e1gh\u00e1bor\u00fa idej\u00e9n, 1945. m\u00e1rcius\u00e1ban a balatonf\u00fcredi kik\u00f6t\u0151ben felrobbantott\u00e1k. A Balatonb\u00f3l 1946-ban emelt\u00e9k ki, majd 1948-ban \u00fajra m\u0171k\u00f6d\u00e9sbe helyezt\u00e9k. K\u00e9s\u0151bb, 1963-ban \u00e1talak\u00edtott\u00e1k motorhaj\u00f3v\u00e1, majd 1964-ben fel\u00faj\u00edtott\u00e1k. A J\u00f3kai 1980-ban \u00e1tker\u00fclt a Tisz\u00e1ra, ahol a Vanyolai Haj\u00f3z\u00e1si Kft. v\u00e1s\u00e1rolta meg. A haj\u00f3t 1998-99-ben \u00fajra fel\u00faj\u00edtott\u00e1k, majd 2000-ben \u00e1thaj\u00f3ztak vele a Dun\u00e1ra, de csak 2002-ben \u00e9rkezett vissza a Balatonra, k\u00f6z\u00faton az akkori v\u00edz\u00e1ll\u00e1s miatt. 2003-t\u00f3l kezdve \u00e1llt hivatalosan szolg\u00e1latba Balatonf\u00fcreden.<\/p>\n<p>A Balatoni Haj\u00f3z\u00e1si Zrt. (BAHART) 2023 v\u00e9g\u00e9n visszanyerte a J\u00f3kai haj\u00f3 tulajdonjog\u00e1t, amely most az egys\u00e9ges nosztalgiahaj\u00f3-flotta tagja lett. Az 1913-ban v\u00edzre bocs\u00e1tott, 32 m\u00e9ter hossz\u00fa g\u0151zhaj\u00f3t Balatonf\u00fcreden lehet majd l\u00e1tni, ahol s\u00e9tahaj\u00f3k\u00e9nt \u00fczemel majd. A j\u00f6v\u0151ben tov\u00e1bbi m\u0171szaki \u00e9s eszt\u00e9tikai fel\u00faj\u00edt\u00e1sa is v\u00e1rhat\u00f3, valamint a teljes flotta ig\u00e9nybe vehet\u0151 lesz rendezv\u00e9nyekre is<\/div>\n","protected":false},"excerpt":{"rendered":"<p>A BAHART 2023 v\u00e9g\u00e9n visszakapta a J\u00f3kai haj\u00f3t, mely csatlakozott a nosztalgiahaj\u00f3-flott\u00e1hoz. A 32 m\u00e9teres g\u0151zhaj\u00f3t Balatonf\u00fcreden l\u00e1thatjuk majd <\/p>\n","protected":false},"author":4,"featured_media":705,"comment_status":"closed","ping_status":"open","sticky":false,"template":"","format":"standard","meta":{"footnotes":""},"categories":[82],"tags":[],"aioseo_notices":[],"_links":{"self":[{"href":"https:\/\/blog.waterlanes.eu\/hu\/wp-json\/wp\/v2\/posts\/704"}],"collection":[{"href":"https:\/\/blog.waterlanes.eu\/hu\/wp-json\/wp\/v2\/posts"}],"about":[{"href":"https:\/\/blog.waterlanes.eu\/hu\/wp-json\/wp\/v2\/types\/post"}],"author":[{"embeddable":true,"href":"https:\/\/blog.waterlanes.eu\/hu\/wp-json\/wp\/v2\/users\/4"}],"replies":[{"embeddable":true,"href":"https:\/\/blog.waterlanes.eu\/hu\/wp-json\/wp\/v2\/comments?post=704"}],"version-history":[{"count":0,"href":"https:\/\/blog.waterlanes.eu\/hu\/wp-json\/wp\/v2\/posts\/704\/revisions"}],"wp:featuredmedia":[{"embeddable":true,"href":"https:\/\/blog.waterlanes.eu\/hu\/wp-json\/wp\/v2\/media\/705"}],"wp:attachment":[{"href":"https:\/\/blog.waterlanes.eu\/hu\/wp-json\/wp\/v2\/media?parent=704"}],"wp:term":[{"taxonomy":"category","embeddable":true,"href":"https:\/\/blog.waterlanes.eu\/hu\/wp-json\/wp\/v2\/categories?post=704"},{"taxonomy":"post_tag","embeddable":true,"href":"https:\/\/blog.waterlanes.eu\/hu\/wp-json\/wp\/v2\/tags?post=704"}],"curies":[{"name":"wp","href":"https:\/\/api.w.org\/{rel}","templated":true}]}}