{"id":702,"date":"2024-05-10T21:11:24","date_gmt":"2024-05-10T21:11:24","guid":{"rendered":"https:\/\/hu.waterlanes.eu\/?p=702"},"modified":"2024-05-10T21:54:05","modified_gmt":"2024-05-10T21:54:05","slug":"varazslatos-hangulat-a-balaton-partjan-paloznaki-jazzpiknik","status":"publish","type":"post","link":"https:\/\/blog.waterlanes.eu\/hu\/hirek\/varazslatos-hangulat-a-balaton-partjan-paloznaki-jazzpiknik\/","title":{"rendered":"Var\u00e1zslatos hangulat a Balaton partj\u00e1n: Paloznaki Jazzpiknik"},"content":{"rendered":"<div class=\"postie-post\">\n<h4>Az idei Paloznaki Jazzpiknik egy igazi ny\u00e1ri tal\u00e1lkoz\u00f3 lesz a Balaton partj\u00e1n, fantasztikus fell\u00e9p\u0151kkel \u00e9s felejthetetlen hangulattal. A fesztiv\u00e1lon egyar\u00e1nt helyet kapnak az elismert nemzetk\u00f6zi zen\u00e9szek \u00e9s a hazai tehets\u00e9gek is, \u00edgy mindenki megtal\u00e1lja a sz\u00e1m\u00e1ra legmegfelel\u0151bb zen\u00e9t. A pikniken emellett k\u00fcl\u00f6nleges programok v\u00e1rj\u00e1k a kisebbeket is, \u00edgy az eg\u00e9sz csal\u00e1d garant\u00e1ltan remek\u00fcl fogja \u00e9rezni mag\u00e1t.<\/h4>\n<p> Az idei Paloznaki Jazzpiknik egy igazi ny\u00e1ri tal\u00e1lkoz\u00f3 lesz a Balaton partj\u00e1n. Az esem\u00e9ny augusztus 1-j\u00e9n veszi kezdet\u00e9t k\u00e9t nagyszer\u0171 fell\u00e9p\u0151vel, Izo FitzRoy \u00e9s Anastacia. A funky zene szerelmeseinek augusztus 2-\u00e1n a The Brand New Heavies \u00e9s Tony Hadley, a Spandau Ballet egykori \u00e9nekese ny\u00fajt felejthetetlen \u00e9lm\u00e9nyt. Az est\u00e9t a Kraak &amp;amp; Smaak fergeteges koncertje z\u00e1rja. A fesztiv\u00e1l utols\u00f3 napj\u00e1n, augusztus 3-\u00e1n pedig a Son Mieux \u00e9s a Morcheeba \u00e1ll sz\u00ednpadra a sz\u0151l\u0151hegy oldal\u00e1n, az MF Robots pedig b\u00facs\u00faztatja az idei Paloznaki Jazzpikniket &#8211; t\u00e1j\u00e9koztattak a szervez\u0151k.<br \/>Paloznakon ism\u00e9t megrendez\u00e9sre ker\u00fcl a 12. alkalommal a nemzetk\u00f6zi h\u00edr\u0171 butikfesztiv\u00e1l, a Paloznaki Jazzpiknik 2024. augusztus 1-3. k\u00f6z\u00f6tt. A Balaton-felvid\u00e9ki jazzfaluban mindenki megtal\u00e1lhatja a sz\u00e1m\u00e1ra legmegfelel\u0151bb zen\u00e9t, emellett kulin\u00e1ris \u00e9lvezetek \u00e9s t\u00f6bb gener\u00e1ci\u00f3nak sz\u00f3l\u00f3 programok v\u00e1rj\u00e1k a l\u00e1togat\u00f3kat. Az augusztus els\u0151 h\u00e9tv\u00e9g\u00e9j\u00e9n tartott, legnagyobb preszt\u00edzs\u0171 fesztiv\u00e1l \u00edgy \u00fajfent otthont biztos\u00edt azoknak, akik egy felejthetetlen \u00e9lm\u00e9nyre v\u00e1gynak.<br \/>Az MOL Nagyon Balaton Nagysz\u00ednpadot a Jazzpiknik 0. napj\u00e1n Andrew J nyitja meg augusztus 1-j\u00e9n. Izo FitzRoy, a brit d\u00edva k\u00f6veti \u0151ket, aki tavaly el\u0151sz\u00f6r l\u00e9pett fel Magyarorsz\u00e1gon Veszpr\u00e9mben. A blues-soul-gospel alap\u00fa dallamait hamar megszerette a magyar k\u00f6z\u00f6ns\u00e9g, \u00e9s id\u00e9n ny\u00e1ron a Balaton-felvid\u00e9ki jazzfaluban is \u00e9rt\u0151 f\u00fclekre tal\u00e1l. A londoni zenei sz\u00ednt\u00e9r egyik legfelkapottabb csillaga harmadik st\u00fadi\u00f3albuma turn\u00e9j\u00e1n ism\u00e9t hazai k\u00f6z\u00f6ns\u00e9g el\u0151tt szerepel majd.<br \/>A cs\u00fct\u00f6rt\u00f6ki napon a karcos hang\u00fa szuperszt\u00e1r, Anastacia l\u00e9p fel. 25 \u00e9vvel ezel\u0151tt berobbant a zenei vil\u00e1gba I&#8217;m Outta Love c\u00edm\u0171 gigasl\u00e1ger\u00e9vel. Az\u00f3ta vil\u00e1gszerte t\u00f6bb mint 52 milli\u00f3 lemezt adott el \u00e9s t\u00f6bb mint 225 d\u00edjat nyert \u2013 k\u00f6zt\u00fck h\u00e1rom World Music Awards-ot. A Jazzpiknik nyit\u00f3napj\u00e1n, cs\u00fct\u00f6rt\u00f6k\u00f6n, nem csak a 2000-es \u00e9vek sl\u00e1gerei, hanem Anastacia legfrissebb dalai is elvar\u00e1zsolj\u00e1k a piknikez\u0151 k\u00f6z\u00f6ns\u00e9get. A z\u00e1r\u00f3 showban Andrew J \u00e9s Dan von Schulz DJ p\u00e1ros p\u00f6rgeti majd a lemezeket.<br \/>Augusztus 2-\u00e1n a Nagysz\u00ednpad m\u0171sor\u00e1t Jazzkov\u00e1cs L\u00e1szl\u00f3, a Jazzy R\u00e1di\u00f3 alap\u00edt\u00f3-m\u0171sorvezet\u0151je nyitja meg. Aznap este a Belau l\u00e9p sz\u00ednpadra; a du\u00f3 Kedves P\u00e9terrel \u00e9s Buz\u00e1s Kriszti\u00e1nnal az elv\u00e1gy\u00f3d\u00f3 \u00e9s \u00f6r\u00f6kk\u00e9 rem\u00e9nyteli hangulatot \u00f6tv\u00f6zi az aktu\u00e1lis elektronikus zenei alapokkal.<br \/>A The Brand New Heavies, a &#8217;90-es \u00e9vek acid jazz m\u0171faj\u00e1nak \u00fatt\u00f6r\u0151je \u00e9s a funky kir\u00e1lya, visszat\u00e9r Paloznakra augusztus 2-\u00e1n, p\u00e9ntek este. A zenekar m\u00e1r j\u00e1rt a Jazzpikniken 2019-ben, ahol hatalmas show-t hoztak a d\u0171l\u0151be vil\u00e1gh\u00edr\u0171 sl\u00e1gereikkel \u00e9s izgalmas, \u00faj\u00edt\u00f3 dallamaikkal.<br \/>Tony Hadley, a &#8217;80-as \u00e9vek pop-rock hangz\u00e1s\u00e1nak ikonikus alakja, a vil\u00e1gh\u00edr\u0171 Spandau Ballet form\u00e1ci\u00f3 \u00e9nekesek\u00e9nt v\u00e1lt ismertt\u00e9. Az egy\u00fcttes legnagyobb sl\u00e1gerei k\u00f6z\u00e9 tartozik a True, a Gold \u00e9s a Through The Barricades. Hadley p\u00e9ntek este a piknik Nagysz\u00ednpad\u00e1n l\u00e9p fel, hogy tov\u00e1bbra is leny\u0171g\u00f6zze rajong\u00f3it \u00e9s \u00faj k\u00f6z\u00f6ns\u00e9get vonzzon maga k\u00f6r\u00e9.<br \/>Kraak &amp; Smaak lesz az este szt\u00e1rvend\u00e9ge, akik az acid jazzt a house hangz\u00e1ssal \u00f6tv\u00f6zve sz\u00f3rakoztatj\u00e1k majd a k\u00f6z\u00f6ns\u00e9get. A piknikez\u0151k egykor m\u00e1r nagy sikert arattak 21-es koncertj\u00fck\u00f6n, most pedig m\u00e1sodszor t\u00e9rnek vissza a fesztiv\u00e1lra, hogy ism\u00e9t t\u00e1ncra perd\u00edts\u00e9k a k\u00f6z\u00f6ns\u00e9get.<br \/>Augusztus 3-\u00e1n a Paloznaki Jazzpiknik z\u00e1r\u00f3napj\u00e1n a DrGEB &amp;amp; NoSha, h\u00e1rom funk d\u00edva, l\u00e9p sz\u00ednpadra. A Morcheeba koncertje k\u00f6vetkezik szombaton este, akiknek sikere k\u00f6zel 30 \u00e9ve t\u00f6retlen, zen\u00e9j\u00fck lounge, dub, trip-hop, blues \u00e9s downtempo elemeket \u00f6tv\u00f6z. Az egy\u00fcttes a &#8217;90-es \u00e9vek k\u00f6zep\u00e9n alakult Nagy-Britanni\u00e1ban.<br \/>Az MF Robots utols\u00f3 koncertj\u00e9n b\u00facs\u00fazik Paloznakt\u00f3l, amely h\u00e1rom napra jazzf\u0151v\u00e1ross\u00e1 v\u00e1lt. A zenekar hangjai egyed\u00fcl\u00e1ll\u00f3ak, \u00e9s a soul, az R&amp;B, a funk \u00e9s a popzene elemeket elegy\u00edtik egy energikus, \u00fajszer\u0171 hangz\u00e1ss\u00e1.<br \/>A 12. Jazzpiknik Paloznakon rendezik, ahol a legizgalmasabb magyar jazz form\u00e1ci\u00f3k \u00e9s nemzetk\u00f6zi el\u0151ad\u00f3k egyar\u00e1nt sz\u00ednpadra l\u00e9pnek. A fesztiv\u00e1l mindig nagy hangs\u00falyt fektetett a tehets\u00e9ggondoz\u00e1sra, \u00e9s id\u00e9n is sz\u00e1mos fiatalnak ny\u00edlik lehet\u0151s\u00e9ge fell\u00e9pni az intimebb hangulat\u00fa jazz-sz\u00ednpadokon.<br \/>Az idei Pikniken sz\u00e1mos hazai jazz m\u0171v\u00e9sz l\u00e9p fel a F\u00e1bi\u00e1n Juli eml\u00e9k\u00e9re \u00e1ll\u00edtott sz\u00ednpadon. A P\u00e9nzes M\u00e1t\u00e9 \u00e9s a Zseb a 51 \u00e9ves LGT lemez, a Bummm! el\u0151tt tiszteleg, \u00fajra\u00e9rtelmezve a &#8217;73-as anyagot. A felv\u00e9tel hangszerel\u00e9se val\u00f3di hangszereken \u00e9s \u00e9nekhangokon alapul, azzal a sz\u00e1nd\u00e9kkal, hogy tisztelegjen a Locomotiv GT szupergroup tagjai el\u0151tt. Az album c\u00edme Na Bummm! a 1973-as lemez \u00fajra\u00e9rtelmez\u00e9s\u00e9re utal.<br \/>A Paloznaki Jazzpiknik k\u00fcl\u00f6nd\u00edjat a Claudia Raquel Quintet nyerte el a \u201eM\u00dcPA Jazz Showcase 2024\u201d tehets\u00e9gb\u00f6rz\u00e9n. A form\u00e1ci\u00f3 zen\u00e9je a jazz \u00e9s m\u00e1s zenei ir\u00e1nyzatok f\u00fazi\u00f3j\u00e1ra \u00e9p\u00fcl, k\u00fcl\u00f6n hangs\u00fallyal a d\u00e9l-amerikai zen\u00e9re. A zenekar autentikus interpret\u00e1ci\u00f3ja \u00e9s fel\u00e9p\u00edt\u00e9se, valamint az \u00e9nekesn\u0151, Castagno Claudia st\u00edlusa mind hozz\u00e1j\u00e1rul ehhez. A fesztiv\u00e1loz\u00f3kat a kisebb sz\u00ednpadokon a jazz \u00e9s t\u00e1rsm\u0171fajainak jeles k\u00e9pvisel\u0151i var\u00e1zsolj\u00e1k el, k\u00f6zt\u00fck a Claudia Raquel Quintet is. A k\u00fcl\u00f6nd\u00edj lehet\u0151s\u00e9get biztos\u00edtott sz\u00e1mukra a fell\u00e9p\u00e9sre az idei Pikniken.<br \/>A Hangfoglal\u00f3 Programmal id\u00e9n is folytat\u00f3dik a piknikre \u00e9rkez\u0151 zenekarok szakmai egy\u00fcttm\u0171k\u00f6d\u00e9s\u00e9nek hagyom\u00e1nya. A Gorg &amp; Benzol \u201ef\u00e9linstrument\u00e1lis, f\u00e9l-\u00e9lvezhet\u0151 jazzrock tri\u00f3\u201d-k\u00e9nt mutatkozik be a rendezv\u00e9nyen.<br \/>A Symbiosis 5 zenekar tagjai instrument\u00e1lis jazzt j\u00e1tszanak, \u00e9s a Liszt Ferenc Zenem\u0171v\u00e9szeti Egyetemen \u00e9s a Bart\u00f3k B\u00e9la Konzervat\u00f3riumban tanultak. Az \u0151 2020-as megalakul\u00e1suk \u00f3ta a zenekar elnyerte a \u201eGetxo Jazz\u201d \u00e9s \u201eSibiu Jazz\u201d nemzetk\u00f6zi versenyek els\u0151 helyez\u00e9s\u00e9t, valamint a 2023-as \u201cM\u00dcPA Jazz Showcase\u201d mindk\u00e9t f\u0151d\u00edj\u00e1t. Tagjai is akt\u00edv r\u00e9sztvev\u0151i a magyar jazz\u00e9letnek.<br \/>A P\u00e1lmai Panna &#8211; Ol\u00e1h Kriszti\u00e1n du\u00f3 l\u00e9p fel az idei pikniken, akik a hazai jazz szc\u00e9na k\u00e9t kiemelked\u0151 alakja. Bar\u00e1ts\u00e1guk t\u00f6bb \u00e9vre ny\u00falik vissza, \u00e9s az elm\u00falt id\u0151szakban t\u00f6bb k\u00f6z\u00f6s projektben dolgoztak egy\u00fctt. Du\u00f3juk a lehet\u0151 legszabadabban, m\u0171faji korl\u00e1tok n\u00e9lk\u00fcl igyekszik \u00fajra\u00e9rtelmezni ezt a klasszikus fel\u00e1ll\u00e1st.<br \/>A Jazzpiknik bevezette a \u201ekisfeln\u0151tt\u201d jegyet a 2024-es fesztiv\u00e1lra, hogy a 14 \u00e9s 23 \u00e9v k\u00f6z\u00f6tti fiatalok sz\u00e1m\u00e1ra kedvezm\u00e9nyes bel\u00e9p\u00e9st biztos\u00edtson. A szervez\u0151k ezzel szeretn\u00e9k megh\u00edvni a fiatalabb gener\u00e1ci\u00f3t a soksz\u00edn\u0171 lineupban val\u00f3 r\u00e9szv\u00e9telre, \u00e9s n\u00e9pszer\u0171s\u00edteni a kisfeln\u0151ttek k\u00f6r\u00e9ben a min\u0151s\u00e9gi fesztiv\u00e1loz\u00e1s \u00e9lm\u00e9ny\u00e9t megfizethet\u0151 jegy\u00e1rakkal.<br \/>Az idei Jazzpiknik folytatja az Egy\u00fctt az Autist\u00e1k\u00e9rt Alap\u00edtv\u00e1nnyal val\u00f3 egy\u00fcttm\u0171k\u00f6d\u00e9st. Az elm\u00falt \u00e9vekben m\u00e1r tal\u00e1lkoz\u00e1si pontt\u00e1 v\u00e1lt a nagy k\u00e9k sz\u00edv install\u00e1ci\u00f3, ahol a fesztiv\u00e1loz\u00f3k \u00fczenhetnek az autizmussal \u00e9l\u0151knek. Az alap\u00edtv\u00e1ny id\u00e9n egy \u00fajdons\u00e1ggal is k\u00e9sz\u00fcl: a sz\u00edv install\u00e1ci\u00f3n\u00e1l k\u00e9sz\u00fclt fot\u00f3kat QR-k\u00f3d seg\u00edts\u00e9g\u00e9vel felt\u00f6lthetik a fesztiv\u00e1loz\u00f3k egy weboldalra. Az uploaded k\u00e9pekb\u0151l a MOL Nagyon Balaton Nagysz\u00ednpadon sz\u00edv form\u00e1j\u00e1ban l\u00e1thatj\u00e1k majd magukat. Minden felt\u00f6lt\u00f6tt fot\u00f3 ut\u00e1n az Alap\u00edtv\u00e1ny 1000 forintot kap, melyet az Autista Mintah\u00e1z &#8211; Diagnosztikai \u00e9s Ter\u00e1pi\u00e1s Centrum m\u0171k\u00f6dtet\u00e9s\u00e9nek t\u00e1mogat\u00e1s\u00e1ra ford\u00edt. A Jazzpiknik \u00e9vente t\u00e1mogatja a r\u00e1szorul\u00f3kat a bev\u00e9tel\u00e9nek egy r\u00e9sz\u00e9vel.<br \/>F\u00e1bi\u00e1n Juli eml\u00e9ke fontos volt mindig is a piknik \u00e9let\u00e9ben. Az idei \u00e9vben, egy zen\u00e9szeket t\u00e1mogat\u00f3 aukci\u00f3 keret\u00e9ben, a F\u00e1bi\u00e1n Juli Eml\u00e9kalap\u00edtv\u00e1nnyal egy\u00fcttm\u0171k\u00f6dve rendeznek k\u00fcl\u00f6nleges esem\u00e9nyt. 2024 j\u00falius 14-\u00e9n a Magyar Zene H\u00e1z\u00e1ban aukci\u00f3n ker\u00fclnek F\u00e1bi\u00e1n Juli szem\u00e9lyes t\u00e1rgyai, \u00e9kszerei, \u00e9s gy\u0171jtem\u00e9nyei. Emellett gy\u0171jtenek relikvi\u00e1kat hazai \u00e9s nemzetk\u00f6zi el\u0151ad\u00f3kt\u00f3l az aukci\u00f3hoz. A fesztiv\u00e1l mindig eml\u00e9kezik m\u00fazs\u00e1j\u00e1ra, \u00e9s Juli szem\u00e9lyis\u00e9ge tov\u00e1bbra is r\u00e9sze marad az esem\u00e9nynek.<br \/>Az idei Jazzpikniken k\u00fcl\u00f6nleges programokkal v\u00e1rj\u00e1k a kisebbeket. A Gyermekudvarban a Z\u00f6ld\u00f6vezet T\u00e1rsul\u00e1s \u00f6nfenntart\u00f3 standj\u00e1n \u00e9rz\u00e9keny\u00edt\u0151 j\u00e1t\u00e9kok lesznek. A Betonka workshopj\u00e1n betonb\u00f3l k\u00e9sz\u00fclt szuven\u00edrt\u00e1rgyakat lehet d\u00edsz\u00edteni. A Bethesda Gyermekk\u00f3rh\u00e1z kitelep\u00fcl\u00e9s\u00e9n pedig a gyerekek j\u00e1t\u00e9kos m\u00f3don kaphatnak eg\u00e9szs\u00e9g\u00fcgyi ismeretterjeszt\u00e9st. A Nagysz\u00ednpad melletti Gyerekr\u00e9ten id\u00e9n is a J\u00e1t\u00e9kos Tudom\u00e1ny fogja invit\u00e1lja kreat\u00edv, edukat\u00edv j\u00e1t\u00e9kokokra a kicsiket.<\/p>\n<p>Az idei Paloznaki Jazzpikniken h\u00e1rom napig tart\u00f3 fesztiv\u00e1l v\u00e1rja a l\u00e1togat\u00f3kat a Balaton partj\u00e1n. A k\u00fcl\u00f6nleges programok mellett olyan vil\u00e1gh\u00edr\u0171 el\u0151ad\u00f3k l\u00e9pnek fel, mint Izo FitzRoy, Anastacia, The Brand New Heavies \u00e9s Tony Hadley. A rendezv\u00e9nyen k\u00fcl\u00f6n figyelmet kapnak a fiatalok \u00e9s az autizmussal \u00e9l\u0151k, valamint eml\u00e9keznek F\u00e1bi\u00e1n Juli szem\u00e9lyis\u00e9g\u00e9re \u00e9s zen\u00e9j\u00e9re is<\/div>\n","protected":false},"excerpt":{"rendered":"<p>Az idei Paloznaki Jazzpikniken h\u00e1rom napig tart\u00f3 fesztiv\u00e1l Balaton partj\u00e1n. Vil\u00e1gh\u00edr\u0171 el\u0151ad\u00f3k, fiatalok \u00e9s autizmussal \u00e9l\u0151k is r\u00e9szt vesznek. <\/p>\n","protected":false},"author":4,"featured_media":703,"comment_status":"closed","ping_status":"open","sticky":false,"template":"","format":"standard","meta":{"footnotes":""},"categories":[82],"tags":[],"aioseo_notices":[],"_links":{"self":[{"href":"https:\/\/blog.waterlanes.eu\/hu\/wp-json\/wp\/v2\/posts\/702"}],"collection":[{"href":"https:\/\/blog.waterlanes.eu\/hu\/wp-json\/wp\/v2\/posts"}],"about":[{"href":"https:\/\/blog.waterlanes.eu\/hu\/wp-json\/wp\/v2\/types\/post"}],"author":[{"embeddable":true,"href":"https:\/\/blog.waterlanes.eu\/hu\/wp-json\/wp\/v2\/users\/4"}],"replies":[{"embeddable":true,"href":"https:\/\/blog.waterlanes.eu\/hu\/wp-json\/wp\/v2\/comments?post=702"}],"version-history":[{"count":0,"href":"https:\/\/blog.waterlanes.eu\/hu\/wp-json\/wp\/v2\/posts\/702\/revisions"}],"wp:featuredmedia":[{"embeddable":true,"href":"https:\/\/blog.waterlanes.eu\/hu\/wp-json\/wp\/v2\/media\/703"}],"wp:attachment":[{"href":"https:\/\/blog.waterlanes.eu\/hu\/wp-json\/wp\/v2\/media?parent=702"}],"wp:term":[{"taxonomy":"category","embeddable":true,"href":"https:\/\/blog.waterlanes.eu\/hu\/wp-json\/wp\/v2\/categories?post=702"},{"taxonomy":"post_tag","embeddable":true,"href":"https:\/\/blog.waterlanes.eu\/hu\/wp-json\/wp\/v2\/tags?post=702"}],"curies":[{"name":"wp","href":"https:\/\/api.w.org\/{rel}","templated":true}]}}