{"id":700,"date":"2024-05-06T21:10:32","date_gmt":"2024-05-06T21:10:32","guid":{"rendered":"https:\/\/hu.waterlanes.eu\/?p=700"},"modified":"2024-05-06T23:01:30","modified_gmt":"2024-05-06T23:01:30","slug":"csopak-muveszeti-es-torteneti-kincsei","status":"publish","type":"post","link":"https:\/\/blog.waterlanes.eu\/hu\/hirek\/csopak-muveszeti-es-torteneti-kincsei\/","title":{"rendered":"Csopak m\u0171v\u00e9szeti \u00e9s t\u00f6rt\u00e9neti kincsei"},"content":{"rendered":"<div class=\"postie-post\">\n<h4>Csopak, a Balaton partj\u00e1n fekv\u0151 alig k\u00e9tezer f\u0151s telep\u00fcl\u00e9s, \u00e9p\u00edt\u00e9szeti \u00e9s m\u0171v\u00e9szett\u00f6rt\u00e9neti szempontb\u00f3l rendk\u00edv\u00fcl \u00e9rdekes l\u00e1tv\u00e1nyoss\u00e1gokat k\u00edn\u00e1l, mint p\u00e9ld\u00e1ul az \u00c1rp\u00e1d-kori templom, a modern r\u00f3mai katolikus templom t\u0171zzom\u00e1nc olt\u00e1rk\u00e9pe \u00e9s a Ranolder-kast\u00e9ly. A telep\u00fcl\u00e9sen tal\u00e1lhat\u00f3 vill\u00e1k \u00e9s nyaral\u00f3k is meg\u00e9rnek egy s\u00e9t\u00e1t, hogy felfedezz\u00fck \u0151ket. A L\u00e1nch\u00edd k\u00e9t fel\u00faj\u00edtott kandel\u00e1bere is \u00e9rdekes l\u00e1tv\u00e1nyt ny\u00fajt, ahol a Kossuth-c\u00edmer \u00e9s a Szent Korona mellett a Vas\u00f6nt\u00f6de \u00e9s G\u00e9pgy\u00e1r NV neve is l\u00e1that\u00f3.<\/h4>\n<p> A Balaton-part mind\u00f6ssze n\u00e9h\u00e1ny m\u00e9terre van t\u0151l\u00fck.<br \/>Csopak, az alig k\u00e9tezer f\u0151s telep\u00fcl\u00e9s a Balaton partj\u00e1n, \u00e9p\u00edt\u00e9szeti \u00e9s m\u0171v\u00e9szett\u00f6rt\u00e9neti szempontb\u00f3l rendk\u00edv\u00fcl \u00e9rdekes. Az itt tal\u00e1lhat\u00f3 \u00c1rp\u00e1d-kori templom, a modern r\u00f3mai katolikus templom t\u0171zzom\u00e1nc olt\u00e1rk\u00e9pe \u00e9s a Ranolder-kast\u00e9ly mind leny\u0171g\u00f6z\u0151 l\u00e1tv\u00e1nyoss\u00e1gok. Emellett a telep\u00fcl\u00e9sen tal\u00e1lhat\u00f3 vill\u00e1kr\u00f3l \u00e9s nyaral\u00f3kr\u00f3l m\u00e9g sz\u00f3t sem ejtett\u00fcnk. \u00c9rdemes v\u00e9gigs\u00e9t\u00e1lni Csopakon, hogy mindezeket felfedezz\u00fck.<br \/>A L\u00e1nch\u00edd k\u00e9t kandel\u00e1bere, amelyeket nemr\u00e9g fel\u00faj\u00edtottak, most a part k\u00f6zel\u00e9ben tal\u00e1lhat\u00f3. Az elem a l\u00e1tv\u00e1nyoss\u00e1gok list\u00e1j\u00e1nak leg\u00fajabb hozz\u00e1ad\u00e1sa, miut\u00e1n azokat 1849. november 20-\u00e1n helyezt\u00e9k el.<br \/>A p\u00e9ld\u00e1nyok nem eredeti r\u00e9szei a 175 \u00e9ves strukt\u00far\u00e1nak, mivel felrobbant\u00e1s\u00e1t k\u00f6vet\u0151en, 1947 \u0151sz\u00e9n indult \u00fajj\u00e1\u00e9p\u00edt\u00e9si munk\u00e1k sor\u00e1n k\u00e9sz\u00fcltek. A n\u00e9gy oldalukon a Kossuth-c\u00edmer \u00e9s a Szent Korona l\u00e1that\u00f3, valamint \u00e9les szem\u0171 megfigyel\u0151k felfedezhetik a Vas\u00f6nt\u00f6de \u00e9s G\u00e9pgy\u00e1r NV (Nemzeti V\u00e1llalat) nev\u00e9t.<\/p>\n<p>A Csopakon tal\u00e1lhat\u00f3 \u00e9p\u00edt\u00e9szeti \u00e9s m\u0171v\u00e9szett\u00f6rt\u00e9neti \u00e9rdekess\u00e9gek k\u00f6z\u00e9 tartozik t\u00f6bbek k\u00f6z\u00f6tt az \u00c1rp\u00e1d-kori templom, a modern r\u00f3mai katolikus templom t\u0171zzom\u00e1nc olt\u00e1rk\u00e9pe, valamint a Ranolder-kast\u00e9ly. A telep\u00fcl\u00e9sen tal\u00e1lhat\u00f3 vill\u00e1k \u00e9s nyaral\u00f3k is \u00e9rdemesek a felfedez\u00e9sre. A Balaton-part k\u00f6zel\u00e9ben tal\u00e1lhat\u00f3 L\u00e1nch\u00edd k\u00e9t kandel\u00e1bere 1849-ben ker\u00fclt elhelyez\u00e9sre, b\u00e1r eredeti r\u00e9szei m\u00e1r nem azok, ugyanis 1947-ben \u00fajj\u00e1\u00e9p\u00edtett\u00e9k \u0151ket<\/div>\n","protected":false},"excerpt":{"rendered":"<p>Csopakon tal\u00e1lhat\u00f3 \u00c1rp\u00e1d-kori templom, modern katolikus templom olt\u00e1rk\u00e9pe, Ranolder-kast\u00e9ly. A telep\u00fcl\u00e9sen vill\u00e1k, nyaral\u00f3k. A Balaton-part k\u00f6zel\u00e9ben L\u00e1nch\u00edd kandel\u00e1bere 1849-ben, de 1947-ben \u00fajj\u00e1\u00e9p\u00edtett\u00e9k. <\/p>\n","protected":false},"author":4,"featured_media":701,"comment_status":"closed","ping_status":"open","sticky":false,"template":"","format":"standard","meta":{"footnotes":""},"categories":[82],"tags":[],"aioseo_notices":[],"_links":{"self":[{"href":"https:\/\/blog.waterlanes.eu\/hu\/wp-json\/wp\/v2\/posts\/700"}],"collection":[{"href":"https:\/\/blog.waterlanes.eu\/hu\/wp-json\/wp\/v2\/posts"}],"about":[{"href":"https:\/\/blog.waterlanes.eu\/hu\/wp-json\/wp\/v2\/types\/post"}],"author":[{"embeddable":true,"href":"https:\/\/blog.waterlanes.eu\/hu\/wp-json\/wp\/v2\/users\/4"}],"replies":[{"embeddable":true,"href":"https:\/\/blog.waterlanes.eu\/hu\/wp-json\/wp\/v2\/comments?post=700"}],"version-history":[{"count":0,"href":"https:\/\/blog.waterlanes.eu\/hu\/wp-json\/wp\/v2\/posts\/700\/revisions"}],"wp:featuredmedia":[{"embeddable":true,"href":"https:\/\/blog.waterlanes.eu\/hu\/wp-json\/wp\/v2\/media\/701"}],"wp:attachment":[{"href":"https:\/\/blog.waterlanes.eu\/hu\/wp-json\/wp\/v2\/media?parent=700"}],"wp:term":[{"taxonomy":"category","embeddable":true,"href":"https:\/\/blog.waterlanes.eu\/hu\/wp-json\/wp\/v2\/categories?post=700"},{"taxonomy":"post_tag","embeddable":true,"href":"https:\/\/blog.waterlanes.eu\/hu\/wp-json\/wp\/v2\/tags?post=700"}],"curies":[{"name":"wp","href":"https:\/\/api.w.org\/{rel}","templated":true}]}}