{"id":696,"date":"2024-04-28T21:10:37","date_gmt":"2024-04-28T21:10:37","guid":{"rendered":"https:\/\/hu.waterlanes.eu\/?p=696"},"modified":"2024-04-28T22:22:50","modified_gmt":"2024-04-28T22:22:50","slug":"fedezd-fel-magyarorszag-legszebb-kerekparutjait","status":"publish","type":"post","link":"https:\/\/blog.waterlanes.eu\/hu\/hirek\/fedezd-fel-magyarorszag-legszebb-kerekparutjait\/","title":{"rendered":"Fedezd fel Magyarorsz\u00e1g legszebb ker\u00e9kp\u00e1r\u00fatjait!"},"content":{"rendered":"<div class=\"postie-post\">\n<h4>Az \u00c9v Ker\u00e9kp\u00e1r\u00fatja c\u00edm\u00e9rt foly\u00f3 versenyen a legizgalmasabb \u00fatvonalak ker\u00fclnek a ker\u00e9kp\u00e1rosok bakancslist\u00e1j\u00e1ra. Az \u00e9p\u00edtett \u00f6r\u00f6ks\u00e9g \u00e9s a term\u00e9szet csod\u00e1ir\u00f3l sz\u00f3l\u00f3 l\u00e1tnival\u00f3k mellett a biztons\u00e1gos \u00e9s min\u0151s\u00e9gi \u00fattest is fontos szerepet kapnak. A p\u00e1ly\u00e1zat c\u00e9lja, hogy n\u00e9pszer\u0171s\u00edtse a vonz\u00f3 ker\u00e9kp\u00e1ros c\u00e9lpontokat \u00e9s r\u00e1\u00e9bressze az embereket a bicikliz\u00e9s \u00f6r\u00f6meire.<\/h4>\n<p> Az \u00e9v kedvenc ker\u00e9kp\u00e1r\u00fatj\u00e1t id\u00e9n is k\u00f6z\u00f6ns\u00e9gszavaz\u00e1s d\u00f6nti el. Egy szakmai zs\u0171ri v\u00e1lasztotta ki az 11 jel\u00f6ltet, amelyre \u00e1prilis 24-ig lehet szavazni az Akt\u00edv Magyarorsz\u00e1g Facebook oldal\u00e1n. A legt\u00f6bb szavazatot kap\u00f3 bringautat fogj\u00e1k kihirdetni a verseny szervez\u0151i. A K\u00f6zleked\u00e9si Kult\u00fara Napja rendezv\u00e9nysorozat keret\u00e9ben t\u00f6bb tucat aj\u00e1nl\u00e1s \u00e9rkezett a KTE K\u00f6zleked\u00e9sbiztons\u00e1gi Tagozata, az Akt\u00edv Magyarorsz\u00e1g, az Akt\u00edv- \u00e9s \u00d6koturisztikai Fejleszt\u00e9si K\u00f6zpont, a Magyar Ker\u00e9kp\u00e1ros Turisztikai Sz\u00f6vets\u00e9g, a Magyar K\u00f6z\u00fat Nonprofit Zrt. \u00e9s a Magyar Ker\u00e9kp\u00e1rosklub p\u00e1ly\u00e1zat\u00e1ra m\u00e1rcius 1-13. k\u00f6z\u00f6tt.<br \/>Az \u00c9v Ker\u00e9kp\u00e1r\u00fatja c\u00edm\u00e9rt foly\u00f3 versenyen a legizgalmasabb \u00fatvonal a bakancslist\u00e1j\u00e1ra t\u0171zi a ker\u00e9kp\u00e1rosokat. Az \u00fatvonalak k\u00f6z\u00fcl mindegyik \u00e9rdekes l\u00e1tnival\u00f3kat k\u00edn\u00e1l, legyen sz\u00f3 \u00e9p\u00edtett \u00f6r\u00f6ks\u00e9gr\u0151l vagy a term\u00e9szet csod\u00e1ir\u00f3l. Az eml\u00e9kezetes ker\u00e9kp\u00e1roz\u00e1shoz elengedhetetlen a megfelel\u0151 min\u0151s\u00e9g\u0171 \u00e9s biztons\u00e1gos \u00fattest. A p\u00e1ly\u00e1zat c\u00e9lja, hogy n\u00e9pszer\u0171s\u00edtse a vonz\u00f3 ker\u00e9kp\u00e1ros c\u00e9lpontokat, ez\u00e1ltal \u00f6szt\u00f6n\u00f6zve az embereket arra, hogy biciklire pattanva felfedezz\u00e9k haz\u00e1nk t\u00e1jait. Emellett a kamp\u00e1ny hangs\u00falyozza, hogy az utak \u00e9p\u00edt\u00e9se, karbantart\u00e1sa \u00e9s fejleszt\u00e9se folyamatos \u00e9s fontos munka.<br \/>A ker\u00e9kp\u00e1rutak \u00e9lm\u00e9nyeket ny\u00fajtanak, ha mindenki biztons\u00e1gosan k\u00f6zlekedik \u00e9s betartja a KRESZ szab\u00e1lyait. A K\u00f6zleked\u00e9si Kult\u00fara Napja \u00e9s kamp\u00e1nya hangs\u00falyozza, hogy fontos a k\u00f6zleked\u00e9s minden r\u00e9sztvev\u0151j\u00e9re figyelni.<br \/>\u00c1prilis 24-\u00e9jf\u00e9lig lehet szavazni az \u00c9v Ker\u00e9kp\u00e1r\u00fatj\u00e1ra az Akt\u00edv Magyarorsz\u00e1g Facebook-oldal\u00e1n. A 2020-as nyertes a Tatab\u00e1nya \u00e9s Tata k\u00f6z\u00f6tti \u00fatvonal volt, m\u00edg 2021-ben a Poroszl\u00f3 \u00e9s Tiszaf\u00fcred k\u00f6z\u00f6tti ker\u00e9kp\u00e1ros hidakon vezet\u0151 vonal nyerte el a k\u00f6z\u00f6ns\u00e9g sz\u00edv\u00e9t. A 2022-es gy\u0151ztes pedig a Deseda-tavat megker\u00fcl\u0151 ker\u00e9kp\u00e1r\u00fat lett. A tavalyi \u00e9vben pedig a B\u00e9k\u00e9scsaba k\u00f6r\u00fcl fut\u00f3 Wenckheim ker\u00e9kp\u00e1r\u00fat kapta az elismer\u00e9st.<br \/>Szavazni lehet az al\u00e1bbi tizenegy ker\u00e9kp\u00e1r\u00fatra.<br \/>Az idei \u00e9vben \u00e1prilis 25-\u00e9n hirdetik ki a v\u00e9geredm\u00e9nyt az \u00c9v Ker\u00e9kp\u00e1r\u00fatja p\u00e1ly\u00e1zatr\u00f3l. Az \u00fcnnep\u00e9lyes \u00e1tad\u00f3ra pedig hasonl\u00f3an a kor\u00e1bbi \u00e9vekhez m\u00e1jus 11-\u00e9n, a K\u00f6zleked\u00e9si Kult\u00fara Napj\u00e1n ker\u00fcl sor. A K\u00f6zleked\u00e9studom\u00e1nyi Egyes\u00fclet 2015 \u00f3ta szervezi ezt a napot az \u00c9p\u00edt\u00e9si \u00e9s K\u00f6zleked\u00e9si Miniszt\u00e9rium t\u00e1mogat\u00e1s\u00e1val, hogy felh\u00edvja a figyelmet a biztons\u00e1gos \u00e9s kultur\u00e1lt k\u00f6zleked\u00e9s fontoss\u00e1g\u00e1ra. A K\u00f6zleked\u00e9si Kult\u00fara Napja keret\u00e9ben megrendezett esem\u00e9ny r\u00e9sze az \u00c9v Ker\u00e9kp\u00e1r\u00fatja p\u00e1ly\u00e1zat is.<\/p>\n<p>Az \u00c9v Ker\u00e9kp\u00e1r\u00fatja c\u00edm\u00e9rt foly\u00f3 versenyt id\u00e9n is k\u00f6z\u00f6ns\u00e9gszavaz\u00e1s d\u00f6ntheti el, melyre \u00e1prilis 24-ig lehet szavazni az Akt\u00edv Magyarorsz\u00e1g Facebook oldal\u00e1n. A p\u00e1ly\u00e1zat c\u00e9lja, hogy n\u00e9pszer\u0171s\u00edtse a vonz\u00f3 ker\u00e9kp\u00e1ros c\u00e9lpontokat \u00e9s \u00f6szt\u00f6n\u00f6zze az embereket a hazai t\u00e1jak felfedez\u00e9s\u00e9re. Az El\u0151z\u0151 \u00e9vek gy\u0151ztes \u00fatvonalai k\u00f6z\u00e9 tartoznak p\u00e9ld\u00e1ul a Poroszl\u00f3 \u00e9s Tiszaf\u00fcred k\u00f6z\u00f6tti hidakon vezet\u0151 vonal vagy a B\u00e9k\u00e9scsaba k\u00f6r\u00fcli Wenckheim ker\u00e9kp\u00e1r\u00fat<\/div>\n","protected":false},"excerpt":{"rendered":"<p>Az \u00c9v Ker\u00e9kp\u00e1r\u00fatja c\u00edm\u00e9t k\u00f6z\u00f6ns\u00e9gszavaz\u00e1s d\u00f6nti el. Szavazni az Akt\u00edv Magyarorsz\u00e1g Facebook oldal\u00e1n \u00e1prilis 24-ig lehet. C\u00e9l: n\u00e9pszer\u0171s\u00edteni ker\u00e9kp\u00e1ros c\u00e9lpontokat \u00e9s \u00f6szt\u00f6n\u00f6zni a hazai t\u00e1jak felfedez\u00e9s\u00e9re. Gy\u0151ztesek: Poroszl\u00f3-Tiszaf\u00fcred k\u00f6z\u00f6tti hidak, B\u00e9k\u00e9scsaba Wenckheim ker\u00e9kp\u00e1r\u00fat. <\/p>\n","protected":false},"author":4,"featured_media":697,"comment_status":"closed","ping_status":"open","sticky":false,"template":"","format":"standard","meta":{"footnotes":""},"categories":[82],"tags":[],"aioseo_notices":[],"_links":{"self":[{"href":"https:\/\/blog.waterlanes.eu\/hu\/wp-json\/wp\/v2\/posts\/696"}],"collection":[{"href":"https:\/\/blog.waterlanes.eu\/hu\/wp-json\/wp\/v2\/posts"}],"about":[{"href":"https:\/\/blog.waterlanes.eu\/hu\/wp-json\/wp\/v2\/types\/post"}],"author":[{"embeddable":true,"href":"https:\/\/blog.waterlanes.eu\/hu\/wp-json\/wp\/v2\/users\/4"}],"replies":[{"embeddable":true,"href":"https:\/\/blog.waterlanes.eu\/hu\/wp-json\/wp\/v2\/comments?post=696"}],"version-history":[{"count":0,"href":"https:\/\/blog.waterlanes.eu\/hu\/wp-json\/wp\/v2\/posts\/696\/revisions"}],"wp:featuredmedia":[{"embeddable":true,"href":"https:\/\/blog.waterlanes.eu\/hu\/wp-json\/wp\/v2\/media\/697"}],"wp:attachment":[{"href":"https:\/\/blog.waterlanes.eu\/hu\/wp-json\/wp\/v2\/media?parent=696"}],"wp:term":[{"taxonomy":"category","embeddable":true,"href":"https:\/\/blog.waterlanes.eu\/hu\/wp-json\/wp\/v2\/categories?post=696"},{"taxonomy":"post_tag","embeddable":true,"href":"https:\/\/blog.waterlanes.eu\/hu\/wp-json\/wp\/v2\/tags?post=696"}],"curies":[{"name":"wp","href":"https:\/\/api.w.org\/{rel}","templated":true}]}}