{"id":694,"date":"2024-04-24T21:11:01","date_gmt":"2024-04-24T21:11:01","guid":{"rendered":"https:\/\/hu.waterlanes.eu\/?p=694"},"modified":"2024-04-24T21:46:36","modified_gmt":"2024-04-24T21:46:36","slug":"a-siofok-es-a-debreceni-egyetem-kozotti-egyuttmukodes","status":"publish","type":"post","link":"https:\/\/blog.waterlanes.eu\/hu\/hirek\/a-siofok-es-a-debreceni-egyetem-kozotti-egyuttmukodes\/","title":{"rendered":"A Si\u00f3fok \u00e9s a Debreceni Egyetem k\u00f6z\u00f6tti egy\u00fcttm\u0171k\u00f6d\u00e9s"},"content":{"rendered":"<div class=\"postie-post\">\n<h4>Si\u00f3fok \u00e9s a Debreceni Egyetem k\u00f6z\u00f6tti meg\u00e1llapod\u00e1s lehet\u0151v\u00e9 teszi, hogy az itt tal\u00e1lhat\u00f3 volt sz\u00e1llod\u00e1kat fels\u0151fok\u00fa oktat\u00e1si int\u00e9zm\u00e9nyekk\u00e9 alak\u00edts\u00e1k \u00e1t. A meg\u00e1llapod\u00e1s szerint az egyetem 1 milli\u00e1rd forint \u00e9rt\u00e9k\u0171 beruh\u00e1z\u00e1st \u00e9s fejleszt\u00e9st v\u00e1llalna a v\u00e1rosban. A polg\u00e1rmester szerint ez egy hossz\u00fa t\u00e1v\u00fa befektet\u00e9s lenne a v\u00e1ros fels\u0151oktat\u00e1si k\u00e9pz\u00e9s\u00e9nek fejleszt\u00e9s\u00e9ben.<\/h4>\n<p> Si\u00f3fok v\u00e1rosa \u00e9s a Debreceni Egyetem k\u00f6z\u00f6tti meg\u00e1llapod\u00e1s lehet\u0151v\u00e9 teszi a k\u00e9pz\u00e9s megval\u00f3s\u00edt\u00e1s\u00e1t.<br \/>Si\u00f3fok v\u00e1ros\u00e1t a Debreceni Egyetem kereste meg azzal a c\u00e9llal, hogy az itt tal\u00e1lhat\u00f3 volt sz\u00e1llod\u00e1kat fels\u0151fok\u00fa oktat\u00e1si int\u00e9zm\u00e9nyekk\u00e9 alak\u00edts\u00e1k \u00e1t. A k\u00e9pvisel\u0151-test\u00fclet okt\u00f3berben kifejezte egy\u00fcttm\u0171k\u00f6d\u00e9si sz\u00e1nd\u00e9k\u00e1t a projekttel kapcsolatban, \u00e9s javasolta, hogy az egyetem b\u00e9rleti d\u00edj fej\u00e9ben vehesse \u00e1t az ingatlanokat. A b\u00e9rleti szerz\u0151d\u00e9sben 15+5 \u00e9ves id\u0151tartam szerepel, mely alatt az egyetem 1 milli\u00e1rd forint \u00e9rt\u00e9k\u0171 beruh\u00e1z\u00e1st \u00e9s fejleszt\u00e9st v\u00e1llalna, amit a v\u00e1ros b\u00e9rleti d\u00edjk\u00e9nt sz\u00e1m\u00edthatna el. Az egyetemnek lehet\u0151s\u00e9ge lenne a szerz\u0151d\u00e9s meghosszabb\u00edt\u00e1s\u00e1ra, valamint el\u0151v\u00e1s\u00e1rl\u00e1si jogot is r\u00f6gz\u00edtettek a dokumentumban.<br \/>Az \u00fcl\u00e9sen V\u00f6lgyi Lajos p\u00e9nz\u00fcgyi bizotts\u00e1gi eln\u00f6k (Becs\u00fclettel Si\u00f3fok\u00e9rt Egyes\u00fclet) azt mondta, hogy &#8216;nem lehet \u00e9s nem is kell mindig mindent \u00fczleti szemsz\u00f6gb\u0151l n\u00e9zni&#8217;. Dr. Safar Ahmed szerint azonban a turisztikai szempontokat kellene el\u0151nyben r\u00e9szes\u00edteni \u00e9s egy\u00e9bk\u00e9nt is, 15 \u00e9v t\u00fal hossz\u00fa id\u0151 a b\u00e9rbead\u00e1sra. A test\u00fclet szakbizotts\u00e1gai k\u00f6z\u00fcl h\u00e1rom a meg\u00e1llapod\u00e1s mellett volt, m\u00edg a p\u00e9nz\u00fcgyi bizotts\u00e1g javasolta, hogy el\u0151bb \u00edrjon ki ny\u00edlt p\u00e1ly\u00e1zatot az ingatlan hasznos\u00edt\u00e1s\u00e1ra. Dr. Nagy G\u00e1bor alpolg\u00e1rmester csatlakozott V\u00f6lgyi Lajoshoz azzal \u00e9rvelve, hogy &#8222;a fiatalokba fektetett tud\u00e1s \u00e9s p\u00e9nz k\u00e9s\u0151bb kamatozik; eddig \u00e9ppen amiatt &#8216;s\u00edrtunk&#8217;, mert Si\u00f3fokr\u00f3l elmennek a fiatalok, most itt egy lehet\u0151s\u00e9g, amivel itt lehetne marasztani \u0151ket&#8221;. Vir\u00e1g Erzs\u00e9bet, az idegenforgalmi bizotts\u00e1g eln\u00f6ke, a v\u00e1rosim\u00e1zsnak is j\u00f3t tesz egy fels\u0151oktat\u00e1si int\u00e9zm\u00e9ny, ha az j\u00f3l m\u0171k\u00f6dik, \u00e9s m\u00e1r a Kodol\u00e1nyi F\u0151iskola Si\u00f3fokra ker\u00fcl\u00e9se k\u00f6r\u00fcl is &#8222;b\u00e1b\u00e1skodott&#8221; v\u00e1rosh\u00e1zi munkat\u00e1rsk\u00e9nt.<br \/>Szamosi L\u00f3r\u00e1nt, a Si\u00f3foki Szakk\u00e9pz\u00e9si Centrum kancell\u00e1rja, r\u00e9szletesen magyar\u00e1zta, mi\u00e9rt fontos az el\u0151v\u00e1s\u00e1rl\u00e1si jog a v\u00e1rosi tulajdonban l\u00e9v\u0151 ingatlanok eset\u00e9ben. A v\u00e1rosi vagyont gyarap\u00edt\u00f3 beruh\u00e1z\u00e1sr\u00f3l \u00fagy gondolja, hogy ez\u00e1ltal nincs h\u00e1tr\u00e1nyos helyzetben a v\u00e1ros. A beruh\u00e1z\u00e1s r\u00e9v\u00e9n egy jelent\u0151s egyetemi partnerrel szerz\u0151dn\u00e9nek, \u00e9s a debreceni t\u00e1rgyal\u00e1s sor\u00e1n meggy\u0151z\u0151dhettek a partner szakmai hozz\u00e1\u00e1ll\u00e1s\u00e1r\u00f3l. Szamosi szerint minden szempontb\u00f3l el\u0151ny\u00f6s lenne a megk\u00f6t\u00f6tt szerz\u0151d\u00e9s a v\u00e1ros sz\u00e1m\u00e1ra. Azonban ha a debreceniek nem felelnek meg a v\u00e1ros elv\u00e1r\u00e1sainak, akkor a b\u00e9rleti szerz\u0151d\u00e9st az \u00f6nkorm\u00e1nyzat felmondhatja. Szamosi r\u00e1mutat arra is, hogy Si\u00f3foknak nagy sz\u00fcks\u00e9ge van a fiatalokra, hiszen sok k\u00f6z\u00e9piskol\u00e1s elhagyja a v\u00e1rost a tanulm\u00e1nyok ut\u00e1n, \u00e9s kev\u00e9s visszat\u00e9r. Ezt a trendet pr\u00f3b\u00e1lj\u00e1k megv\u00e1ltoztatni azzal, hogy egyetemi k\u00e9pz\u00e9st hoznak a v\u00e1rosba, \u00edgy hossz\u00fa t\u00e1von a v\u00e1ros \u00e9rdeke is az lenne.<br \/>Nagy G\u00e1bor szerint elengedhetetlen, hogy Si\u00f3fok felker\u00fclj\u00f6n a fels\u0151oktat\u00e1s t\u00e9rk\u00e9p\u00e9re, mert k\u00fcl\u00f6nben nem tudna a gyerekei szem\u00e9be n\u00e9zni. Megjegyzi, hogy b\u00e1r ez \u00e1ldozatokkal j\u00e1rhat, a lehet\u0151s\u00e9get nem szabad elszalasztani.<br \/>V\u00f6lgyi Lajos \u00e9s Gencsi Attila k\u00f6z\u00f6s szerz\u0151d\u00e9s-m\u00f3dos\u00edt\u00e1si javaslatot fogalmaztak meg, mely szerint az \u00f6nkorm\u00e1nyzat sz\u00e9lesebb hat\u00e1sk\u00f6re lenne az \u00e9p\u00fcletegy\u00fcttesre ford\u00edtott \u00f6sszeg felhaszn\u00e1l\u00e1s\u00e1ban. A v\u00e1rosnak lehet\u0151s\u00e9ge lenne kontroll\u00e1lni a tervez\u00e9st\u0151l eg\u00e9szen a kivitelez\u00e9sig, bele\u00e9rtve a beruh\u00e1z\u00e1sok \u00e9s fel\u00faj\u00edt\u00e1sok ter\u00e9n is, k\u00e9pvisel\u0151-test\u00fcleti j\u00f3v\u00e1hagy\u00e1ssal. A test\u00fclet elfogadta ezt a javaslatot, \u00e9s Safar Ahmed 5 \u00e9ves szerz\u0151d\u00e9st aj\u00e1nlott, azonban dr. Moln\u00e1r Anita alpolg\u00e1rmester felh\u00edvta a figyelmet arra, hogy az egyetem csak akkor kaphatja meg az enged\u00e9lyt a si\u00f3foki campus l\u00e9trehoz\u00e1s\u00e1ra az Oktat\u00e1si Hivatalt\u00f3l, ha legal\u00e1bb 8 \u00e9ves szerz\u0151d\u00e9st k\u00f6tnek.<br \/>Dr. Lengyel R\u00f3bert polg\u00e1rmester \u00fagy v\u00e9li, hogy az egy\u00fcttm\u0171k\u00f6d\u00e9s a j\u00f6v\u0151t hozza. Az ingatlan m\u00e1r \u00e9vek \u00f3ta \u00fcres, \u00e9s sok kritikus \u00fagy gondolja, hogy semmire sem veszik haszn\u00e1lj\u00e1k, csak pusztul. A polg\u00e1rmester szerint azonban \u00e9vek m\u00falva ez lehet egy j\u00f6vedelmez\u0151 befektet\u00e9s, mely hozz\u00e1j\u00e1rulhat a v\u00e1ros fels\u0151oktat\u00e1si k\u00e9pz\u00e9s\u00e9nek fejleszt\u00e9s\u00e9hez. Az egyetem tervei szerint figyelembe fogj\u00e1k venni a v\u00e1ros ig\u00e9nyeit az \u00fajonnan ind\u00edtand\u00f3 szakok kialak\u00edt\u00e1s\u00e1ban, ez\u00e1ltal alternat\u00edv\u00e1t k\u00edn\u00e1lva a tov\u00e1bbtanul\u00f3 k\u00f6z\u00e9piskol\u00e1sok sz\u00e1m\u00e1ra. Emellett munkahelyek teremt\u00e9s\u00e9vel is hozz\u00e1j\u00e1rulhat a helyi gazdas\u00e1ghoz. Az ingatlant \u00e9vente 4 milli\u00f3 forint b\u00e9rleti d\u00edj\u00e9rt adt\u00e1k b\u00e9rbe a G\u00e1bor D\u00e9nes-nek oktat\u00e1si c\u00e9lokra. A szerz\u0151d\u00e9s biztos\u00edtja, hogy val\u00f3ban oktat\u00e1si tev\u00e9kenys\u00e9g folyik az \u00e9p\u00fcletben, \u00e9s az el\u0151v\u00e1s\u00e1rl\u00e1si jog csak abban az esetben lenne \u00e9rv\u00e9nyes, ha a v\u00e1ros el akarn\u00e1 adni az ingatlant, ami jelenleg nincs napirenden.<br \/>Az egy\u00fcttm\u0171k\u00f6d\u00e9si meg\u00e1llapod\u00e1s megk\u00f6t\u00e9s\u00e9r\u0151l a polg\u00e1rmester besz\u00e9lt, aki el\u0151zetesen Witzmann Mih\u00e1ly orsz\u00e1ggy\u0171l\u00e9si k\u00e9pvisel\u0151t is megk\u00e9rdezte, \u00e9s t\u00e1mogatta az egy\u00fcttm\u0171k\u00f6d\u00e9si meg\u00e1llapod\u00e1s megk\u00f6t\u00e9s\u00e9t. A test\u00fclet v\u00e9g\u00fcl 9 igen \u00e9s 2 nem szavazattal fogadta el.<\/p>\n<p>Si\u00f3fok v\u00e1rosa a Debreceni Egyetemmel k\u00f6t\u00f6tt meg\u00e1llapod\u00e1snak k\u00f6sz\u00f6nhet\u0151en fel\u00faj\u00edtott sz\u00e1llod\u00e1kat alak\u00edthat \u00e1t oktat\u00e1si int\u00e9zm\u00e9nyekk\u00e9. A k\u00e9pvisel\u0151-test\u00fclet okt\u00f3berben kifejezte egy\u00fcttm\u0171k\u00f6d\u00e9si sz\u00e1nd\u00e9k\u00e1t a projekttel kapcsolatban, melynek keret\u00e9ben az egyetem b\u00e9rleti d\u00edj fej\u00e9ben vehetn\u00e9 \u00e1t az ingatlanokat. A szerz\u0151d\u00e9s c\u00e9lja a v\u00e1ros fiataljainak megtart\u00e1sa \u00e9s a fels\u0151oktat\u00e1si k\u00e9pz\u00e9s fejleszt\u00e9se Si\u00f3fokon<\/div>\n","protected":false},"excerpt":{"rendered":"<p>Si\u00f3fok Debreceni Egyetemmel egy\u00fcttm\u0171k\u00f6dik sz\u00e1llod\u00e1k \u00e1talak\u00edt\u00e1s\u00e1ban oktat\u00e1si int\u00e9zm\u00e9nyekk\u00e9. A c\u00e9l: fiatalok megtart\u00e1sa \u00e9s fels\u0151oktat\u00e1s fejleszt\u00e9se. <\/p>\n","protected":false},"author":4,"featured_media":695,"comment_status":"closed","ping_status":"open","sticky":false,"template":"","format":"standard","meta":{"footnotes":""},"categories":[82],"tags":[],"aioseo_notices":[],"_links":{"self":[{"href":"https:\/\/blog.waterlanes.eu\/hu\/wp-json\/wp\/v2\/posts\/694"}],"collection":[{"href":"https:\/\/blog.waterlanes.eu\/hu\/wp-json\/wp\/v2\/posts"}],"about":[{"href":"https:\/\/blog.waterlanes.eu\/hu\/wp-json\/wp\/v2\/types\/post"}],"author":[{"embeddable":true,"href":"https:\/\/blog.waterlanes.eu\/hu\/wp-json\/wp\/v2\/users\/4"}],"replies":[{"embeddable":true,"href":"https:\/\/blog.waterlanes.eu\/hu\/wp-json\/wp\/v2\/comments?post=694"}],"version-history":[{"count":0,"href":"https:\/\/blog.waterlanes.eu\/hu\/wp-json\/wp\/v2\/posts\/694\/revisions"}],"wp:featuredmedia":[{"embeddable":true,"href":"https:\/\/blog.waterlanes.eu\/hu\/wp-json\/wp\/v2\/media\/695"}],"wp:attachment":[{"href":"https:\/\/blog.waterlanes.eu\/hu\/wp-json\/wp\/v2\/media?parent=694"}],"wp:term":[{"taxonomy":"category","embeddable":true,"href":"https:\/\/blog.waterlanes.eu\/hu\/wp-json\/wp\/v2\/categories?post=694"},{"taxonomy":"post_tag","embeddable":true,"href":"https:\/\/blog.waterlanes.eu\/hu\/wp-json\/wp\/v2\/tags?post=694"}],"curies":[{"name":"wp","href":"https:\/\/api.w.org\/{rel}","templated":true}]}}