{"id":692,"date":"2024-04-20T21:10:32","date_gmt":"2024-04-20T21:10:32","guid":{"rendered":"https:\/\/hu.waterlanes.eu\/?p=692"},"modified":"2024-04-20T22:59:19","modified_gmt":"2024-04-20T22:59:19","slug":"varazslatos-kratertavak-es-keteltuk-magyarorszag-szepsegei","status":"publish","type":"post","link":"https:\/\/blog.waterlanes.eu\/hu\/hirek\/varazslatos-kratertavak-es-keteltuk-magyarorszag-szepsegei\/","title":{"rendered":"Var\u00e1zslatos Kr\u00e1tertavak \u00e9s K\u00e9t\u00e9lt\u0171k: Magyarorsz\u00e1g Sz\u00e9ps\u00e9gei"},"content":{"rendered":"<div class=\"postie-post\">\n<h4>A Fekete-hegy k\u00f6r\u00fcl tal\u00e1lhat\u00f3 kis m\u00e9ret\u0171 kr\u00e1tertavak v\u00e1ltozatos \u00e9l\u0151vil\u00e1got biztos\u00edtanak a mocs\u00e1ri n\u00f6v\u00e9nyeknek \u00e9s k\u00e9t\u00e9lt\u0171eknek. A fot\u00f3k az orszaglato.hu oldalon \u00e9rdekes helysz\u00edneket mutatnak be Magyarorsz\u00e1gr\u00f3l, \u00e9rdemes megn\u00e9zni \u0151ket. A Fekete-hegy tavai K\u00f6vesk\u00e1l k\u00f6r\u00fcl \u2013 Bakancslist\u00e1s helyek a Balaton k\u00f6r\u00fcl, a balaton.hu oldalon olvashat\u00f3 \u00fatic\u00e9lr\u00f3l sz\u00f3l\u00f3 \u00edr\u00e1s pedig inspir\u00e1l\u00f3 lehet a term\u00e9szet szerelmeseinek.<\/h4>\n<p> A Fekete-hegy a K\u00e1li-medenc\u00e9t \u00e9szaki ir\u00e1nyb\u00f3l szeg\u00e9lyezi, melyet K\u00f6vesk\u00e1l, Balatonhenye \u00e9s Szentb\u00e9kk\u00e1lla k\u00f6r\u00fcl vesznek. A hegy k\u00f6r\u00fclbel\u00fcl hat kis m\u00e9ret\u0171 kr\u00e1tert\u00f3 tal\u00e1lhat\u00f3, melyek v\u00edz\u00e1ll\u00e1sa az adott id\u0151szak csapad\u00e9kmennyis\u00e9g\u00e9t\u0151l f\u00fcgg.<br \/>Az ilyen t\u00edpus\u00fa kr\u00e1tertavak (vagy m\u00e1s n\u00e9ven k\u0151t\u00e1lak) kialakul\u00e1sa m\u00e9g mindig rejt\u00e9ly, b\u00e1r val\u00f3sz\u00edn\u0171leg a bazaltl\u00e1va ki\u00f6ml\u00e9sekor keletkeztek olyan m\u00e9lyed\u00e9sekben, ahol a foly\u00e9kony vulkanikus anyag nem volt k\u00e9pes t\u00f6k\u00e9letesen kit\u00f6lteni. A bazalt kiv\u00e1l\u00f3 v\u00edzz\u00e1r\u00f3 k\u00e9pess\u00e9ge miatt a csapad\u00e9kv\u00edz hossz\u00fa id\u0151n kereszt\u00fcl megtart\u00f3dhatott ezeken a ter\u00fcleteken.<br \/>Az enyh\u00e9n savas, l\u00e1pi v\u00edzh\u00e1ztart\u00e1s\u00fa Bonta-t\u00f3, Bika-t\u00f3, Bark\u00e1s-t\u00f3, Monostori-t\u00f3, K\u00e1lomis-t\u00f3 \u00e9s Kett\u0151s-t\u00f3 sz\u00e1mos mocs\u00e1ri n\u00f6v\u00e9nynek ad otthont, p\u00e9ld\u00e1ul mocs\u00e1ri k\u00e1nyaf\u0171, m\u00e9telyk\u00f3r\u00f3 \u00e9s v\u00e9dett buglyos bogl\u00e1rka. A k\u00f6rnyezetnek k\u00f6sz\u00f6nhet\u0151en a mocs\u00e1ri n\u00f6v\u00e9nyzet itt vir\u00e1gzik.<br \/>Az ilyen tavak v\u00e1ltoz\u00e9kony v\u00edz\u00e1ll\u00e1sa ellen\u00e9re soksz\u00edn\u0171 \u00e9l\u0151vil\u00e1got biztos\u00edt. Kedvelt teny\u00e9sz\u0151helyek lehetnek olyan k\u00e9t\u00e9lt\u0171 popul\u00e1ci\u00f3k sz\u00e1m\u00e1ra, mint a v\u00f6r\u00f6shas\u00fa unk\u00e1k. K\u00fcl\u00f6n\u00f6sen azok a tavak alkalmasak erre, melyek csak ritk\u00e1n sz\u00e1radnak ki, \u00e9s \u00edgy lehet\u0151s\u00e9g van kisebb n\u00e1dasok kialakul\u00e1s\u00e1ra.<br \/>Az orszaglato.hu oldalon tal\u00e1lhat\u00f3 fot\u00f3k j\u00f3 min\u0151s\u00e9g\u0171ek \u00e9s \u00e9rdekesek. \u00c9rdemes megn\u00e9zni \u0151ket, mert sok \u00e9rdekes helysz\u00ednt dokument\u00e1lnak Magyarorsz\u00e1gr\u00f3l. Az oldalon sz\u00e1mos k\u00e9p tal\u00e1lhat\u00f3 k\u00fcl\u00f6nb\u00f6z\u0151 t\u00e9m\u00e1kban, \u00edgy mindenki megtal\u00e1lhatja a sz\u00e1m\u00e1ra \u00e9rdekes fot\u00f3kat. Magyarorsz\u00e1g soksz\u00edn\u0171s\u00e9g\u00e9t \u00e9s term\u00e9szeti sz\u00e9ps\u00e9geit nagyon j\u00f3l megragadj\u00e1k ezek a k\u00e9pek. \u00c9rdemes id\u0151t sz\u00e1nni arra, hogy v\u00e9gigb\u00f6ng\u00e9ssz\u00fck \u0151ket \u00e9s felfedezz\u00fck az orsz\u00e1g k\u00fcl\u00f6nleges helyeit.<br \/>A Fekete-hegy tavai K\u00f6vesk\u00e1l k\u00f6r\u00fcl \u2013 Bakancslist\u00e1s helyek a Balaton k\u00f6r\u00fcl. Az \u00fatic\u00e9lr\u00f3l sz\u00f3l\u00f3 \u00edr\u00e1s a balaton.hu oldalon olvashat\u00f3.<\/p>\n<p>A Fekete-hegy kr\u00e1tertavai k\u00fcl\u00f6nleges term\u00e9szeti k\u00e9pz\u0151dm\u00e9nyek, melyek a bazaltl\u00e1va ki\u00f6ml\u00e9sekor keletkeztek. Ezek a tavak gazdag \u00e9l\u0151vil\u00e1got k\u00edn\u00e1lnak, k\u00fcl\u00f6n\u00f6sen kedvelt teny\u00e9sz\u0151helyek a k\u00e9t\u00e9lt\u0171 popul\u00e1ci\u00f3k sz\u00e1m\u00e1ra. Az orszaglato.hu oldalon tal\u00e1lhat\u00f3 fot\u00f3k \u00e9rdekes \u00e9s sz\u00e9pek, bemutatva Magyarorsz\u00e1g term\u00e9szeti sz\u00e9ps\u00e9geit, \u00edgy \u00e9rdemes id\u0151t sz\u00e1nni arra, hogy felfedezz\u00fck az orsz\u00e1g k\u00fcl\u00f6nleges helyeit<\/div>\n","protected":false},"excerpt":{"rendered":"<p>A Fekete-hegy kr\u00e1tertavai bazaltl\u00e1va ki\u00f6ml\u00e9sekor keletkeztek. Gazdag \u00e9l\u0151vil\u00e1guk kedvelt teny\u00e9sz\u0151hely a k\u00e9t\u00e9lt\u0171 popul\u00e1ci\u00f3k sz\u00e1m\u00e1ra. Fedezz\u00fck fel Magyarorsz\u00e1g sz\u00e9ps\u00e9geit! <\/p>\n","protected":false},"author":4,"featured_media":693,"comment_status":"closed","ping_status":"open","sticky":false,"template":"","format":"standard","meta":{"footnotes":""},"categories":[82],"tags":[],"aioseo_notices":[],"_links":{"self":[{"href":"https:\/\/blog.waterlanes.eu\/hu\/wp-json\/wp\/v2\/posts\/692"}],"collection":[{"href":"https:\/\/blog.waterlanes.eu\/hu\/wp-json\/wp\/v2\/posts"}],"about":[{"href":"https:\/\/blog.waterlanes.eu\/hu\/wp-json\/wp\/v2\/types\/post"}],"author":[{"embeddable":true,"href":"https:\/\/blog.waterlanes.eu\/hu\/wp-json\/wp\/v2\/users\/4"}],"replies":[{"embeddable":true,"href":"https:\/\/blog.waterlanes.eu\/hu\/wp-json\/wp\/v2\/comments?post=692"}],"version-history":[{"count":0,"href":"https:\/\/blog.waterlanes.eu\/hu\/wp-json\/wp\/v2\/posts\/692\/revisions"}],"wp:featuredmedia":[{"embeddable":true,"href":"https:\/\/blog.waterlanes.eu\/hu\/wp-json\/wp\/v2\/media\/693"}],"wp:attachment":[{"href":"https:\/\/blog.waterlanes.eu\/hu\/wp-json\/wp\/v2\/media?parent=692"}],"wp:term":[{"taxonomy":"category","embeddable":true,"href":"https:\/\/blog.waterlanes.eu\/hu\/wp-json\/wp\/v2\/categories?post=692"},{"taxonomy":"post_tag","embeddable":true,"href":"https:\/\/blog.waterlanes.eu\/hu\/wp-json\/wp\/v2\/tags?post=692"}],"curies":[{"name":"wp","href":"https:\/\/api.w.org\/{rel}","templated":true}]}}