{"id":688,"date":"2024-04-17T21:10:23","date_gmt":"2024-04-17T21:10:23","guid":{"rendered":"https:\/\/hu.waterlanes.eu\/?p=688"},"modified":"2024-04-17T21:42:03","modified_gmt":"2024-04-17T21:42:03","slug":"uj-hajozasi-jelzesek-a-balatonon-biztonsagosabb-vizi-kozlekedesert","status":"publish","type":"post","link":"https:\/\/blog.waterlanes.eu\/hu\/hirek\/uj-hajozasi-jelzesek-a-balatonon-biztonsagosabb-vizi-kozlekedesert\/","title":{"rendered":"\u00daj haj\u00f3z\u00e1si jelz\u00e9sek a Balatonon &#8211; Biztons\u00e1gosabb v\u00edzi k\u00f6zleked\u00e9s\u00e9rt"},"content":{"rendered":"<div class=\"postie-post\">\n<h4>A K\u00f6z\u00e9p-dun\u00e1nt\u00fali V\u00edz\u00fcgyi Igazgat\u00f3s\u00e1g Balatoni V\u00edz\u00fcgyi Kirendelts\u00e9ge 12 haj\u00f3z\u00e1si jelz\u00e9st helyezett ki a Balaton t\u00f3meder\u00e9be, hogy biztons\u00e1gosabb\u00e1 tegye a v\u00edzi k\u00f6zleked\u00e9st. A jelz\u00e9sek fontos szerepet j\u00e1tszanak a v\u00edzi \u00fat biztons\u00e1gos jelz\u00e9s\u00e9ben \u00e9s a haj\u00f3z\u00e1s ir\u00e1ny\u00edt\u00e1s\u00e1ban. \u00daj haj\u00f3z\u00e1si jelz\u00e9sekkel felszerelt Balatonon a k\u00f6zleked\u00e9s biztons\u00e1gosabb\u00e1 v\u00e1lik a haj\u00f3sok \u00e9s vitorl\u00e1z\u00f3k sz\u00e1m\u00e1ra.<\/h4>\n<p> A jelz\u00e9sek az\u00e9rt vannak kihelyezve, hogy megakad\u00e1lyozz\u00e1k az esetleges homokpadra fut\u00e1s kock\u00e1zat\u00e1t.<br \/>A K\u00f6z\u00e9p-dun\u00e1nt\u00fali V\u00edz\u00fcgyi Igazgat\u00f3s\u00e1g Balatoni V\u00edz\u00fcgyi Kirendelts\u00e9ge t\u00e1j\u00e9koztatott arr\u00f3l, hogy a Balaton t\u00f3meder\u00e9be 12 haj\u00f3z\u00e1si jelz\u00e9st helyeztek ki. Fontos szerep\u00fck van a v\u00edzi \u00fat biztons\u00e1gos jelz\u00e9s\u00e9ben \u00e9s a v\u00edzi k\u00f6zleked\u00e9s megfelel\u0151 ir\u00e1ny\u00edt\u00e1s\u00e1ban. Ez a mederkezel\u0151 feladata, amely n\u00e9lk\u00fcl\u00f6zhetetlen a v\u00edzi k\u00f6zleked\u00e9s zavartalan lebonyol\u00edt\u00e1s\u00e1hoz.<br \/>Az egyik h\u00edrport\u00e1l szerint a v\u00edz\u00fcgyi kirendelts\u00e9g a viharjelz\u00e9s \u00e9s a haj\u00f3z\u00e1si szezon kezdet\u00e9re k\u00e9sz\u00fclve elhelyezi a haj\u00f3z\u00e1si jelz\u00e9st a Tihany \u00e9s Sz\u00e1nt\u00f3d k\u00f6z\u00f6tti szorosban. A jelz\u00e9s ezt mutatja meg a haj\u00f3soknak \u00e9s vitorl\u00e1z\u00f3knak, hogy hol van elegend\u0151 m\u00e9ly v\u00edz, hogy ne cs\u00f6kkent\u00e9s homokpadra.<br \/>A Balaton vize \u00faj haj\u00f3z\u00e1si jelz\u00e9seket kapott, amelyek mostant\u00f3l seg\u00edtik a haj\u00f3z\u00e1st. Ennek k\u00f6sz\u00f6nhet\u0151en a Balatonon biztons\u00e1gosabb lesz a k\u00f6zleked\u00e9s.<\/p>\n<p>A K\u00f6z\u00e9p-dun\u00e1nt\u00fali V\u00edz\u00fcgyi Igazgat\u00f3s\u00e1g Balatoni V\u00edz\u00fcgyi Kirendelts\u00e9ge 12 haj\u00f3z\u00e1si jelz\u00e9st helyezett ki a Balaton t\u00f3meder\u00e9be, hogy biztons\u00e1gosabb\u00e1 tegye a v\u00edzi k\u00f6zleked\u00e9st. A jelz\u00e9sek seg\u00edtik a haj\u00f3sokat \u00e9s vitorl\u00e1z\u00f3kat abban, hogy elker\u00fclj\u00e9k a homokpadokra fut\u00e1st. \u00cdgy a Balatonon a viharjelz\u00e9sek \u00e9s az \u00faj haj\u00f3z\u00e1si jelz\u00e9sek seg\u00edtik a zavartalan \u00e9s biztons\u00e1gos k\u00f6zleked\u00e9st a haj\u00f3z\u00f3k sz\u00e1m\u00e1ra<\/div>\n","protected":false},"excerpt":{"rendered":"<p>A K\u00f6z\u00e9p-dun\u00e1nt\u00fali V\u00edz\u00fcgyi Igazgat\u00f3s\u00e1g Balatoni V\u00edz\u00fcgyi Kirendelts\u00e9ge haj\u00f3z\u00e1si jelz\u00e9seket helyezett ki a Balatonra a biztons\u00e1gosabb v\u00edzi k\u00f6zleked\u00e9s \u00e9rdek\u00e9ben <\/p>\n","protected":false},"author":4,"featured_media":689,"comment_status":"closed","ping_status":"open","sticky":false,"template":"","format":"standard","meta":{"footnotes":""},"categories":[82],"tags":[],"aioseo_notices":[],"_links":{"self":[{"href":"https:\/\/blog.waterlanes.eu\/hu\/wp-json\/wp\/v2\/posts\/688"}],"collection":[{"href":"https:\/\/blog.waterlanes.eu\/hu\/wp-json\/wp\/v2\/posts"}],"about":[{"href":"https:\/\/blog.waterlanes.eu\/hu\/wp-json\/wp\/v2\/types\/post"}],"author":[{"embeddable":true,"href":"https:\/\/blog.waterlanes.eu\/hu\/wp-json\/wp\/v2\/users\/4"}],"replies":[{"embeddable":true,"href":"https:\/\/blog.waterlanes.eu\/hu\/wp-json\/wp\/v2\/comments?post=688"}],"version-history":[{"count":0,"href":"https:\/\/blog.waterlanes.eu\/hu\/wp-json\/wp\/v2\/posts\/688\/revisions"}],"wp:featuredmedia":[{"embeddable":true,"href":"https:\/\/blog.waterlanes.eu\/hu\/wp-json\/wp\/v2\/media\/689"}],"wp:attachment":[{"href":"https:\/\/blog.waterlanes.eu\/hu\/wp-json\/wp\/v2\/media?parent=688"}],"wp:term":[{"taxonomy":"category","embeddable":true,"href":"https:\/\/blog.waterlanes.eu\/hu\/wp-json\/wp\/v2\/categories?post=688"},{"taxonomy":"post_tag","embeddable":true,"href":"https:\/\/blog.waterlanes.eu\/hu\/wp-json\/wp\/v2\/tags?post=688"}],"curies":[{"name":"wp","href":"https:\/\/api.w.org\/{rel}","templated":true}]}}