{"id":686,"date":"2024-04-12T21:01:32","date_gmt":"2024-04-12T21:01:32","guid":{"rendered":"https:\/\/hu.waterlanes.eu\/?p=686"},"modified":"2024-04-12T21:51:19","modified_gmt":"2024-04-12T21:51:19","slug":"kaposvari-ferfi-birosag-elott-sulyos-vadak-es-bortonbuntetes","status":"publish","type":"post","link":"https:\/\/blog.waterlanes.eu\/hu\/hirek\/kaposvari-ferfi-birosag-elott-sulyos-vadak-es-bortonbuntetes\/","title":{"rendered":"Kaposv\u00e1ri f\u00e9rfi b\u00edr\u00f3s\u00e1g el\u0151tt: s\u00falyos v\u00e1dak \u00e9s b\u00f6rt\u00f6nb\u00fcntet\u00e9s"},"content":{"rendered":"<div class=\"postie-post\">\n<h4>Egy b\u00fcntetett el\u0151\u00e9let\u0171 kaposv\u00e1ri f\u00e9rfit b\u00edr\u00f3s\u00e1g el\u00e9 \u00e1ll\u00edtottak s\u00falyos testi s\u00e9rt\u00e9s \u00e9s felfegyverkezve elk\u00f6vetett gar\u00e1zdas\u00e1g b\u0171ntette miatt. A f\u00e9rfi egy f\u00e9mcs\u0151vel okozott s\u00falyos s\u00e9r\u00fcl\u00e9st ismer\u0151s\u00e9nek, \u00e9s az elk\u00f6vet\u00e9st\u0151l sz\u00e1m\u00edtott 72 \u00f3r\u00e1n bel\u00fcl ker\u00fclt b\u00edr\u00f3s\u00e1g el\u00e9. A Kaposv\u00e1ri J\u00e1r\u00e1sb\u00edr\u00f3s\u00e1g a terheltet n\u00e9gy h\u00f3nap b\u00f6rt\u00f6nb\u00fcntet\u00e9sre \u00e9s hat \u00e9v k\u00f6z\u00fcgyekt\u0151l eltilt\u00e1sra \u00edt\u00e9lte, az \u00fcgy\u00e9sznek megfelel\u0151en.<\/h4>\n<p> A v\u00e1dlottnak kor\u00e1bban is probl\u00e9m\u00e1i voltak a t\u00f6rv\u00e9nnyel. Ezt m\u00e1r kor\u00e1bban is tapasztalt\u00e1k.<br \/>Az ugyeszseg.hu \u00edrja, hogy egy b\u00fcntetett el\u0151\u00e9let\u0171 kaposv\u00e1ri f\u00e9rfit b\u00edr\u00f3s\u00e1g el\u00e9 \u00e1ll\u00edtottak s\u00falyos testi s\u00e9rt\u00e9s \u00e9s felfegyverkezve elk\u00f6vetett gar\u00e1zdas\u00e1g b\u0171ntette miatt. A f\u00e9rfi egy f\u00e9mcs\u0151vel okozott s\u00falyos s\u00e9r\u00fcl\u00e9st ismer\u0151s\u00e9nek, \u00e9s az elk\u00f6vet\u00e9st\u0151l sz\u00e1m\u00edtott 72 \u00f3r\u00e1n bel\u00fcl ker\u00fclt b\u00edr\u00f3s\u00e1g el\u00e9.<br \/>A v\u00e1dlottat azzal v\u00e1dolj\u00e1k, hogy 2024 m\u00e1rcius\u00e1ban k\u00f6vette a vele m\u00e1ra haragos viszonyban l\u00e9v\u0151 s\u00e9rtett n\u0151t aut\u00f3j\u00e1val a csal\u00e1di konfliktus miatt. A n\u0151 \u00e9s \u00e9desanyja menek\u00fclni pr\u00f3b\u00e1lt a f\u00e9rfi el\u0151l egy t\u00f6lt\u0151\u00e1llom\u00e1s boltj\u00e1ba, de a v\u00e1dlott m\u00e9gis k\u00f6vette \u0151ket, \u00e9s egy f\u00e9mcs\u00f6vet szor\u00edtott a kez\u00e9ben, mik\u00f6zben az \u00fczletbe futott.<br \/>Az asszonyok v\u00e9delm\u00e9re sietett a boltban a terhelt, aki azonnal t\u00e1mad\u00e1st int\u00e9zett ellen\u00fck. Feje f\u00f6l\u00e9 emelt cs\u0151vel k\u00e9tszer meg\u00fct\u00f6tte a v\u00e9dekez\u0151 s\u00e9rtett jobb karj\u00e1t, s ez er\u0151s \u00fct\u00e9se nyolc napon t\u00fal gy\u00f3gyul\u00f3 s\u00e9r\u00fcl\u00e9seket okozott.<br \/>A Kaposv\u00e1ri J\u00e1r\u00e1sb\u00edr\u00f3s\u00e1g a terheltet n\u00e9gy h\u00f3nap b\u00f6rt\u00f6nb\u00fcntet\u00e9sre \u00e9s hat \u00e9v k\u00f6z\u00fcgyekt\u0151l eltilt\u00e1sra \u00edt\u00e9lte, az \u00fcgy\u00e9sznek megfelel\u0151en. A terhelt \u00e9s v\u00e9d\u0151je fellebbezett az \u00edt\u00e9let ellen.<br \/>A benzink\u00faton t\u00f6rt\u00e9nteket biztons\u00e1gi kamer\u00e1k r\u00f6gz\u00edtett\u00e9k, \u00e9s a felv\u00e9tel megtekinthet\u0151 itt.<br \/>Egy somogyi benzink\u00faton egy csal\u00e1di perpatvar v\u00e9g\u00e9re pr\u00f3b\u00e1ltak pontot tenni vascs\u0151vel egy vide\u00f3n, amely megjelent a balaton.hu-n.<\/p>\n<p>A b\u00fcntetett el\u0151\u00e9let\u0171 kaposv\u00e1ri f\u00e9rfit b\u00edr\u00f3s\u00e1g el\u00e9 \u00e1ll\u00edtott\u00e1k s\u00falyos testi s\u00e9rt\u00e9s \u00e9s felfegyverkezve elk\u00f6vetett gar\u00e1zdas\u00e1g b\u0171ntette miatt. A f\u00e9rfi egy f\u00e9mcs\u0151vel okozott s\u00falyos s\u00e9r\u00fcl\u00e9st ismer\u0151s\u00e9nek, \u00e9s az elk\u00f6vet\u00e9st\u0151l sz\u00e1m\u00edtott 72 \u00f3r\u00e1n bel\u00fcl ker\u00fclt b\u00edr\u00f3s\u00e1g el\u00e9. A Kaposv\u00e1ri J\u00e1r\u00e1sb\u00edr\u00f3s\u00e1g n\u00e9gy h\u00f3nap b\u00f6rt\u00f6nb\u00fcntet\u00e9sre \u00e9s hat \u00e9v k\u00f6z\u00fcgyekt\u0151l eltilt\u00e1sra \u00edt\u00e9lte, az \u00fcgy\u00e9sznek megfelel\u0151en, melyre a terhelt \u00e9s v\u00e9d\u0151je fellebbezett<\/div>\n","protected":false},"excerpt":{"rendered":"<p>A b\u00fcntetett el\u0151\u00e9let\u0171 kaposv\u00e1ri f\u00e9rfit b\u00edr\u00f3s\u00e1g el\u00e9 \u00e1ll\u00edtott\u00e1k s\u00falyos testi s\u00e9rt\u00e9s \u00e9s gar\u00e1zdas\u00e1g miatt. N\u00e9gy h\u00f3nap b\u00f6rt\u00f6nre \u00edt\u00e9lt\u00e9k. <\/p>\n","protected":false},"author":4,"featured_media":687,"comment_status":"closed","ping_status":"open","sticky":false,"template":"","format":"standard","meta":{"footnotes":""},"categories":[82],"tags":[],"aioseo_notices":[],"_links":{"self":[{"href":"https:\/\/blog.waterlanes.eu\/hu\/wp-json\/wp\/v2\/posts\/686"}],"collection":[{"href":"https:\/\/blog.waterlanes.eu\/hu\/wp-json\/wp\/v2\/posts"}],"about":[{"href":"https:\/\/blog.waterlanes.eu\/hu\/wp-json\/wp\/v2\/types\/post"}],"author":[{"embeddable":true,"href":"https:\/\/blog.waterlanes.eu\/hu\/wp-json\/wp\/v2\/users\/4"}],"replies":[{"embeddable":true,"href":"https:\/\/blog.waterlanes.eu\/hu\/wp-json\/wp\/v2\/comments?post=686"}],"version-history":[{"count":0,"href":"https:\/\/blog.waterlanes.eu\/hu\/wp-json\/wp\/v2\/posts\/686\/revisions"}],"wp:featuredmedia":[{"embeddable":true,"href":"https:\/\/blog.waterlanes.eu\/hu\/wp-json\/wp\/v2\/media\/687"}],"wp:attachment":[{"href":"https:\/\/blog.waterlanes.eu\/hu\/wp-json\/wp\/v2\/media?parent=686"}],"wp:term":[{"taxonomy":"category","embeddable":true,"href":"https:\/\/blog.waterlanes.eu\/hu\/wp-json\/wp\/v2\/categories?post=686"},{"taxonomy":"post_tag","embeddable":true,"href":"https:\/\/blog.waterlanes.eu\/hu\/wp-json\/wp\/v2\/tags?post=686"}],"curies":[{"name":"wp","href":"https:\/\/api.w.org\/{rel}","templated":true}]}}