{"id":684,"date":"2024-04-08T21:01:46","date_gmt":"2024-04-08T21:01:46","guid":{"rendered":"https:\/\/hu.waterlanes.eu\/?p=684"},"modified":"2024-04-08T21:44:41","modified_gmt":"2024-04-08T21:44:41","slug":"nyari-kulturalis-fesztival-siofokon","status":"publish","type":"post","link":"https:\/\/blog.waterlanes.eu\/hu\/hirek\/nyari-kulturalis-fesztival-siofokon\/","title":{"rendered":"Ny\u00e1ri Kultur\u00e1lis Fesztiv\u00e1l Si\u00f3fokon"},"content":{"rendered":"<div class=\"postie-post\">\n<h4>A K\u00e1lm\u00e1n Imre M\u0171vel\u0151d\u00e9si K\u00f6zpont 2024-es nyar\u00e1n izgalmas kultur\u00e1lis \u00e9s zen\u00e9s esem\u00e9nyekkel v\u00e1rja a k\u00f6z\u00f6ns\u00e9get, sz\u00e1mtalan program \u00e9s m\u0171faj garant\u00e1lt a sz\u00f3rakoz\u00e1sra. Si\u00f3fok F\u0151 ter\u00e9t j\u00falius 12-14. k\u00f6z\u00f6tt a jazz zen\u00e9k t\u00f6ltik meg, ahogyan a XXI. New Orleans Jazz Fesztiv\u00e1l elindul. A M\u0171vel\u0151d\u00e9si k\u00f6zpontban sz\u00e9les k\u00edn\u00e1lat v\u00e1rja az \u00e9rdekl\u0151d\u0151ket \u00e9s minden koroszt\u00e1lynak ny\u00fajt kikapcsol\u00f3d\u00e1st.<\/h4>\n<p> A K\u00e1lm\u00e1n Imre M\u0171vel\u0151d\u00e9si K\u00f6zpont 2024-es nyar\u00e1n izgalmas kultur\u00e1lis \u00e9s zen\u00e9s esem\u00e9nyekkel v\u00e1rja a k\u00f6z\u00f6ns\u00e9get. J\u00falius 12-t\u0151l augusztus 20-ig tart\u00f3 id\u0151szakban sz\u00e1mos m\u0171faj \u00e9s program keret\u00e9ben garant\u00e1lt a sz\u00f3rakoz\u00e1s. Az \u00e9rdekl\u0151d\u0151k sz\u00e9les k\u00edn\u00e1latb\u00f3l v\u00e1logathatnak a k\u00f6zpontban.<br \/>Si\u00f3fok F\u0151 ter\u00e9t j\u00falius 12-14. k\u00f6z\u00f6tt a jazz zen\u00e9k t\u00f6ltik meg, ahogyan a XXI. New Orleans Jazz Fesztiv\u00e1l elindul. A rendezv\u00e9nyen olyan zenekarok l\u00e9pnek fel, mint a Debrecen Dixieland Band, a Miskolci Dixieland Band, a Budapest Ragtime, a Don L\u00e1zi Sextett, az Ap\u00e1ti Dixieland Band, a Hot Jazz Band, a Moln\u00e1r Dixieland Band, a Benk\u00f3 Dixieland Band \u00e9s a Hungarian All Stars. A K\u00e1lm\u00e1n Imre M\u0171vel\u0151d\u00e9si K\u00f6zpont k\u00f6zlem\u00e9nye szerint a r\u00e9szletek megtal\u00e1lhat\u00f3k a hirbalaton.hu-n.<br \/>A K\u00e1lm\u00e1n Imre Szabadt\u00e9ri Sz\u00ednpad m\u00e9g j\u00faliusban nyitja meg kapuit, hogy izgalmas \u00e9s n\u00edv\u00f3s el\u0151ad\u00e1sokkal v\u00e1rja k\u00f6z\u00f6ns\u00e9g\u00e9t. A M\u0171vel\u0151d\u00e9si k\u00f6zpontban olyan darabok lesznek l\u00e1that\u00f3ak, mint a Sz\u00e9p ny\u00e1ri nap, a Menopauza, A P\u00e1l utcai fi\u00fak, a Macskafog\u00f3, az Anconai szerelmesek, valamint a Best of Dolhai koncert.<br \/>Az \u00f6t k\u00fcl\u00f6nb\u00f6z\u0151 m\u0171faj\u00fa Ny\u00e1ri Zenei Estek esem\u00e9nysorozat minden koroszt\u00e1ly sz\u00e1m\u00e1ra \u00e9lm\u00e9nyd\u00fas kikapcsol\u00f3d\u00e1st \u00edg\u00e9r. H\u00e9tf\u0151nk\u00e9nt a Vak\u00e1ci\u00f3s Gyermekkoncerteken hangszerbemutat\u00f3k \u00e9s k\u00e9zm\u0171ves foglalkoz\u00e1sok v\u00e1rj\u00e1k a csal\u00e1dosokat olyan el\u0151ad\u00f3kkal, mint a Magyarhang Zenekar, Laposa Julcsi, a Toppant\u00f3 T\u00e1ncegy\u00fcttes, a S\u00f3lya Zenekar \u00e9s a L\u00f3ca Egy\u00fcttes.<br \/>Az Operett Estek minden szerd\u00e1n a Dunakeszi Szimfonikus Zenekar \u00e9s a sz\u00f3list\u00e1k klasszikus operett dalokat adnak el\u0151, hogy \u00f6r\u00f6met szerezzenek az operett rajong\u00f3knak.<br \/>2024-ben a p\u00e9nteki est\u00e9ken a Te\u00e1trumban \u00faj n\u00e9ven, KultT\u00e9rk\u00e9nt visszat\u00e9r a KultTerasz programsorozat. A k\u00fcl\u00f6nleges estek keret\u00e9ben olyan ismert szem\u00e9lyek l\u00e9pnek fel, mint Hrutka R\u00f3bert, F\u00fcr Anik\u00f3, Csuja Imre, Cs\u00e1ki Judit, M\u00e1csai P\u00e1l, Luk\u00e1cs Mikl\u00f3s \u00e9s Hirtling Istv\u00e1n, hogy magas sz\u00ednvonalon szolg\u00e1lj\u00e1k ki az irodalmat \u00e9s zen\u00e9t egyar\u00e1nt kedvel\u0151 k\u00f6z\u00f6ns\u00e9get.<br \/>A Ny\u00e1resti Koncertek sor\u00e1n \u00e9l\u0151 zen\u00e9vel \u00fcnneplik a hazai k\u00f6nny\u0171zenei \u00e9let kiv\u00e1l\u00f3s\u00e1gait. Miller Zolt\u00e1n, S\u00e1rik P\u00e9ter Tri\u00f3 \u00e9s Falusi Mariann, valamint Ko\u00f3s R\u00e9ka \u00e9s zenekara, Karthago, Szandi \u00e9s az Abrakazabra egy\u00fcttes, valamint a Kormor\u00e1n is sz\u00ednpadra l\u00e9pnek.<br \/>Vas\u00e1rnaponk\u00e9nt a J\u00f3kai parkban zajlik a k\u00f6zkedvelt Zene a Z\u00f6ldbent piknik, ahol k\u00fcl\u00f6nb\u00f6z\u0151 zenekarok l\u00e9pnek fel. P\u00e1l Kriszti Acoustic r\u00e9gi magyar dalokkal sz\u00f3rakoztatja a k\u00f6z\u00f6ns\u00e9get, az Ap\u00e1ti Dixieland Band New York-i dixie zen\u00e9vel k\u00e9sz\u00fcl, m\u00edg a Tarsoly Zenekar n\u00e9pzen\u00e9vel sz\u00ednes\u00edti a programot. A Szentp\u00e9teri Csilla &amp; Band pedig mediterr\u00e1n hangulatot teremt dalain kereszt\u00fcl. Ek\u00f6zben a Dunakeszi Szimfonikusok a Haj\u00f3\u00e1llom\u00e1son adnak el\u0151 keresztmetszetet a H\u00e1ry J\u00e1nos dalj\u00e1t\u00e9kb\u00f3l.<br \/>Si\u00f3fok nyaral\u00f3j\u00e1t az augusztus 16-20 k\u00f6z\u00f6tti hagyom\u00e1nyos Bor \u00e9s Keny\u00e9r \u00dcnnepe z\u00e1rja le. A Haj\u00f3\u00e1llom\u00e1son gasztron\u00f3miai \u00e9s k\u00e9zm\u0171ves kitelep\u00fcl\u00e9sek, borterasz, csal\u00e1di- \u00e9s gyerekprogramok v\u00e1rj\u00e1k a l\u00e1togat\u00f3kat. Est\u00e9nk\u00e9nt pedig koncertek hangzanak el, t\u00f6bbek k\u00f6zt olyan el\u0151ad\u00f3kkal, mint B\u00edr\u00f3 Eszter, Szal\u00f3ki \u00c1gi, Hanga Banda, Ismer\u0151s arcok \u00e9s T\u00f3th Vera.<\/p>\n<p>A K\u00e1lm\u00e1n Imre M\u0171vel\u0151d\u00e9si K\u00f6zpont 2024-es nyar\u00e1n sz\u00ednes \u00e9s v\u00e1ltozatos kultur\u00e1lis \u00e9s zenei programokat k\u00edn\u00e1l a l\u00e1togat\u00f3knak j\u00falius 12-t\u0151l augusztus 20-ig. A esem\u00e9nysorozat r\u00e9szek\u00e9nt jazz fesztiv\u00e1l, operett estek, ny\u00e1ri zenei estek, koncertek \u00e9s piknikek szerepelnek a programok k\u00f6z\u00f6tt. A Bor \u00e9s Keny\u00e9r \u00dcnnep\u00e9vel z\u00e1rul Si\u00f3fok nyaral\u00f3ja augusztus 16-20 k\u00f6z\u00f6tt, ahol gasztron\u00f3miai \u00e9s k\u00e9zm\u0171ves k\u00edn\u00e1lat, csal\u00e1di programok \u00e9s koncertek v\u00e1rj\u00e1k a l\u00e1togat\u00f3kat<\/div>\n","protected":false},"excerpt":{"rendered":"<p>A K\u00e1lm\u00e1n Imre M\u0171vel\u0151d\u00e9si K\u00f6zpont 2024 nyar\u00e1n sz\u00ednes programokat k\u00edn\u00e1l j\u00falius 12-t\u0151l augusztus 20-ig Si\u00f3fokon. Jazz fesztiv\u00e1l, operett estek, koncertek \u00e9s piknikek. <\/p>\n","protected":false},"author":4,"featured_media":685,"comment_status":"closed","ping_status":"open","sticky":false,"template":"","format":"standard","meta":{"footnotes":""},"categories":[82],"tags":[],"aioseo_notices":[],"_links":{"self":[{"href":"https:\/\/blog.waterlanes.eu\/hu\/wp-json\/wp\/v2\/posts\/684"}],"collection":[{"href":"https:\/\/blog.waterlanes.eu\/hu\/wp-json\/wp\/v2\/posts"}],"about":[{"href":"https:\/\/blog.waterlanes.eu\/hu\/wp-json\/wp\/v2\/types\/post"}],"author":[{"embeddable":true,"href":"https:\/\/blog.waterlanes.eu\/hu\/wp-json\/wp\/v2\/users\/4"}],"replies":[{"embeddable":true,"href":"https:\/\/blog.waterlanes.eu\/hu\/wp-json\/wp\/v2\/comments?post=684"}],"version-history":[{"count":0,"href":"https:\/\/blog.waterlanes.eu\/hu\/wp-json\/wp\/v2\/posts\/684\/revisions"}],"wp:featuredmedia":[{"embeddable":true,"href":"https:\/\/blog.waterlanes.eu\/hu\/wp-json\/wp\/v2\/media\/685"}],"wp:attachment":[{"href":"https:\/\/blog.waterlanes.eu\/hu\/wp-json\/wp\/v2\/media?parent=684"}],"wp:term":[{"taxonomy":"category","embeddable":true,"href":"https:\/\/blog.waterlanes.eu\/hu\/wp-json\/wp\/v2\/categories?post=684"},{"taxonomy":"post_tag","embeddable":true,"href":"https:\/\/blog.waterlanes.eu\/hu\/wp-json\/wp\/v2\/tags?post=684"}],"curies":[{"name":"wp","href":"https:\/\/api.w.org\/{rel}","templated":true}]}}