{"id":680,"date":"2024-04-04T21:01:43","date_gmt":"2024-04-04T21:01:43","guid":{"rendered":"https:\/\/hu.waterlanes.eu\/?p=680"},"modified":"2024-04-05T00:00:13","modified_gmt":"2024-04-05T00:00:13","slug":"tiszta-kornyezetunkert-teszedd-hulladekgyujto-akcio","status":"publish","type":"post","link":"https:\/\/blog.waterlanes.eu\/hu\/hirek\/tiszta-kornyezetunkert-teszedd-hulladekgyujto-akcio\/","title":{"rendered":"Tiszta k\u00f6rnyezet\u00fcnk\u00e9rt: TeSzedd! hullad\u00e9kgy\u0171jt\u0151 akci\u00f3"},"content":{"rendered":"<div class=\"postie-post\">\n<h4>Az idei TeSzedd! hullad\u00e9kgy\u0171jt\u0151 akci\u00f3 \u00e1prilis 2-t\u0151l regisztr\u00e1lhat\u00f3 lesz, \u00e9s \u00e1prilis 22-\u00e9n kezd\u0151dik a F\u00f6ld napj\u00e1n. A r\u00e9sztvev\u0151k sz\u00e1mos program k\u00f6z\u00fcl v\u00e1laszthatnak, mint p\u00e9ld\u00e1ul koncertek vagy k\u00e9zm\u0171ves foglalkoz\u00e1sok. A szem\u00e9tszed\u00e9si program m\u00e1r tizenkettedik \u00e9ve zajlik, \u00e9s az \u00f6nk\u00e9ntesek eddig t\u00f6bb mint 550 ezer tonna hullad\u00e9kot gy\u0171jt\u00f6ttek \u00f6ssze.<\/h4>\n<p> Az idei TeSzedd! hullad\u00e9kgy\u0171jt\u0151 akci\u00f3ra \u00e1prilis 2-t\u0151l lehet regisztr\u00e1lni &#8211; k\u00f6z\u00f6lte az Energia\u00fcgyi Miniszt\u00e9rium. Az akci\u00f3 \u00e1prilis 22-\u00e9n, a F\u00f6ld napj\u00e1n kezd\u0151dik, \u00e9s \u00e1prilis 28-ig tart. A regisztr\u00e1ci\u00f3 a <a href=\"http:\/\/www.szelektalok.hu\">www.szelektalok.hu<\/a> oldalon lehets\u00e9ges \u00e1prilis 15-ig.<br \/>Az esem\u00e9nyen r\u00e9szt vett t\u00f6bb mint 500 ember, akik \u00e9lvezt\u00e9k a k\u00fcl\u00f6nf\u00e9le programokat, p\u00e9ld\u00e1ul koncerteket \u00e9s k\u00e9zm\u0171ves foglalkoz\u00e1sokat. A gyerekeket arcfest\u00e9s \u00e9s ugr\u00e1l\u00f3v\u00e1r v\u00e1rta, m\u00edg a feln\u0151ttek k\u00fcl\u00f6nf\u00e9le \u00e9tel- \u00e9s italstandokat l\u00e1togathattak. Az esem\u00e9ny v\u00e9g\u00e9n t\u0171zij\u00e1t\u00e9k z\u00e1rta az unalmas napot.<br \/>Az orsz\u00e1g legnagyobb szem\u00e9tszed\u00e9si programja imm\u00e1r tizenkettedik alkalommal val\u00f3sul meg id\u00e9n. A \u201eTiszt\u00edtsuk meg az Orsz\u00e1got!\u201d projekt a miniszt\u00e9rium kezdem\u00e9nyez\u00e9s\u00e9re j\u00f6tt l\u00e9tre az illeg\u00e1lis hullad\u00e9klerak\u00e1s felsz\u00e1mol\u00e1sa \u00e9rdek\u00e9ben. Az \u00f6nk\u00e9ntesek eddig t\u00f6bb mint 550 ezer tonna jogellenesen elhagyott hullad\u00e9kot sz\u00e1moltak fel, f\u0151k\u00e9nt k\u00f6zter\u00fcleteken, erd\u0151kben, foly\u00f3partokon, valamint vas\u00fati \u00e9s k\u00f6z\u00fati l\u00e9tes\u00edtm\u00e9nyek mellett.<br \/>A Hullad\u00e9kRadar applik\u00e1ci\u00f3 m\u00e1r t\u00f6bb mint 31 ezer felhaszn\u00e1l\u00f3 let\u00f6lt\u00f6tte, \u00e9s seg\u00edt az illeg\u00e1lis szem\u00e9tlerakatok helysz\u00edn\u00e9nek beazonos\u00edt\u00e1s\u00e1ban. Tavaly k\u00f6zel 1800 tonna hullad\u00e9kot gy\u0171jt\u00f6ttek \u00f6ssze orsz\u00e1gszerte 2200 helysz\u00ednen, a programban r\u00e9szt vev\u0151 csal\u00e1dok, iskolai k\u00f6z\u00f6ss\u00e9gek \u00e9s civil szervezetek.<\/p>\n<p>Az idei TeSzedd! hullad\u00e9kgy\u0171jt\u0151 akci\u00f3 \u00e1prilis 2-t\u0151l regisztr\u00e1lhat\u00f3, \u00e9s \u00e1prilis 22-\u00e9n kezd\u0151dik, \u00e1prilis 28-ig tart. Az esem\u00e9nyen t\u00f6bb mint 500 ember vett r\u00e9szt, akik \u00e9lvezt\u00e9k a programokat, mint p\u00e9ld\u00e1ul koncerteket \u00e9s k\u00e9zm\u0171ves foglalkoz\u00e1sokat. Az orsz\u00e1g legnagyobb szem\u00e9tszed\u00e9si programja imm\u00e1r tizenkettedik alkalommal val\u00f3sul meg id\u00e9n, az Tiszt\u00edtsuk meg az Orsz\u00e1got! projekt keret\u00e9ben<\/div>\n","protected":false},"excerpt":{"rendered":"<p>A TeSzedd! hullad\u00e9kgy\u0171jt\u0151 akci\u00f3 \u00e1prilis 2-t\u0151l regisztr\u00e1lhat\u00f3, \u00e1prilis 22-\u00e9n kezd\u0151dik, \u00e1prilis 28-ig tart. Az orsz\u00e1g legnagyobb szem\u00e9tszed\u00e9si programja id\u00e9n m\u00e1r tizenkettedik alkalommal zajlik. <\/p>\n","protected":false},"author":4,"featured_media":681,"comment_status":"closed","ping_status":"open","sticky":false,"template":"","format":"standard","meta":{"footnotes":""},"categories":[82],"tags":[],"aioseo_notices":[],"_links":{"self":[{"href":"https:\/\/blog.waterlanes.eu\/hu\/wp-json\/wp\/v2\/posts\/680"}],"collection":[{"href":"https:\/\/blog.waterlanes.eu\/hu\/wp-json\/wp\/v2\/posts"}],"about":[{"href":"https:\/\/blog.waterlanes.eu\/hu\/wp-json\/wp\/v2\/types\/post"}],"author":[{"embeddable":true,"href":"https:\/\/blog.waterlanes.eu\/hu\/wp-json\/wp\/v2\/users\/4"}],"replies":[{"embeddable":true,"href":"https:\/\/blog.waterlanes.eu\/hu\/wp-json\/wp\/v2\/comments?post=680"}],"version-history":[{"count":0,"href":"https:\/\/blog.waterlanes.eu\/hu\/wp-json\/wp\/v2\/posts\/680\/revisions"}],"wp:featuredmedia":[{"embeddable":true,"href":"https:\/\/blog.waterlanes.eu\/hu\/wp-json\/wp\/v2\/media\/681"}],"wp:attachment":[{"href":"https:\/\/blog.waterlanes.eu\/hu\/wp-json\/wp\/v2\/media?parent=680"}],"wp:term":[{"taxonomy":"category","embeddable":true,"href":"https:\/\/blog.waterlanes.eu\/hu\/wp-json\/wp\/v2\/categories?post=680"},{"taxonomy":"post_tag","embeddable":true,"href":"https:\/\/blog.waterlanes.eu\/hu\/wp-json\/wp\/v2\/tags?post=680"}],"curies":[{"name":"wp","href":"https:\/\/api.w.org\/{rel}","templated":true}]}}