{"id":677,"date":"2024-03-31T03:02:12","date_gmt":"2024-03-31T03:02:12","guid":{"rendered":"https:\/\/hu.waterlanes.eu\/?p=677"},"modified":"2024-03-31T03:44:33","modified_gmt":"2024-03-31T03:44:33","slug":"a-balatoni-hajozasi-zrt-boviti-flottajat-uj-lehetosegek-a-balatoni-hajozasban","status":"publish","type":"post","link":"https:\/\/blog.waterlanes.eu\/hu\/hirek\/a-balatoni-hajozasi-zrt-boviti-flottajat-uj-lehetosegek-a-balatoni-hajozasban\/","title":{"rendered":"A Balatoni Haj\u00f3z\u00e1si Zrt. b\u0151v\u00edti flott\u00e1j\u00e1t: \u00daj lehet\u0151s\u00e9gek a balatoni haj\u00f3z\u00e1sban"},"content":{"rendered":"<div class=\"postie-post\">\n<h4>A Balatoni Haj\u00f3z\u00e1si Zrt. (Bahart) vez\u00e9rigazgat\u00f3ja elmondta, hogy a balatoni turizmus lend\u00fcletben van, \u00e9s \u00faj haj\u00f3ik \u00fajabb lehet\u0151s\u00e9geket teremtenek a tengerent\u00fali rep\u00fcl\u00e9s ter\u00fclet\u00e9n. A kompok fejleszt\u00e9se nagy l\u00e9p\u00e9s lesz a c\u00e9g j\u00f6v\u0151j\u00e9ben, \u00e9s az \u00faj haj\u00f3k k\u00f6rnyezetbar\u00e1t megold\u00e1sokkal, valamint panor\u00e1mafed\u00e9lzettel v\u00e1rj\u00e1k az utaz\u00f3kat. Az \u00faj haj\u00f3k modern kialak\u00edt\u00e1sa \u00e9s nagy kapacit\u00e1sa vonzza a turist\u00e1kat, \u00e9s b\u0151v\u00edti a Balatonon val\u00f3 haj\u00f3z\u00e1s \u00e9lm\u00e9ny\u00e9t.<\/h4>\n<p> A turizmusnak kulcsfontoss\u00e1g\u00fa szerepe van a magyar gazdas\u00e1gban, mivel t\u00f6bb mint 10% -\u00e1t teszi ki az orsz\u00e1g GDP-j\u00e9nek. Ez\u00e1ltal k\u00f6zvetve \u00e9s k\u00f6zvetlen\u00fcl 400 ezer embert foglalkoztat. A balatoni haj\u00f3z\u00e1si szezont cs\u00fct\u00f6rt\u00f6k\u00f6n \u00fcnneps\u00e9ggel ind\u00edtott\u00e1k, ahol a nemzetgazdas\u00e1gi miniszter hangs\u00falyozta a turizmus jelent\u0151s\u00e9g\u00e9t. Az idei tervekr\u0151l a Balatoni Haj\u00f3z\u00e1si Zrt. (Bahart) vez\u00e9rigazgat\u00f3ja sz\u00e1molt be a rendezv\u00e9nyen.<br \/>Az \u00f6nk\u00e9ntes munka fontos r\u00e9sze az \u00e9letemnek. Hetente legal\u00e1bb egyszer r\u00e9szt veszek a helyi id\u0151sek otthon\u00e1ban szervezett programokban. Nagyon szeretem, hogy seg\u00edthetek nekik, \u00e9s minden alkalommal h\u00e1l\u00e1san k\u00f6sz\u00f6nik meg a t\u00e1mogat\u00e1somat. Az id\u0151sek t\u00e1rsas\u00e1g\u00e1ban elt\u00f6lt\u00f6tt id\u0151 mindig j\u00f3 \u00e9rz\u00e9ssel t\u00f6lt el, \u00e9s \u00f6r\u00f6mmel seg\u00edtek nekik b\u00e1rmiben, amire sz\u00fcks\u00e9g\u00fck van. Az \u00f6nk\u00e9ntes munka lehet\u0151s\u00e9get ad arra, hogy m\u00e1soknak seg\u00edtsek, mik\u00f6zben \u00e9rt\u00e9kes tapasztalatokat szerezek \u00e9s hasznos k\u00e9szs\u00e9geket fejlesztek.<br \/>Nagy M\u00e1rton az MTI tud\u00f3s\u00edt\u00e1sa szerint besz\u00e9lt arr\u00f3l, hogy tavaly a talpra \u00e1ll\u00e1s \u00e9ve volt, az idei pedig az \u00fajraind\u00edt\u00e1s\u00e9. Ha a szomsz\u00e9ds\u00e1gban zajl\u00f3 h\u00e1bor\u00fa nem akad\u00e1lyozza meg, akkor j\u00f6v\u0151re az orsz\u00e1g vissza tud \u00e1llni a 4-5 sz\u00e1zal\u00e9kos GDP-n\u00f6veked\u00e9sre, amely a magyar gazdas\u00e1g potenci\u00e1lj\u00e1ban rejlik. A Bahart \u00e1llami t\u00e1mogat\u00e1ssal 5,7 milli\u00e1rd forintb\u00f3l megv\u00e1s\u00e1rolt n\u00e9gy \u00faj haj\u00f3ja \u00faj lend\u00fcletet adhat a balatoni turizmusnak &#8211; mondta.<br \/>Az \u00e9v turizmus\u00e1r\u00f3l sz\u00f3lva elmondta, hogy minden es\u00e9ly megvan arra, hogy a 2019-es rekord\u00e9vet fel\u00fclm\u00falja. Az els\u0151 negyed\u00e9v eredm\u00e9nyei nagyon j\u00f3k: Budapesten 18 sz\u00e1zal\u00e9kos, vid\u00e9ken pedig 14 sz\u00e1zal\u00e9kos n\u00f6veked\u00e9st tapasztalunk. A h\u00fasv\u00e9t is j\u00f3l alakul, k\u00f6zel 220 ezer ember adott le 510 ezer foglal\u00e1st erre a h\u00e9tv\u00e9g\u00e9re. Azt gondolj\u00e1k, hogy 2024-ben el\u00e9rhetik a 43 milli\u00f3 vend\u00e9g\u00e9jszak\u00e1t, ami 4 sz\u00e1zal\u00e9kos n\u00f6veked\u00e9st jelent 2023-hoz k\u00e9pest, \u00e9s 3 sz\u00e1zal\u00e9kosat az 2019-es cs\u00facs\u00e9vhez k\u00e9pest.<br \/>A Balaton turizmusban bet\u00f6lt\u00f6tt kiemelked\u0151 szerep\u00e9r\u0151l besz\u00e9lt a miniszter, \u00e9s hangs\u00falyozta azt is, hogy fontos lenne, ha az eg\u00e9sz \u00e9vben vonz\u00f3 c\u00e9lpontt\u00e1 v\u00e1lhatna. Egy\u00fcttm\u0171k\u00f6dve t\u00f6bb szervezettel dolgoznak azon, hogy ezt el\u00e9rj\u00e9k. Azon teend\u0151k k\u00f6z\u00fcl, amelyek kiemelt fontoss\u00e1ggal b\u00edrnak, eml\u00edtette a Balaton v\u00edzmin\u0151s\u00e9g\u00e9nek jav\u00edt\u00e1s\u00e1t, a balatoni turizmust ell\u00e1t\u00f3 szakemberk\u00e9pz\u00e9s lehet\u0151s\u00e9g\u00e9nek megteremt\u00e9s\u00e9t, a t\u00e9rs\u00e9g term\u00e9szeti \u00e9s kultur\u00e1lis \u00f6r\u00f6ks\u00e9g\u00e9nek meg\u0151rz\u00e9s\u00e9t, a marketing er\u0151s\u00edt\u00e9s\u00e9t, valamint a t\u00e9rs\u00e9gi egy\u00fcttm\u0171k\u00f6d\u00e9s t\u00e1mogat\u00e1s\u00e1t. A Bahart flott\u00e1j\u00e1r\u00f3l elmondta, hogy a modern ig\u00e9nyeknek megfelel\u0151en n\u00e9gy \u00faj haj\u00f3t is beszereznek, ugyanakkor a r\u00e9gi haj\u00f3kat is gondozz\u00e1k \u00e9s fel\u00faj\u00edtj\u00e1k. A nosztalgikus haj\u00f3k hozz\u00e1j\u00e1rulnak a Balaton sz\u00e9ps\u00e9g\u00e9hez &#8211; tette hozz\u00e1.<br \/>A t\u00e9len hideg van, ez\u00e9rt fontos melegen \u00f6lt\u00f6zni. Megfelel\u0151 ruh\u00e1zat n\u00e9lk\u00fcl k\u00f6nnyen megf\u00e1zhatunk. A vastag pul\u00f3verek \u00e9s meleg kab\u00e1tok seg\u00edtenek abban, hogy ne f\u00e1zzunk meg. Fontos odafigyelni a s\u00e1l \u00e9s a sapka visel\u00e9s\u00e9re is, hogy a fej\u00fcnk ne h\u0171lj\u00f6n ki. Ahhoz, hogy ne f\u00e1zzunk, az sem \u00e1rt, ha vastag zoknit viselek. Divatos kieg\u00e9sz\u00edt\u0151kkel kombin\u00e1lva remek\u00fcl mutathatunk a hideg id\u0151ben is.<br \/>Az id\u00e9n a Bahart megd\u00f6nteni l\u00e1tszik a rekordokat.\u00daj lehet\u0151s\u00e9geket \u00e9s fejleszt\u00e9seket terveznek bevezetni a tengerent\u00fali rep\u00fcl\u00e9s ter\u00fclet\u00e9n.<br \/>Veigl G\u00e1bor, a Bahart vez\u00e9rigazgat\u00f3ja szerint ma K\u00f6z\u00e9p-Eur\u00f3pa legmodernebb haj\u00f3it adj\u00e1k \u00e1t. A pillanat t\u00f6rt\u00e9nelmi jelent\u0151s\u00e9g\u0171, mivel ilyen m\u00e9rt\u00e9k\u0171 fejl\u0151d\u00e9sre a t\u00e1rsas\u00e1g kor\u00e1bban nem volt k\u00e9pes. Az \u00faj haj\u00f3k k\u00f6rnyezetbar\u00e1tak, a legmagasabb norm\u00e1knak megfelel\u0151ek, m\u0171szaki megold\u00e1saik pedig a leg\u00fajabb technol\u00f3gi\u00e1kat alkalmazz\u00e1k. Ezen fel\u00fcl a haj\u00f3k kialak\u00edt\u00e1sa az utasok ig\u00e9nyeit szem el\u0151tt tartva t\u00f6rt\u00e9nt.<br \/>A k\u00e9t \u00faj komp 20 sz\u00e1zal\u00e9kkal n\u00f6veli az eddigi sz\u00e1ll\u00edt\u00f3kapacit\u00e1st Tihany \u00e9s Sz\u00e1nt\u00f3d k\u00f6z\u00f6tt. Az \u00faj katamar\u00e1nok kialak\u00edt\u00e1sa multifunkcion\u00e1lis, lehet\u0151v\u00e9 t\u00e9ve menetrendi, s\u00e9ta- \u00e9s programhaj\u00f3z\u00e1st is. Emellett a kompok panor\u00e1mafed\u00e9lzete plusz \u00e9lm\u00e9nyt \u00edg\u00e9r az utaz\u00f3knak.<br \/>Az \u00faj haj\u00f3k ker\u00e9kp\u00e1rsz\u00e1ll\u00edt\u00f3 kapacit\u00e1sa sokkal nagyobb, mint a kor\u00e1bbi haj\u00f3k\u00e9. Ezt azonban sz\u00fcks\u00e9g is van, mivel a ker\u00e9kp\u00e1rosok sz\u00e1m\u00e1ra a Balaton az els\u0151 sz\u00e1m\u00fa desztin\u00e1ci\u00f3. Tavaly 16 sz\u00e1zal\u00e9kkal t\u00f6bb biciklis kelt \u00e1t a tavon, mint egy \u00e9vvel kor\u00e1bban. A kompokon k\u00f6zel 130 ezren utaztak biciklivel, ami minden 10. utasnak felel meg. A ker\u00e9kp\u00e1rosok sz\u00e1ma folyamatosan n\u0151, \u00e9s ez ismert t\u00e9ny.<br \/>A vez\u00e9rigazgat\u00f3 tavaly t\u00f6bb \u00e9vtizedes rekordot d\u00f6nt\u00f6tt, t\u00f6bb mint 2 milli\u00f3 utas sz\u00e1ll\u00edt\u00e1s\u00e1val. Biztos benne, hogy id\u00e9n, a 178. haj\u00f3z\u00e1si szezonban tov\u00e1bbi rekordokat fognak el\u00e9rni. A besz\u00e9det ezzel z\u00e1rta.<br \/>Az \u0151si egyiptomiak \u00e1ltal k\u00e9sz\u00edtett piramisokr\u00f3l nagyon sokat lehet olvasni a t\u00f6rt\u00e9nelemk\u00f6nyvekben. Ezek a monument\u00e1lis \u00e9p\u00edtm\u00e9nyek a f\u00e1ra\u00f3k temetkez\u00e9si helyei voltak, \u00e9s az egyiptomiak hitrendszer\u00e9hez kapcsol\u00f3d\u00f3an fontos szerepet t\u00f6lt\u00f6ttek be az elhunyt uralkod\u00f3k lelk\u00e9nek t\u00falvil\u00e1gi \u00fatj\u00e1ban. A piramisok t\u00e9glalap alak\u00faak voltak, \u00e9s nagyobb r\u00e9sz\u00fck k\u0151b\u0151l \u00e9p\u00fclt. A legismertebb piramisok a cheopszi piramisok, amelyet G\u00edz\u00e1ban tal\u00e1lunk, \u00e9s a hetepheresi piramisok, amelyek Egyiptom k\u00fcl\u00f6nb\u00f6z\u0151 r\u00e9szein l\u00e1that\u00f3k. A piramisok \u00e9p\u00edt\u00e9s\u00e9nek mik\u00e9ntj\u00e9r\u0151l \u00e9s m\u00f3dj\u00e1r\u00f3l m\u00e9g ma is sz\u00e1mos felt\u00e9telez\u00e9s \u00e9s vita van a r\u00e9g\u00e9szek \u00e9s tud\u00f3sok k\u00f6z\u00f6tt.<br \/>A k\u00f6vetkez\u0151 nagy l\u00e9p\u00e9s a kompkik\u00f6t\u0151k fejleszt\u00e9se lesz. Ezen a ter\u00fcleten lesznek a legnagyobb v\u00e1ltoz\u00e1sok a j\u00f6v\u0151ben. Fontos, hogy ezt a fejleszt\u00e9st min\u00e9l el\u0151bb elkezdj\u00e9k tervezni \u00e9s megval\u00f3s\u00edtani.<br \/>Veigl G\u00e1bor elmondta az MTI k\u00e9rd\u00e9seire v\u00e1laszolva, hogy az elm\u00falt \u00e9vben a Bahart v\u00e1llalat 10,6 milli\u00e1rd forint alapt\u0151k\u00e9vel rendelkezik, amelyet 75 sz\u00e1zal\u00e9kban az \u00e1llam, 25 sz\u00e1zal\u00e9kban pedig 21 t\u00f3parti \u00f6nkorm\u00e1nyzat birtokol. Az \u00e1rbev\u00e9tele ennek megfelel\u0151en 4,6 milli\u00e1rd forint volt, ami 9 sz\u00e1zal\u00e9kkal t\u00f6bb, mint az el\u0151z\u0151 \u00e9vben.<br \/>A tulajdonosok \u00e9vek \u00f3ta nem vesznek ki osztal\u00e9kot a t\u00e1rsas\u00e1gb\u00f3l, minden fejleszt\u00e9sre visszaforgatj\u00e1k a p\u00e9nzt. Az idei \u00e9vben \u00e1tlagosan 8-10 sz\u00e1zal\u00e9kkal emelkedtek a haj\u00f3- \u00e9s kompjegy\u00e1rak. Az \u00faj haj\u00f3knak k\u00f6sz\u00f6nhet\u0151en t\u00f6bb j\u00e1rat indul a f\u0151 \u00fatvonalakon, \u00e9s a komp is s\u0171r\u0171bben k\u00f6zlekedik. A c\u00e9g \u00e1ltal megv\u00e1s\u00e1rolt J\u00f3kai haj\u00f3 m\u00e1just\u00f3l \u00e1ll forgalomba s\u00e9ta- \u00e9s rendezv\u00e9nyhaj\u00f3k\u00e9nt Balatonf\u00fcreden &#8211; mondta.<br \/>A Bahart 300 alkalmazottal rendelkez\u0151 c\u00e9g, amely 17 kik\u00f6t\u0151t \u00fczemeltet \u00e9s 19 szem\u00e9lyhaj\u00f3val rendelkezik, a k\u00f6vetkez\u0151 nagy beruh\u00e1z\u00e1sukra k\u00e9sz\u00fcl: a kompkik\u00f6t\u0151k fejleszt\u00e9s\u00e9re. A vez\u00e9rigazgat\u00f3 elmondta, hogy a beruh\u00e1z\u00e1s el\u0151k\u00e9sz\u00edt\u00e9se m\u00e1r elkezd\u0151d\u00f6tt, \u00e9s t\u00e1mogat\u00e1sb\u00f3l, valamint saj\u00e1t forr\u00e1sokb\u00f3l hajtj\u00e1k majd v\u00e9gre. A haj\u00f3z\u00e1si t\u00e1rsas\u00e1g \u00e9vente mintegy 600-700 milli\u00f3 forint \u00f6ner\u0151t tud fejleszt\u00e9sekre ford\u00edtani.<br \/>A gyerek boldogan j\u00e1tszott az udvaron az \u00faj labd\u00e1j\u00e1val. Nagyon boldog volt a sz\u00fclet\u00e9snapja alkalm\u00e1b\u00f3l kapott aj\u00e1nd\u00e9k miatt. A labda piros \u00e9s k\u00e9k sz\u00edn\u0171, \u00e9s nagyon sok\u00e1ig pattogott a f\u00f6ld\u00f6n. A gyereknek nagy \u00f6r\u00f6me volt a labd\u00e1val j\u00e1tszani, \u00e9s eg\u00e9sz d\u00e9lut\u00e1n ezzel t\u00f6lt\u00f6tte az idej\u00e9t. K\u00e9s\u0151 d\u00e9lut\u00e1n, amikor haza kellett mennie, neh\u00e9z volt elszakadnia az \u00faj kedvenc j\u00e1t\u00e9k\u00e1t\u00f3l.<\/p>\n<p>Az udvaron boldogan j\u00e1tszott a gyerek az \u00faj labd\u00e1j\u00e1val, amit sz\u00fclet\u00e9snapj\u00e1ra kapott aj\u00e1nd\u00e9kba. A piros \u00e9s k\u00e9k sz\u00edn\u0171 labda hosszan pattogott, \u00e9s a gyerek nagy \u00f6r\u00f6mmel t\u00f6lt\u00f6tte vele az eg\u00e9sz d\u00e9lut\u00e1nt. Neh\u00e9z volt sz\u00e1m\u00e1ra elb\u00facs\u00fazni j\u00e1t\u00e9k\u00e1t\u00f3l, amikor haza kellett mennie.<br \/>Az \u00faj haj\u00f3k \u00e9rkeztek a Balatonra, felsz\u00edn\u00fck feh\u00e9r \u00e9s tiszta. Sz\u00e9p form\u00e1juk \u00e9s modern kialak\u00edt\u00e1suk vonzza a l\u00e1togat\u00f3kat. A haj\u00f3k nagy sebess\u00e9ggel szelik \u00e1t a vizet, \u00edgy a balatoni haj\u00f3z\u00e1s \u00e9lm\u00e9nye m\u00e9g v\u00e1ltozatosabb\u00e1 v\u00e1lik. Az \u00faj haj\u00f3k gyorsan n\u00e9pszer\u0171v\u00e9 v\u00e1ltak a Balatonon, \u00e9s sok turista \u00e9rkezik, hogy kipr\u00f3b\u00e1lja \u0151ket.<br \/>Az idei els\u0151 menetrendi haj\u00f3val egy\u00fctt Si\u00f3fokr\u00f3l indulva \u00e9rkeztek Balatonf\u00fcredre az \u00faj haj\u00f3k, melyeket el\u0151zetesen a Balaton term\u00e9szeti \u00e9s a kik\u00f6t\u0151k \u00e9p\u00edtett adotts\u00e1gaira terveztek. Az els\u0151 haj\u00f3 \u00fcnnep\u00e9lyes fogad\u00e1sa sor\u00e1n a kom\u00e1romi haj\u00f3gy\u00e1rban meg\u00e9p\u00edtett haj\u00f3kat felszentelt\u00e9k \u00e9s felavatt\u00e1k.<br \/>A k\u00e9t legforgalmasabb katamar\u00e1n neve a Tomaj \u00e9s Balaton lesz, melyek Fony\u00f3d-Badacsony \u00e9s Si\u00f3fok-Balatonf\u00fcred-Tihany \u00fatvonalakon k\u00f6zlekednek majd. M\u00e1s kompok pedig a Sz\u00e1nt\u00f3d \u00e9s Tihany nevet kapj\u00e1k, \u00e9s Sz\u00e1nt\u00f3dr\u00e9v \u00e9s Tihanr\u00e9v k\u00f6z\u00f6tt j\u00e1rnak majd.<br \/>Az \u00fajonnan \u00e1tadott kompok \u00e9s katamar\u00e1nok a Bahar legnagyobb utas- \u00e9s j\u00e1rm\u0171kapacit\u00e1s\u00e1val rendelkez\u0151 haj\u00f3i. A kompok 45 m\u00e9ter hossz\u00faak \u00e9s 11 m\u00e9ter sz\u00e9lesek, m\u00edg a katamar\u00e1nok ugyanilyen sz\u00e9lesek, de 35 m\u00e9ter hossz\u00faak. A kompok 120 utast, 24 g\u00e9pj\u00e1rm\u0171vet \u00e9s 30 ker\u00e9kp\u00e1rt tudnak egy id\u0151ben sz\u00e1ll\u00edtani, m\u00edg a katamar\u00e1nok 350 utast \u00e9s 35 ker\u00e9kp\u00e1rt tudnak sz\u00e1ll\u00edtani a partok k\u00f6z\u00f6tt. Ezt a r\u00e9szleteket a haj\u00f3k \u00e1tad\u00f3\u00fcnneps\u00e9g\u00e9n ismertett\u00e9k.<\/p>\n<p>A turizmus kulcsfontoss\u00e1g\u00fa szerepet j\u00e1tszik a magyar gazdas\u00e1gban, t\u00f6bb mint 10% -\u00e1t teszi ki az orsz\u00e1g GDP-j\u00e9nek, \u00e9s k\u00f6zvetlen\u00fcl \u00e9s k\u00f6zvetetten 400 ezer embert foglalkoztat. A Balatoni Haj\u00f3z\u00e1si Zrt. \u00fcnneps\u00e9ggel ind\u00edtotta el az idei szezont, ahol a turizmus fontoss\u00e1g\u00e1ra h\u00edvt\u00e1k fel a figyelmet. Az \u00faj haj\u00f3k \u00e9s kompok nagyobb kapacit\u00e1st \u00e9s \u00e9lm\u00e9nyt biztos\u00edtanak a balatoni haj\u00f3z\u00e1s ter\u00fclet\u00e9n, \u00e9s az idei \u00e9vben tov\u00e1bbi rekordokat v\u00e1rnak a turizmusban<\/div>\n","protected":false},"excerpt":{"rendered":"<p>A turizmus kulcsfontoss\u00e1g\u00fa a magyar gazdas\u00e1gban, az orsz\u00e1g GDP-j\u00e9nek t\u00f6bb mint 10%-\u00e1t teszi ki. A Balatoni Haj\u00f3z\u00e1si Zrt. b\u0151v\u00edtette haj\u00f3ik sz\u00e1m\u00e1t. <\/p>\n","protected":false},"author":4,"featured_media":678,"comment_status":"closed","ping_status":"open","sticky":false,"template":"","format":"standard","meta":{"footnotes":""},"categories":[82],"tags":[],"aioseo_notices":[],"_links":{"self":[{"href":"https:\/\/blog.waterlanes.eu\/hu\/wp-json\/wp\/v2\/posts\/677"}],"collection":[{"href":"https:\/\/blog.waterlanes.eu\/hu\/wp-json\/wp\/v2\/posts"}],"about":[{"href":"https:\/\/blog.waterlanes.eu\/hu\/wp-json\/wp\/v2\/types\/post"}],"author":[{"embeddable":true,"href":"https:\/\/blog.waterlanes.eu\/hu\/wp-json\/wp\/v2\/users\/4"}],"replies":[{"embeddable":true,"href":"https:\/\/blog.waterlanes.eu\/hu\/wp-json\/wp\/v2\/comments?post=677"}],"version-history":[{"count":0,"href":"https:\/\/blog.waterlanes.eu\/hu\/wp-json\/wp\/v2\/posts\/677\/revisions"}],"wp:featuredmedia":[{"embeddable":true,"href":"https:\/\/blog.waterlanes.eu\/hu\/wp-json\/wp\/v2\/media\/678"}],"wp:attachment":[{"href":"https:\/\/blog.waterlanes.eu\/hu\/wp-json\/wp\/v2\/media?parent=677"}],"wp:term":[{"taxonomy":"category","embeddable":true,"href":"https:\/\/blog.waterlanes.eu\/hu\/wp-json\/wp\/v2\/categories?post=677"},{"taxonomy":"post_tag","embeddable":true,"href":"https:\/\/blog.waterlanes.eu\/hu\/wp-json\/wp\/v2\/tags?post=677"}],"curies":[{"name":"wp","href":"https:\/\/api.w.org\/{rel}","templated":true}]}}