{"id":667,"date":"2024-03-19T03:02:20","date_gmt":"2024-03-19T03:02:20","guid":{"rendered":"https:\/\/hu.waterlanes.eu\/?p=667"},"modified":"2024-03-19T03:50:24","modified_gmt":"2024-03-19T03:50:24","slug":"az-elveszett-varos-kalandjai-eletmodvaltas-az-elelmiszerpazarlas-elleni-kuzdelemben","status":"publish","type":"post","link":"https:\/\/blog.waterlanes.eu\/hu\/hirek\/az-elveszett-varos-kalandjai-eletmodvaltas-az-elelmiszerpazarlas-elleni-kuzdelemben\/","title":{"rendered":"Az Elveszett V\u00e1ros Kalandjai: \u00c9letm\u00f3dv\u00e1lt\u00e1s az \u00c9lelmiszerpazarl\u00e1s Elleni K\u00fczdelemben"},"content":{"rendered":"<div class=\"postie-post\">\n<h4>Az 1980-as \u00e9vekben j\u00e1tsz\u00f3d\u00f3 film egy csoport tin\u00e9dzser kalandjait k\u00f6veti, akik vesz\u00e9lyes exped\u00edci\u00f3ra indulnak az erd\u0151be, hogy megtal\u00e1lj\u00e1k az elveszett v\u00e1rost. A film tele van izgalmas akci\u00f3val, vicces jelenetekkel \u00e9s meghat\u00f3 pillanatokkal, amelyek garant\u00e1ltan lek\u00f6tik a n\u00e9z\u0151k figyelm\u00e9t. Az \u00e9lelmiszerpazarl\u00e1s probl\u00e9m\u00e1j\u00e1r\u00f3l sz\u00f3l\u00f3 r\u00e9sz pedig arra h\u00edvja fel a figyelmet, hogy \u00f6sszefog\u00e1ssal \u00e9s tudatos d\u00f6nt\u00e9sekkel cs\u00f6kkenthet\u0151ek a jelent\u0151s gazdas\u00e1gi, k\u00f6rnyezeti \u00e9s eg\u00e9szs\u00e9g\u00fcgyi hat\u00e1sok.<\/h4>\n<p> A film az 1980-as \u00e9vekben j\u00e1tsz\u00f3dik, \u00e9s egy csoport tin\u00e9dzser kalandjait k\u00f6veti nyomon, akik elindulnak egy vesz\u00e9lyes exped\u00edci\u00f3ra az erd\u0151be, hogy megtal\u00e1lj\u00e1k az elveszett v\u00e1rost.<\/p>\n<p>Az ifj\u00fa f\u0151szerepl\u0151k mindenf\u00e9le neh\u00e9zs\u00e9gekkel tal\u00e1lkoznak az \u00faton, de v\u00e9g\u00fcl sikeresen megtal\u00e1lj\u00e1k a v\u00e1rost, \u00e9s r\u00e9szesei lesznek egy fantasztikus kalandnak.<\/p>\n<p>A film tele van izgalmas akci\u00f3val, vicces jelenetekkel \u00e9s meghat\u00f3 pillanatokkal, amelyek garant\u00e1ltan lek\u00f6tik a n\u00e9z\u0151k figyelm\u00e9t. A fiatal sz\u00edn\u00e9szek kiv\u00e1l\u00f3 alak\u00edt\u00e1st ny\u00fajtanak, \u00e9s hitelesen jelen\u00edtik meg karaktereiket. A film zenei al\u00e1fest\u00e9se is nagyon hangulatos, \u00e9s t\u00f6k\u00e9letesen illeszkedik a t\u00f6rt\u00e9nethez.<br \/>Az emberis\u00e9g sz\u00e1m\u00e1ra egyre komolyabb probl\u00e9m\u00e1t jelent az \u00e9lelmiszerpazarl\u00e1s. Vil\u00e1gszerte mintegy 1,3 milli\u00e1rd tonna \u00e9lelmiszer ker\u00fcl kidob\u00e1sra \u00e9vente, mik\u00f6zben sok milli\u00f3 ember \u00e9hezik. A pazarl\u00e1snak sz\u00e1mos oka van, p\u00e9ld\u00e1ul a fogyaszt\u00f3i t\u00falk\u00edn\u00e1lat, a sz\u00e1ll\u00edt\u00e1s \u00e9s t\u00e1rol\u00e1s biztons\u00e1gi el\u0151\u00edr\u00e1sok miatti \u00f3vatoss\u00e1g, valamint a kereskedelmi partnerek k\u00f6z\u00f6tti kommunik\u00e1ci\u00f3s hi\u00e1nyoss\u00e1gok.<\/p>\n<p>Az \u00e9lelmiszerpazarl\u00e1s eg\u00e9szs\u00e9g\u00fcgyi, gazdas\u00e1gi \u00e9s k\u00f6rnyezeti hat\u00e1sai is jelent\u0151sek. Nemcsak p\u00e9nz\u00fcgyi vesztes\u00e9get okoznak a v\u00e1llalkoz\u00e1soknak \u00e9s a csal\u00e1doknak, hanapszor a k\u00f6rnyezet szennyez\u0151d\u00e9se miatt is komoly gondokat okoznak.<\/p>\n<p>Az \u00e9lelmiszerpazarl\u00e1s cs\u00f6kkent\u00e9se \u00e9rdek\u00e9ben fontos lenne az \u00e9trend\u00fcnk tudatosabb megv\u00e1laszt\u00e1sa, a helyes t\u00e1rol\u00e1si technik\u00e1k alkalmaz\u00e1sa, az \u00e9lelmiszerek megfelel\u0151 mennyis\u00e9g\u0171 rendel\u00e9se \u00e9s a felesleges term\u00e9kekr\u0151l val\u00f3 t\u00e1j\u00e9koztat\u00e1s. Egy\u00fctt kell dolgoznunk az \u00e9lelmez\u00e9sbiztons\u00e1g \u00e9s a fenntarthat\u00f3 fejl\u0151d\u00e9s el\u00e9r\u00e9se \u00e9rdek\u00e9ben.<\/p>\n<p>A film egy csoport kalandos tin\u00e9dzser exped\u00edci\u00f3j\u00e1t k\u00f6veti nyomon az erd\u0151ben, akik sikeresen megtal\u00e1lj\u00e1k az elveszett v\u00e1rost. Tele izgalmas akci\u00f3val, vicces jelenetekkel \u00e9s meghat\u00f3 pillanatokkal, a fiatal sz\u00edn\u00e9szek kiv\u00e1l\u00f3 alak\u00edt\u00e1st ny\u00fajtanak. Az \u00e9lelmiszerpazarl\u00e1s vil\u00e1gszerte komoly probl\u00e9ma, \u00e9letvesz\u00e9lyes k\u00f6vetkezm\u00e9nyekkel j\u00e1rhat az eg\u00e9szs\u00e9gre, a gazdas\u00e1gra \u00e9s a k\u00f6rnyezetre, ez\u00e9rt fontos lenne tudatosabban megv\u00e1lasztani az \u00e9trend\u00fcnket \u00e9s cs\u00f6kkenteni a pazarl\u00e1st<\/div>\n","protected":false},"excerpt":{"rendered":"<p>Egy kalandos tin\u00e9dzser exped\u00edci\u00f3j\u00e1t k\u00f6veti az erd\u0151ben, akik megtal\u00e1lj\u00e1k az elveszett v\u00e1rost. Tele izgalommal, vicces \u00e9s meghat\u00f3 pillanatokkal. Fontos cs\u00f6kkenteni az \u00e9lelmiszerpazarl\u00e1st. <\/p>\n","protected":false},"author":4,"featured_media":668,"comment_status":"closed","ping_status":"open","sticky":false,"template":"","format":"standard","meta":{"footnotes":""},"categories":[82],"tags":[],"aioseo_notices":[],"_links":{"self":[{"href":"https:\/\/blog.waterlanes.eu\/hu\/wp-json\/wp\/v2\/posts\/667"}],"collection":[{"href":"https:\/\/blog.waterlanes.eu\/hu\/wp-json\/wp\/v2\/posts"}],"about":[{"href":"https:\/\/blog.waterlanes.eu\/hu\/wp-json\/wp\/v2\/types\/post"}],"author":[{"embeddable":true,"href":"https:\/\/blog.waterlanes.eu\/hu\/wp-json\/wp\/v2\/users\/4"}],"replies":[{"embeddable":true,"href":"https:\/\/blog.waterlanes.eu\/hu\/wp-json\/wp\/v2\/comments?post=667"}],"version-history":[{"count":0,"href":"https:\/\/blog.waterlanes.eu\/hu\/wp-json\/wp\/v2\/posts\/667\/revisions"}],"wp:featuredmedia":[{"embeddable":true,"href":"https:\/\/blog.waterlanes.eu\/hu\/wp-json\/wp\/v2\/media\/668"}],"wp:attachment":[{"href":"https:\/\/blog.waterlanes.eu\/hu\/wp-json\/wp\/v2\/media?parent=667"}],"wp:term":[{"taxonomy":"category","embeddable":true,"href":"https:\/\/blog.waterlanes.eu\/hu\/wp-json\/wp\/v2\/categories?post=667"},{"taxonomy":"post_tag","embeddable":true,"href":"https:\/\/blog.waterlanes.eu\/hu\/wp-json\/wp\/v2\/tags?post=667"}],"curies":[{"name":"wp","href":"https:\/\/api.w.org\/{rel}","templated":true}]}}