{"id":665,"date":"2024-03-11T03:01:24","date_gmt":"2024-03-11T03:01:24","guid":{"rendered":"https:\/\/hu.waterlanes.eu\/?p=665"},"modified":"2024-03-11T03:45:10","modified_gmt":"2024-03-11T03:45:10","slug":"vigyazzunk-a-kemenyre","status":"publish","type":"post","link":"https:\/\/blog.waterlanes.eu\/hu\/hirek\/vigyazzunk-a-kemenyre\/","title":{"rendered":"Vigy\u00e1zzunk a k\u00e9m\u00e9nyre!"},"content":{"rendered":"<div class=\"postie-post\">\n<h4>Balatonalm\u00e1diban k\u00e9t ember rosszul lett sz\u00e9n-monoxid m\u00e9rgez\u00e9s miatt, egy id\u0151s h\u00e1zasp\u00e1rt \u00e9rintett a trag\u00e9dia. A t\u0171zolt\u00f3k magas sz\u00e9n-monoxid szintet mutattak ki a helysz\u00ednen, sajnos az egyik\u00fcket m\u00e1r nem tudt\u00e1k megmenteni. A vesz\u00e9lyre h\u00edvja fel a figyelmet az eset, javasolt rendszeresen ellen\u0151rizni \u00e9s karbantartani a g\u00e1zf\u0171t\u00e9st haszn\u00e1l\u00f3 h\u00e1zak k\u00e9m\u00e9ny\u00e9t.<\/h4>\n<p> A katasztr\u00f3fav\u00e9delem p\u00e9ntek d\u00e9lut\u00e1n kapott jelz\u00e9st arr\u00f3l, hogy Balatonalm\u00e1diban k\u00e9t ember rosszul lett sz\u00e9n-monoxid m\u00e9rgez\u00e9s miatt. Az t\u0171zolt\u00f3k azonnal ki\u00e9rkeztek a helysz\u00ednre, ahol a k\u00e9tszintes csal\u00e1di h\u00e1z tet\u0151t\u00e9ri szob\u00e1iban magas sz\u00e9n-monoxid szintet mutattak ki m\u00e9g szell\u0151ztet\u00e9s k\u00f6zben is. Az id\u0151s h\u00e1zasp\u00e1r k\u00f6z\u00fcl az egyik\u00fcknek sajnos m\u00e1r nem tudtak seg\u00edteni, m\u00edg a m\u00e1sikat m\u00e9rgez\u00e9ses t\u00fcnetekkel k\u00f3rh\u00e1zba sz\u00e1ll\u00edtott\u00e1k. A trag\u00e9dia oka feltehet\u0151en a rossz \u00e1llapot\u00fa, repedezett k\u00e9m\u00e9ny \u00e1ltal okozott sz\u00e9n-monoxid m\u00e9rgez\u00e9s volt, hiszen a h\u00e1zban vegyes t\u00fczel\u00e9s\u0171 kaz\u00e1n m\u0171k\u00f6d\u00f6tt. Az id\u00e9n Magyarorsz\u00e1gon m\u00e1r tizenn\u00e9gy ember vesztette \u00e9let\u00e9t sz\u00e9n-monoxid m\u00e9rgez\u00e9sben, emiatt fontos, hogy a g\u00e1zf\u0171t\u00e9st haszn\u00e1l\u00f3 h\u00e1zak k\u00e9m\u00e9ny\u00e9t rendszeresen ellen\u0151rizz\u00e9k. Ezenk\u00edv\u00fcl javasolt az ingyenes k\u00e9m\u00e9nyellen\u0151rz\u00e9s lehet\u0151s\u00e9g\u00e9vel \u00e9lni, melyet a katasztr\u00f3fav\u00e9delem honlapj\u00e1r\u00f3l lehet ig\u00e9nyelni.<br \/>Egy hal\u00e1los m\u00e9rgez\u00e9sr\u0151l sz\u00f3l\u00f3 h\u00edr ker\u00fclt nyilv\u00e1noss\u00e1gra a Balaton Telev\u00edzi\u00f3 &#8211; Csatorna, h\u00edr- \u00e9s \u00e9lm\u00e9nyport\u00e1l nev\u0171 weboldalon. A bejegyz\u00e9s r\u00e9szleteit el\u0151sz\u00f6r itt olvashatt\u00e1k.<\/p>\n<p>A Balatonalm\u00e1diban t\u00f6rt\u00e9nt trag\u00e9dia sor\u00e1n k\u00e9t ember sz\u00e9n-monoxid m\u00e9rgez\u00e9sben vesztette \u00e9let\u00e9t, miut\u00e1n repedezett k\u00e9m\u00e9ny okozta a magas sz\u00e9n-monoxid szintet a h\u00e1zban. Az id\u0151s h\u00e1zasp\u00e1r egyik tagj\u00e1t sajnos m\u00e1r nem tudt\u00e1k megmenteni, m\u00edg a m\u00e1sikat k\u00f3rh\u00e1zba sz\u00e1ll\u00edtott\u00e1k m\u00e9rgez\u00e9ses t\u00fcnetekkel. Az eset arra figyelmeztet, hogy fontos rendszeresen ellen\u0151rizni a g\u00e1zf\u0171t\u00e9st haszn\u00e1l\u00f3 h\u00e1zak k\u00e9m\u00e9ny\u00e9t, valamint aj\u00e1nlott az ingyenes k\u00e9m\u00e9nyellen\u0151rz\u00e9s lehet\u0151s\u00e9g\u00e9vel \u00e9lni a katasztr\u00f3fav\u00e9delem honlapj\u00e1n<\/div>\n","protected":false},"excerpt":{"rendered":"<p>Balatonalm\u00e1dban 2 ember vesztette \u00e9let\u00e9t sz\u00e9n-monoxid m\u00e9rgez\u00e9s miatt repedt k\u00e9m\u00e9ny miatt. Rendszeresen ellen\u0151rizni a k\u00e9m\u00e9nyt! <\/p>\n","protected":false},"author":4,"featured_media":666,"comment_status":"closed","ping_status":"open","sticky":false,"template":"","format":"standard","meta":{"footnotes":""},"categories":[82],"tags":[],"aioseo_notices":[],"_links":{"self":[{"href":"https:\/\/blog.waterlanes.eu\/hu\/wp-json\/wp\/v2\/posts\/665"}],"collection":[{"href":"https:\/\/blog.waterlanes.eu\/hu\/wp-json\/wp\/v2\/posts"}],"about":[{"href":"https:\/\/blog.waterlanes.eu\/hu\/wp-json\/wp\/v2\/types\/post"}],"author":[{"embeddable":true,"href":"https:\/\/blog.waterlanes.eu\/hu\/wp-json\/wp\/v2\/users\/4"}],"replies":[{"embeddable":true,"href":"https:\/\/blog.waterlanes.eu\/hu\/wp-json\/wp\/v2\/comments?post=665"}],"version-history":[{"count":0,"href":"https:\/\/blog.waterlanes.eu\/hu\/wp-json\/wp\/v2\/posts\/665\/revisions"}],"wp:featuredmedia":[{"embeddable":true,"href":"https:\/\/blog.waterlanes.eu\/hu\/wp-json\/wp\/v2\/media\/666"}],"wp:attachment":[{"href":"https:\/\/blog.waterlanes.eu\/hu\/wp-json\/wp\/v2\/media?parent=665"}],"wp:term":[{"taxonomy":"category","embeddable":true,"href":"https:\/\/blog.waterlanes.eu\/hu\/wp-json\/wp\/v2\/categories?post=665"},{"taxonomy":"post_tag","embeddable":true,"href":"https:\/\/blog.waterlanes.eu\/hu\/wp-json\/wp\/v2\/tags?post=665"}],"curies":[{"name":"wp","href":"https:\/\/api.w.org\/{rel}","templated":true}]}}