{"id":661,"date":"2024-03-05T03:01:27","date_gmt":"2024-03-05T03:01:27","guid":{"rendered":"https:\/\/hu.waterlanes.eu\/?p=661"},"modified":"2024-03-05T03:54:40","modified_gmt":"2024-03-05T03:54:40","slug":"tisza-es-poroszlo-a-dizeltilalom-hatasa-a-telepulesekre","status":"publish","type":"post","link":"https:\/\/blog.waterlanes.eu\/hu\/hu\/tisza-es-poroszlo-a-dizeltilalom-hatasa-a-telepulesekre\/","title":{"rendered":"Tisza \u00e9s Poroszl\u00f3: A d\u00edzeltilalom hat\u00e1sa a telep\u00fcl\u00e9sekre"},"content":{"rendered":"<div class=\"postie-post\">A v\u00e1rosban egyre jobban terjed a d\u00edzeltilalom h\u00edre, \u00e9s a helyiek agg\u00f3dnak a k\u00f6zleked\u00e9s korl\u00e1toz\u00e1sa miatt. A d\u00edzel j\u00e1rm\u0171vek tilalma jelent\u0151s hat\u00e1ssal lehet Poroszl\u00f3 lakosaira \u00e9s turizmus\u00e1ra <\/p>\n<h3>Poroszl\u00f3 &#8211; A Tisza-t\u00f3 ide\u00e1lis c\u00e9lpontja a pihen\u00e9sre \u00e9s kikapcsol\u00f3d\u00e1sra<\/h3>\n<p> A Tisza-t\u00f3, mely Magyarorsz\u00e1g m\u00e1sodik legnagyobb mesters\u00e9ges tavak\u00e9nt ismert, ide\u00e1lis c\u00e9lpontja a haj\u00f3kir\u00e1ndul\u00e1soknak. A t\u00f3 tiszta vize, a k\u00f6rnyez\u0151 term\u00e9szeti l\u00e1tnival\u00f3k \u00e9s a nyugodt k\u00f6rnyezet vonzza a l\u00e1togat\u00f3kat eg\u00e9sz \u00e9vben. Poroszl\u00f3, a t\u00f3parti v\u00e1ros a k\u00f6rny\u00e9k turisztikai k\u00f6zpontja, ahol sz\u00e1mos sz\u00e1ll\u00e1slehet\u0151s\u00e9g, \u00e9tterem \u00e9s program v\u00e1rja az ide \u00e9rkez\u0151ket. A mad\u00e1rrezerv\u00e1tumnak otthont ad\u00f3 Tisza-tavi \u00d6kocentrum lehet\u0151s\u00e9get ny\u00fajt a term\u00e9szeti kincsek felfedez\u00e9s\u00e9re \u00e9s a t\u00e1j megismer\u00e9s\u00e9re. A t\u00f3 k\u00f6r\u00fcl sz\u00e1mos sportol\u00e1si \u00e9s szabadid\u0151s lehet\u0151s\u00e9g v\u00e1laszthat\u00f3, \u00edgy garant\u00e1ltan mindenki megtal\u00e1lja a sz\u00e1m\u00e1ra legmegfelel\u0151bb programot. <\/p>\n<h3>A k\u00f6zelg\u0151 d\u00edzeltilalom \u00e9s hat\u00e1sa a t\u00f3 partj\u00e1n elhelyezked\u0151 telep\u00fcl\u00e9sekre<\/h3>\n<p> A k\u00f6zelg\u0151 d\u00edzeltilalom komoly hat\u00e1ssal lehet a t\u00f3 partj\u00e1n elhelyezked\u0151 telep\u00fcl\u00e9sekre, kik\u00f6t\u0151kre \u00e9s turisztikai l\u00e9tes\u00edtm\u00e9nyekre. A d\u00edzelmotorok kibocs\u00e1tott k\u00e1ros anyagai nagyban befoly\u00e1solj\u00e1k a t\u00f3 v\u00edzmin\u0151s\u00e9g\u00e9t \u00e9s a k\u00f6rnyez\u0151 \u00e9l\u0151vil\u00e1got is. A tilalom bevezet\u00e9se fontos l\u00e9p\u00e9s lehet a t\u00f3 \u00f6kol\u00f3giai egyens\u00faly\u00e1nak meg\u0151rz\u00e9se \u00e9rdek\u00e9ben. Ugyanakkor a d\u00edzel\u00fczem\u0171 haj\u00f3k kivon\u00e1sa sz\u00e1mos helyi v\u00e1llalkoz\u00e1snak is kih\u00edv\u00e1st jelenthet, hiszen sz\u00e1mukra jelent\u0151s k\u00f6lts\u00e9gekkel j\u00e1rhat a flotta cser\u00e9je. A d\u00edzeltilalom bevezet\u00e9se azonban hozz\u00e1j\u00e1rulhat a t\u00f3 partj\u00e1n \u00e9l\u0151k \u00e9s a turist\u00e1k eg\u00e9szs\u00e9g\u00e9nek meg\u00f3v\u00e1s\u00e1hoz \u00e9s a t\u00f3 k\u00f6rny\u00e9k\u00e9nek fenntarthat\u00f3 fejl\u0151d\u00e9s\u00e9hez. <\/p>\n<h3>A napelemes haj\u00f3k: egy j\u00f3 befektet\u00e9s a j\u00f6v\u0151nek<\/h3>\n<p> A napelemes haj\u00f3k kateg\u00f3ri\u00e1ja k\u00fcl\u00f6n\u00f6sen fontos szempont a haj\u00f3v\u00e1s\u00e1rl\u00e1s sor\u00e1n, hiszen nemcsak k\u00f6rnyezetk\u00edm\u00e9l\u0151bb alternat\u00edv\u00e1t k\u00edn\u00e1lnak a hagyom\u00e1nyos haj\u00f3khoz k\u00e9pest, de hossz\u00fa t\u00e1von jelent\u0151s megtakar\u00edt\u00e1st is ny\u00fajtanak \u00fczemanyagk\u00f6lts\u00e9gek ter\u00e9n. A k\u00f6zelg\u0151 d\u00edzeltilalom miatt egyre fontosabb lesz a napelemes haj\u00f3k n\u00e9pszer\u0171s\u00e9ge, hiszen ezek a haj\u00f3k kiv\u00e1l\u00f3 alternat\u00edv\u00e1t jelenthetnek a hagyom\u00e1nyos d\u00edzelmotoros haj\u00f3k helyett. Az ilyen haj\u00f3k j\u00f3 befektet\u00e9st jelenthetnek, mivel hossz\u00fa t\u00e1von fenntarthat\u00f3 \u00e9s k\u00f6lts\u00e9ghat\u00e9kony megold\u00e1st k\u00edn\u00e1lnak a kik\u00f6t\u00e9si d\u00edjak \u00e9s az \u00fczemanyagk\u00f6lts\u00e9gek cs\u00f6kkent\u00e9se \u00e9rdek\u00e9ben.<\/p>\n<p>Ismerje meg a magyarorsz\u00e1gi cs\u00f3nak\u00e1z\u00e1s z\u00f6ld lehet\u0151s\u00e9geit.<\/div>\n","protected":false},"excerpt":{"rendered":"<p>A v\u00e1rosban terjed a d\u00edzeltilalom h\u00edre, agg\u00f3dnak a k\u00f6zleked\u00e9s korl\u00e1toz\u00e1sa miatt. A tilalom hat\u00e1ssal lehet Poroszl\u00f3 lakosaira \u00e9s turizmus\u00e1ra. <\/p>\n","protected":false},"author":4,"featured_media":662,"comment_status":"closed","ping_status":"open","sticky":false,"template":"","format":"standard","meta":{"footnotes":""},"categories":[4],"tags":[],"aioseo_notices":[],"_links":{"self":[{"href":"https:\/\/blog.waterlanes.eu\/hu\/wp-json\/wp\/v2\/posts\/661"}],"collection":[{"href":"https:\/\/blog.waterlanes.eu\/hu\/wp-json\/wp\/v2\/posts"}],"about":[{"href":"https:\/\/blog.waterlanes.eu\/hu\/wp-json\/wp\/v2\/types\/post"}],"author":[{"embeddable":true,"href":"https:\/\/blog.waterlanes.eu\/hu\/wp-json\/wp\/v2\/users\/4"}],"replies":[{"embeddable":true,"href":"https:\/\/blog.waterlanes.eu\/hu\/wp-json\/wp\/v2\/comments?post=661"}],"version-history":[{"count":0,"href":"https:\/\/blog.waterlanes.eu\/hu\/wp-json\/wp\/v2\/posts\/661\/revisions"}],"wp:featuredmedia":[{"embeddable":true,"href":"https:\/\/blog.waterlanes.eu\/hu\/wp-json\/wp\/v2\/media\/662"}],"wp:attachment":[{"href":"https:\/\/blog.waterlanes.eu\/hu\/wp-json\/wp\/v2\/media?parent=661"}],"wp:term":[{"taxonomy":"category","embeddable":true,"href":"https:\/\/blog.waterlanes.eu\/hu\/wp-json\/wp\/v2\/categories?post=661"},{"taxonomy":"post_tag","embeddable":true,"href":"https:\/\/blog.waterlanes.eu\/hu\/wp-json\/wp\/v2\/tags?post=661"}],"curies":[{"name":"wp","href":"https:\/\/api.w.org\/{rel}","templated":true}]}}