{"id":659,"date":"2024-03-03T03:01:20","date_gmt":"2024-03-03T03:01:20","guid":{"rendered":"https:\/\/hu.waterlanes.eu\/?p=659"},"modified":"2024-03-03T03:16:37","modified_gmt":"2024-03-03T03:16:37","slug":"a-dan-valogatott-beallo-kozeledik-a-telekom-veszpremhez","status":"publish","type":"post","link":"https:\/\/blog.waterlanes.eu\/hu\/hirek\/a-dan-valogatott-beallo-kozeledik-a-telekom-veszpremhez\/","title":{"rendered":"A D\u00e1n v\u00e1logatott be\u00e1ll\u00f3 k\u00f6zeledik a Telekom Veszpr\u00e9mhez"},"content":{"rendered":"<div class=\"postie-post\">\n<h4>Az egyik kedzvenc\u00fcnkr\u0151l, Ignacio Biosca Garc\u00eda-r\u00f3l kider\u00fclt, hogy t\u00e1vozni fog a Telekom Veszpr\u00e9mb\u0151l. Hely\u00e9re a d\u00e1n Mike Ulrich Jensen \u00e9rkezhet a csapatba, aki kor\u00e1bban sikeres szerepl\u00e9sekkel b\u00fcszk\u00e9lkedhet a Handball-Planet.com szerint. Jensen kor\u00e1bban Magdeburgban j\u00e1tszott, majd a portug\u00e1l Benfic\u00e1ba igazolt, \u00e9s most a veszpr\u00e9mi csapat tagja lehet.<\/h4>\n<p> Spanyol Ignacio Biosca Garc\u00eda t\u00e1voz\u00e1sa ut\u00e1n a Telekom Veszpr\u00e9m k\u00e9zilabdacsapat\u00e1ba \u00e9rkezhet a d\u00e1n Mike Ulrich Jensen. Biosca a j\u00f3 teljes\u00edtm\u00e9ny\u00e9nek k\u00f6sz\u00f6nhet\u0151en hamar n\u00e9pszer\u0171s\u00e9get szerzett Veszpr\u00e9mben, de a k\u00f6vetkez\u0151 szezont\u00f3l a francia HBC Nantes csapat\u00e1ban folytatja p\u00e1lyafut\u00e1s\u00e1t. Jensen, a 28 \u00e9ves j\u00e1t\u00e9kos, a Handball-Planet.com t\u00e1j\u00e9koztat\u00e1sa szerint \u00e9rkezne a veszpr\u00e9mi csapathoz. Jensen kor\u00e1bban n\u00e9met bajnoks\u00e1got \u00e9s Bajnokok Lig\u00e1j\u00e1t nyert a Magdeburg sz\u00edneiben, jelenleg pedig a portug\u00e1l Benfic\u00e1ban j\u00e1tszik.<\/p>\n<p>Ignacio Biosca Garc\u00eda t\u00e1voz\u00e1sa ut\u00e1n a Telekom Veszpr\u00e9m k\u00e9zilabdacsapat\u00e1ba a d\u00e1n Mike Ulrich Jensen \u00e9rkezhet a Handball-Planet.com inform\u00e1ci\u00f3i szerint. Jensen kor\u00e1bban sikeres p\u00e1lyafut\u00e1st tudhat maga m\u00f6g\u00f6tt, hiszen n\u00e9met bajnoks\u00e1got \u00e9s Bajnokok Lig\u00e1j\u00e1t nyert a Magdeburgban, jelenleg pedig a portug\u00e1l Benfic\u00e1ban j\u00e1tszik. Biosca j\u00f3 teljes\u00edtm\u00e9nye ut\u00e1n n\u00e9pszer\u0171s\u00e9get szerzett Veszpr\u00e9mben, de a k\u00f6vetkez\u0151 szezont\u00f3l a francia HBC Nantes csapat\u00e1ban folytatja a p\u00e1lyafut\u00e1s\u00e1t<\/div>\n","protected":false},"excerpt":{"rendered":"<p>Ignacio Biosca Garc\u00eda helyett Mike Ulrich Jensen \u00e9rkezhet a Telekom Veszpr\u00e9m k\u00e9zilabdacsapat\u00e1ba. Jensen sikeres p\u00e1lyafut\u00e1ssal Magdeburgban \u00e9s a Benfic\u00e1ban. Biosca a k\u00f6vetkez\u0151 szezont a HBC Nantes csapat\u00e1ban folytatja. <\/p>\n","protected":false},"author":4,"featured_media":660,"comment_status":"closed","ping_status":"open","sticky":false,"template":"","format":"standard","meta":{"footnotes":""},"categories":[82],"tags":[],"aioseo_notices":[],"_links":{"self":[{"href":"https:\/\/blog.waterlanes.eu\/hu\/wp-json\/wp\/v2\/posts\/659"}],"collection":[{"href":"https:\/\/blog.waterlanes.eu\/hu\/wp-json\/wp\/v2\/posts"}],"about":[{"href":"https:\/\/blog.waterlanes.eu\/hu\/wp-json\/wp\/v2\/types\/post"}],"author":[{"embeddable":true,"href":"https:\/\/blog.waterlanes.eu\/hu\/wp-json\/wp\/v2\/users\/4"}],"replies":[{"embeddable":true,"href":"https:\/\/blog.waterlanes.eu\/hu\/wp-json\/wp\/v2\/comments?post=659"}],"version-history":[{"count":0,"href":"https:\/\/blog.waterlanes.eu\/hu\/wp-json\/wp\/v2\/posts\/659\/revisions"}],"wp:featuredmedia":[{"embeddable":true,"href":"https:\/\/blog.waterlanes.eu\/hu\/wp-json\/wp\/v2\/media\/660"}],"wp:attachment":[{"href":"https:\/\/blog.waterlanes.eu\/hu\/wp-json\/wp\/v2\/media?parent=659"}],"wp:term":[{"taxonomy":"category","embeddable":true,"href":"https:\/\/blog.waterlanes.eu\/hu\/wp-json\/wp\/v2\/categories?post=659"},{"taxonomy":"post_tag","embeddable":true,"href":"https:\/\/blog.waterlanes.eu\/hu\/wp-json\/wp\/v2\/tags?post=659"}],"curies":[{"name":"wp","href":"https:\/\/api.w.org\/{rel}","templated":true}]}}