{"id":657,"date":"2024-02-28T03:02:01","date_gmt":"2024-02-28T03:02:01","guid":{"rendered":"https:\/\/hu.waterlanes.eu\/?p=657"},"modified":"2024-02-28T04:17:52","modified_gmt":"2024-02-28T04:17:52","slug":"egzotikus-gyumolcsok-a-teli-siofokon","status":"publish","type":"post","link":"https:\/\/blog.waterlanes.eu\/hu\/hirek\/egzotikus-gyumolcsok-a-teli-siofokon\/","title":{"rendered":"Egzotikus gy\u00fcm\u00f6lcs\u00f6k a t\u00e9li Si\u00f3fokon"},"content":{"rendered":"<div class=\"postie-post\">\n<h4>Magyar B\u00e1lint si\u00f3foki lakos meglep\u0151 eredm\u00e9nyeket \u00e9rt el ban\u00e1n nevel\u00e9ssel hazai k\u00f6r\u00fclm\u00e9nyek k\u00f6z\u00f6tt. A kl\u00edmav\u00e1ltoz\u00e1snak k\u00f6sz\u00f6nhet\u0151en ma m\u00e1r t\u00f6bb fajta egzotikus gy\u00fcm\u00f6lcs is t\u00fal\u00e9li a t\u00e9li id\u0151szakot Magyarorsz\u00e1gon. A ban\u00e1noknak havi minimum 100 mm csapad\u00e9kra van sz\u00fcks\u00e9g\u00fck a megfelel\u0151 n\u00f6veked\u00e9shez, \u00e9s a vir\u00e1gz\u00e1s 9-10 h\u00f3nap ut\u00e1n kezd\u0151dik.<\/h4>\n<p> Az egzotikus n\u00f6v\u00e9nyek egyre n\u00e9pszer\u0171bb\u00e9 v\u00e1lnak Magyarorsz\u00e1gon, p\u00e9ld\u00e1ul a ban\u00e1nlevelek l\u00e1tv\u00e1nyos n\u00f6veked\u00e9snek indultak. Ecuadorban terem a Magyarorsz\u00e1gra import\u00e1lt ban\u00e1n d\u00f6nt\u0151 r\u00e9sze, ami hatalmas utat tesz meg, miel\u0151tt az otthonunkba ker\u00fclne. A ban\u00e1nt z\u00f6lden sz\u00fcretelik, majd haj\u00f3ra pakolj\u00e1k \u00e9s Eur\u00f3p\u00e1ba sz\u00e1ll\u00edtj\u00e1k. Itthon speci\u00e1lis \u00e9rlel\u0151kamr\u00e1kban s\u00e1rg\u00e1ra \u00e9rlelik ethyl\u00e9ng\u00e1zzal, de ez nem teljesen helyettes\u00edti a term\u00e9szetes \u00e9r\u00e9si folyamatot. A ban\u00e1nnak \u00e1lland\u00f3an meleg \u00e9ghajlatra van sz\u00fcks\u00e9ge, ez\u00e9rt nem fagy\u00e1ll\u00f3.<br \/>Magyar B\u00e1lint si\u00f3foki lakos, aki h\u00e1zi k\u00f6r\u00fclm\u00e9nyek k\u00f6z\u00f6tt nevel ban\u00e1nokat, v\u00e1llalkoz\u00e1sa sor\u00e1n meglep\u0151 eredm\u00e9nyeket \u00e9rt el. M\u00edg r\u00e9gen alig termett n\u00e1lunk egzotikus gy\u00fcm\u00f6lcs, ma m\u00e1r t\u00f6bb fajta is t\u00fal\u00e9li a t\u00e9li id\u0151szakot, k\u00f6sz\u00f6nhet\u0151en a kl\u00edmav\u00e1ltoz\u00e1snak. A ban\u00e1noknak havi minimum 100 mm csapad\u00e9kra van sz\u00fcks\u00e9g\u00fck a megfelel\u0151 n\u00f6veked\u00e9shez. A vir\u00e1gz\u00e1s 9-10 h\u00f3nap ut\u00e1n kezd\u0151dik, majd a gy\u00fcm\u00f6lcs kb. 3 h\u00f3nap alatt \u00e9rik be. Az eredm\u00e9nyek a post oldalon tal\u00e1lhat\u00f3k. Az illusztr\u00e1ci\u00f3 csak egy \u00e1ltal\u00e1nos k\u00e9pet mutat.<\/p>\n<p>Magyarorsz\u00e1gon egyre n\u00e9pszer\u0171bbek az egzotikus n\u00f6v\u00e9nyek, p\u00e9ld\u00e1ul a ban\u00e1nlevelek l\u00e1tv\u00e1nyos n\u00f6veked\u00e9snek indultak. Ecuadorb\u00f3l import\u00e1lt ban\u00e1nok hossz\u00fa \u00faton utaznak, mire az eur\u00f3pai boltokba ker\u00fclnek, ahol speci\u00e1lis \u00e9rlel\u0151kamr\u00e1kban \u00e9rik s\u00e1rg\u00e1ra. Magyar B\u00e1lint si\u00f3foki lakos meglep\u0151 eredm\u00e9nyeket \u00e9rt el a ban\u00e1nok h\u00e1zi nevel\u00e9s\u00e9vel, aminek k\u00f6sz\u00f6nhet\u0151en t\u00f6bb exotikus gy\u00fcm\u00f6lcs is t\u00fal\u00e9li a t\u00e9li id\u0151szakot Magyarorsz\u00e1gon<\/div>\n","protected":false},"excerpt":{"rendered":"<p>Magyarorsz\u00e1gban n\u00e9pszer\u0171ek az egzotikus n\u00f6v\u00e9nyek. Ecuadorb\u00f3l import\u00e1lt ban\u00e1nok hossz\u00fa \u00faton utaznak, miel\u0151tt az eur\u00f3pai boltokba ker\u00fcln\u00e9nek. Si\u00f3foki lakos, Magyar B\u00e1lint, otthon nevel ban\u00e1nokat, melyek t\u00f6bb exotikus gy\u00fcm\u00f6lcs t\u00fal\u00e9l\u00e9s\u00e9t is lehet\u0151v\u00e9 teszik t\u00e9len. <\/p>\n","protected":false},"author":4,"featured_media":658,"comment_status":"closed","ping_status":"open","sticky":false,"template":"","format":"standard","meta":{"footnotes":""},"categories":[82],"tags":[],"aioseo_notices":[],"_links":{"self":[{"href":"https:\/\/blog.waterlanes.eu\/hu\/wp-json\/wp\/v2\/posts\/657"}],"collection":[{"href":"https:\/\/blog.waterlanes.eu\/hu\/wp-json\/wp\/v2\/posts"}],"about":[{"href":"https:\/\/blog.waterlanes.eu\/hu\/wp-json\/wp\/v2\/types\/post"}],"author":[{"embeddable":true,"href":"https:\/\/blog.waterlanes.eu\/hu\/wp-json\/wp\/v2\/users\/4"}],"replies":[{"embeddable":true,"href":"https:\/\/blog.waterlanes.eu\/hu\/wp-json\/wp\/v2\/comments?post=657"}],"version-history":[{"count":0,"href":"https:\/\/blog.waterlanes.eu\/hu\/wp-json\/wp\/v2\/posts\/657\/revisions"}],"wp:featuredmedia":[{"embeddable":true,"href":"https:\/\/blog.waterlanes.eu\/hu\/wp-json\/wp\/v2\/media\/658"}],"wp:attachment":[{"href":"https:\/\/blog.waterlanes.eu\/hu\/wp-json\/wp\/v2\/media?parent=657"}],"wp:term":[{"taxonomy":"category","embeddable":true,"href":"https:\/\/blog.waterlanes.eu\/hu\/wp-json\/wp\/v2\/categories?post=657"},{"taxonomy":"post_tag","embeddable":true,"href":"https:\/\/blog.waterlanes.eu\/hu\/wp-json\/wp\/v2\/tags?post=657"}],"curies":[{"name":"wp","href":"https:\/\/api.w.org\/{rel}","templated":true}]}}