{"id":655,"date":"2024-02-24T03:01:55","date_gmt":"2024-02-24T03:01:55","guid":{"rendered":"https:\/\/hu.waterlanes.eu\/?p=655"},"modified":"2024-02-24T04:14:37","modified_gmt":"2024-02-24T04:14:37","slug":"karacsonyi-es-ujevi-hajozas-a-balatonon","status":"publish","type":"post","link":"https:\/\/blog.waterlanes.eu\/hu\/hirek\/karacsonyi-es-ujevi-hajozas-a-balatonon\/","title":{"rendered":"Kar\u00e1csonyi \u00e9s \u00faj\u00e9vi haj\u00f3z\u00e1s a Balatonon"},"content":{"rendered":"<div class=\"postie-post\">\n<h4>Az \u00fcnnepi id\u0151szakban a Bahart megn\u00f6vekedett forgalom miatt s\u0171r\u00edti j\u00e1ratait a Balatonon. A Sz\u00e1nt\u00f3dr\u00f3l \u00e9s Tihanyb\u00f3l k\u00f6zleked\u0151 kompok indul\u00e1si id\u0151pontjai eg\u00e9sz \u00f3r\u00e1kban \u00e9s f\u00e9l \u00f3r\u00e1kkor lesznek 7-17 \u00f3ra k\u00f6z\u00f6tt. A menetid\u0151 mind\u00f6ssze 8 perc a k\u00e9t \u00e1llom\u00e1s k\u00f6z\u00f6tt, \u00edgy gyors \u00e9s k\u00e9nyelmes lehet az utaz\u00e1s a Balatonon.<\/h4>\n<p> Az \u00fcnnepi id\u0151szakban a Balatoni Haj\u00f3z\u00e1si Zrt. (Bahart) megn\u00f6vekedett forgalom miatt s\u0171r\u00edti j\u00e1ratait. Sz\u00e1nt\u00f3dr\u00f3l eg\u00e9sz \u00f3r\u00e1ban \u00e9s f\u00e9lkor, Tihanyb\u00f3l negyedkor \u00e9s h\u00e1romnegyedkor k\u00f6zlekednek a j\u00e1ratok 7-17 \u00f3ra k\u00f6z\u00f6tt. Nagy forgalom eset\u00e9n tov\u00e1bb s\u0171r\u00edtik a kompok ind\u00edt\u00e1s\u00e1t. A menetid\u0151 mind\u00f6ssze 8 perc a k\u00e9t \u00e1llom\u00e1s k\u00f6z\u00f6tt. December 24-\u00e9n \u00e9s december 31-\u00e9n, szilveszterkor az utols\u00f3 j\u00e1ratok 15 \u00f3rakor indulnak Sz\u00e1nt\u00f3dr\u00f3l \u00e9s 15.15-kor Tihanyb\u00f3l. Az \u00faj \u00e9vet janu\u00e1r 1-j\u00e9n \u00fcdv\u00f6z\u00f6lheti az els\u0151 d\u00e9lel\u0151tti j\u00e1rattal, amely 10 \u00f3rakor indul Sz\u00e1nt\u00f3dr\u00f3l \u00e9s 10.15-kor Tihanyb\u00f3l.<\/p>\n<p>Az \u00fcnnepi id\u0151szakban a Balatoni Haj\u00f3z\u00e1si Zrt. megn\u00f6vekedett forgalom miatt s\u0171r\u00edtette j\u00e1ratait a Balatonon. Sz\u00e1nt\u00f3dr\u00f3l \u00e9s Tihanyb\u00f3l eg\u00e9sz \u00f3r\u00e1ban \u00e9s f\u00e9lkor k\u00f6zlekednek a j\u00e1ratok 7-17 \u00f3ra k\u00f6z\u00f6tt mind\u00f6ssze 8 perces menetid\u0151vel. December 24-\u00e9n \u00e9s december 31-\u00e9n, valamint szilveszterkor korai indul\u00e1ssal, janu\u00e1r 1-j\u00e9n pedig \u00faj\u00e9vi j\u00e1ratokkal v\u00e1rj\u00e1k az utaz\u00f3kat a haj\u00f3k<\/div>\n","protected":false},"excerpt":{"rendered":"<p>Az \u00fcnnepek alatt a Balatoni Haj\u00f3z\u00e1si Zrt. s\u0171r\u00edtett j\u00e1ratai k\u00f6zlekednek a Balatonon. Sz\u00e1nt\u00f3dr\u00f3l \u00e9s Tihanyb\u00f3l \u00f3r\u00e1nk\u00e9nt 7-17 \u00f3ra k\u00f6z\u00f6tt 8 perces menetid\u0151vel. December 24-\u00e9n \u00e9s 31-\u00e9n korai indul\u00e1s\u00fa, janu\u00e1r 1-j\u00e9n pedig \u00faj\u00e9vi j\u00e1ratok v\u00e1rnak utaz\u00f3kat. <\/p>\n","protected":false},"author":4,"featured_media":656,"comment_status":"closed","ping_status":"open","sticky":false,"template":"","format":"standard","meta":{"footnotes":""},"categories":[82],"tags":[],"aioseo_notices":[],"_links":{"self":[{"href":"https:\/\/blog.waterlanes.eu\/hu\/wp-json\/wp\/v2\/posts\/655"}],"collection":[{"href":"https:\/\/blog.waterlanes.eu\/hu\/wp-json\/wp\/v2\/posts"}],"about":[{"href":"https:\/\/blog.waterlanes.eu\/hu\/wp-json\/wp\/v2\/types\/post"}],"author":[{"embeddable":true,"href":"https:\/\/blog.waterlanes.eu\/hu\/wp-json\/wp\/v2\/users\/4"}],"replies":[{"embeddable":true,"href":"https:\/\/blog.waterlanes.eu\/hu\/wp-json\/wp\/v2\/comments?post=655"}],"version-history":[{"count":0,"href":"https:\/\/blog.waterlanes.eu\/hu\/wp-json\/wp\/v2\/posts\/655\/revisions"}],"wp:featuredmedia":[{"embeddable":true,"href":"https:\/\/blog.waterlanes.eu\/hu\/wp-json\/wp\/v2\/media\/656"}],"wp:attachment":[{"href":"https:\/\/blog.waterlanes.eu\/hu\/wp-json\/wp\/v2\/media?parent=655"}],"wp:term":[{"taxonomy":"category","embeddable":true,"href":"https:\/\/blog.waterlanes.eu\/hu\/wp-json\/wp\/v2\/categories?post=655"},{"taxonomy":"post_tag","embeddable":true,"href":"https:\/\/blog.waterlanes.eu\/hu\/wp-json\/wp\/v2\/tags?post=655"}],"curies":[{"name":"wp","href":"https:\/\/api.w.org\/{rel}","templated":true}]}}