{"id":649,"date":"2024-02-16T03:02:08","date_gmt":"2024-02-16T03:02:08","guid":{"rendered":"https:\/\/hu.waterlanes.eu\/?p=649"},"modified":"2024-02-16T03:45:28","modified_gmt":"2024-02-16T03:45:28","slug":"ingyenes-tudoszures-januar-8-19-kozott","status":"publish","type":"post","link":"https:\/\/blog.waterlanes.eu\/hu\/hirek\/ingyenes-tudoszures-januar-8-19-kozott\/","title":{"rendered":"Ingyenes t\u00fcd\u0151sz\u0171r\u00e9s janu\u00e1r 8-19 k\u00f6z\u00f6tt"},"content":{"rendered":"<div class=\"postie-post\">\n<h4>Janu\u00e1r 8-19 k\u00f6z\u00f6tt a Balatonf\u00fcredi Szoci\u00e1lis Alapszolg\u00e1ltat\u00e1si K\u00f6zpont parkol\u00f3j\u00e1ban lehet\u0151s\u00e9g lesz ingyenes t\u00fcd\u0151sz\u0171r\u00e9sre. A vizsg\u00e1latra jelentkez\u0151knek sz\u00fcks\u00e9g\u00fck lesz TAJ-k\u00e1rty\u00e1jukra, szem\u00e9lyi igazolv\u00e1nyukra \u00e9s lakc\u00edmk\u00e1rty\u00e1jukra. A sz\u0171r\u0151vizsg\u00e1lat lehet\u0151s\u00e9get k\u00edn\u00e1l a 40 \u00e9v feletti lakosoknak a TBC \u00e9s m\u00e1s mellkasi betegs\u00e9gek korai felismer\u00e9s\u00e9re.<\/h4>\n<p> A Balatonf\u00fcredi Szoci\u00e1lis Alapszolg\u00e1ltat\u00e1si K\u00f6zpont parkol\u00f3j\u00e1ban janu\u00e1r 8-19. k\u00f6z\u00f6tt t\u00fcd\u0151sz\u0171r\u00e9st v\u00e9geznek.<\/p>\n<p>A szoci\u00e1lis k\u00f6zpont parkol\u00f3j\u00e1ban, a Balatonf\u00fcred K\u00e9ki utc\u00e1j\u00e1ban lehet elv\u00e9gezni a sz\u0171r\u0151vizsg\u00e1latot. Az id\u0151pontok munkanapokon vannak, 08.20-12.00 \u00e9s 12.45-18.15 \u00f3ra k\u00f6z\u00f6tt.<\/p>\n<p>A t\u00fcd\u0151sz\u0171r\u00e9sre jelentkez\u0151knek sz\u00fcks\u00e9g\u00fck van a TAJ-k\u00e1rty\u00e1jukra, a szem\u00e9lyi igazolv\u00e1nyukra \u00e9s a lakc\u00edmk\u00e1rty\u00e1jukra.<\/p>\n<p>A vizsg\u00e1lat lehet\u0151s\u00e9get k\u00edn\u00e1l a 40 \u00e9v feletti lakosoknak a TBC \u00e9s m\u00e1s mellkasi betegs\u00e9gek id\u0151ben t\u00f6rt\u00e9n\u0151 felismer\u00e9s\u00e9re. Fontos megjegyezni, hogy a betegs\u00e9g panaszok n\u00e9lk\u00fcl is jelen lehet.<\/p>\n<p>A mobil t\u00fcd\u0151sz\u0171r\u0151 \u00e1llom\u00e1son v\u00e9gzett vizsg\u00e1lat ingyenes a Veszpr\u00e9m megyei \u00e1lland\u00f3 vagy ideiglenes lakosok sz\u00e1m\u00e1ra &#8211; ahogyan a v\u00e1ros honlapj\u00e1n olvashatjuk.<\/p>\n<p>A Balatonf\u00fcredi Szoci\u00e1lis Alapszolg\u00e1ltat\u00e1si K\u00f6zpont parkol\u00f3j\u00e1ban ingyenes t\u00fcd\u0151sz\u0171r\u00e9st v\u00e9geznek janu\u00e1r 8-19. k\u00f6z\u00f6tt. A sz\u0171r\u0151vizsg\u00e1latra jelentkez\u0151knek a TAJ-k\u00e1rty\u00e1jukra, a szem\u00e9lyi igazolv\u00e1nyukra \u00e9s a lakc\u00edmk\u00e1rty\u00e1jukra lesz sz\u00fcks\u00e9g\u00fck. A vizsg\u00e1lat lehet\u0151s\u00e9get k\u00edn\u00e1l a mellkasi betegs\u00e9gek id\u0151ben t\u00f6rt\u00e9n\u0151 felismer\u00e9s\u00e9re<\/div>\n","protected":false},"excerpt":{"rendered":"<p>Jan. 8-19. k\u00f6z\u00f6tt, Balatonf\u00fcredi SZAC parkol\u00f3j\u00e1ban t\u00fcd\u0151sz\u0171r\u00e9s. TAJ-k\u00e1rtya, igazolv\u00e1ny \u00e9s lakc\u00edmk\u00e1rtya sz\u00fcks\u00e9ges. Mellkasbetegs\u00e9gek id\u0151ben felismerhet\u0151k. <\/p>\n","protected":false},"author":4,"featured_media":650,"comment_status":"closed","ping_status":"open","sticky":false,"template":"","format":"standard","meta":{"footnotes":""},"categories":[82],"tags":[],"aioseo_notices":[],"_links":{"self":[{"href":"https:\/\/blog.waterlanes.eu\/hu\/wp-json\/wp\/v2\/posts\/649"}],"collection":[{"href":"https:\/\/blog.waterlanes.eu\/hu\/wp-json\/wp\/v2\/posts"}],"about":[{"href":"https:\/\/blog.waterlanes.eu\/hu\/wp-json\/wp\/v2\/types\/post"}],"author":[{"embeddable":true,"href":"https:\/\/blog.waterlanes.eu\/hu\/wp-json\/wp\/v2\/users\/4"}],"replies":[{"embeddable":true,"href":"https:\/\/blog.waterlanes.eu\/hu\/wp-json\/wp\/v2\/comments?post=649"}],"version-history":[{"count":0,"href":"https:\/\/blog.waterlanes.eu\/hu\/wp-json\/wp\/v2\/posts\/649\/revisions"}],"wp:featuredmedia":[{"embeddable":true,"href":"https:\/\/blog.waterlanes.eu\/hu\/wp-json\/wp\/v2\/media\/650"}],"wp:attachment":[{"href":"https:\/\/blog.waterlanes.eu\/hu\/wp-json\/wp\/v2\/media?parent=649"}],"wp:term":[{"taxonomy":"category","embeddable":true,"href":"https:\/\/blog.waterlanes.eu\/hu\/wp-json\/wp\/v2\/categories?post=649"},{"taxonomy":"post_tag","embeddable":true,"href":"https:\/\/blog.waterlanes.eu\/hu\/wp-json\/wp\/v2\/tags?post=649"}],"curies":[{"name":"wp","href":"https:\/\/api.w.org\/{rel}","templated":true}]}}