{"id":637,"date":"2024-02-04T03:02:18","date_gmt":"2024-02-04T03:02:18","guid":{"rendered":"https:\/\/hu.waterlanes.eu\/?p=637"},"modified":"2024-02-04T03:44:01","modified_gmt":"2024-02-04T03:44:01","slug":"goncol-szekere-a-szent-gyorgy-hegyen-egy-misztikus-egi-latvany","status":"publish","type":"post","link":"https:\/\/blog.waterlanes.eu\/hu\/hirek\/goncol-szekere-a-szent-gyorgy-hegyen-egy-misztikus-egi-latvany\/","title":{"rendered":"G\u00f6nc\u00f6l szekere a Szent Gy\u00f6rgy-hegyen: egy misztikus \u00e9gi l\u00e1tv\u00e1ny"},"content":{"rendered":"<div class=\"postie-post\">\n<h4>A december 22-i t\u00e9li napfordul\u00f3n Szent Gy\u00f6rgy-hegyen csod\u00e1latos l\u00e1tv\u00e1nyban lehetett r\u00e9sz\u00fcnk: a krist\u00e1lytiszta \u00e9gben G\u00f6nc\u00f6l szekere ragyogott s\u00f6t\u00e9ted\u00e9s ut\u00e1n. Somogyi L\u00e1szl\u00f3, t\u00faravezet\u0151, egy leny\u0171g\u00f6z\u0151 fot\u00f3t osztott meg a Lel\u00e9p\u0151 hivatalos Facebook csoportj\u00e1ban, amelyen a t\u00e9li G\u00f6nc\u00f6l Betlehemi csillagk\u00e9nt t\u00fcnd\u00f6k\u00f6lt a Szent Gy\u00f6rgy-hegy f\u00f6l\u00f6tt. A fot\u00f3val kapcsolatos eredeti bejegyz\u00e9s megtal\u00e1lhat\u00f3 a www oldalon.<\/h4>\n<p> A t\u00e9li napfordul\u00f3kor, december 22-\u00e9n, az \u00e9gre pillantva, csod\u00e1latos l\u00e1tv\u00e1nyban r\u00e9szes\u00fclhett\u00fcnk. A Szent Gy\u00f6rgy-hegyen f\u00e9nyesen ragyogtak a krist\u00e1lytiszta id\u0151ben G\u00f6nc\u00f6l szeker\u00e9t alkot\u00f3 csillagok s\u00f6t\u00e9ted\u00e9s ut\u00e1n. Somogyi L\u00e1szl\u00f3, t\u00faravezet\u0151, egy l\u00e1tv\u00e1nyos fot\u00f3t osztott meg a Lel\u00e9p\u0151 hivatalos Facebook csoportj\u00e1ban. Ennek a fot\u00f3nak a tan\u00fas\u00e1ga szerint kar\u00e1csonykor a t\u00e9li G\u00f6nc\u00f6l ragyogott Betlehemi csillagk\u00e9nt a Szent Gy\u00f6rgy-hegy felett. Az eredeti bejegyz\u00e9s megtal\u00e1lhat\u00f3 a www oldalon.<\/p>\n<p>December 22-\u00e9n, a t\u00e9li napfordul\u00f3kor Somogyi L\u00e1szl\u00f3, egy t\u00faravezet\u0151, csod\u00e1latos l\u00e1tv\u00e1nyban r\u00e9szes\u00fclt a Szent Gy\u00f6rgy-hegyen. Ezen a napon G\u00f6nc\u00f6l szeker\u00e9t alkot\u00f3 csillagok ragyogtak a krist\u00e1lytiszta \u00e9gbolton, mint Betlehemi csillag a kar\u00e1csonyi id\u0151szakban. A f\u00e9nyes jelens\u00e9gr\u0151l L\u00e1szl\u00f3 egy l\u00e1tv\u00e1nyos fot\u00f3t osztott meg a Lel\u00e9p\u0151 hivatalos Facebook csoportj\u00e1ban<\/div>\n","protected":false},"excerpt":{"rendered":"<p>December 22-\u00e9n Somogyi L\u00e1szl\u00f3, egy t\u00faravezet\u0151, csod\u00e1s l\u00e1tv\u00e1nyban r\u00e9szes\u00fclt a Szent Gy\u00f6rgy-hegyen. L\u00e1szl\u00f3 egy k\u00e9pet osztott meg err\u0151l a jelens\u00e9gr\u0151l a Lel\u00e9p\u0151 hivatalos Facebook csoportj\u00e1ban. <\/p>\n","protected":false},"author":4,"featured_media":638,"comment_status":"closed","ping_status":"open","sticky":false,"template":"","format":"standard","meta":{"footnotes":""},"categories":[82],"tags":[],"aioseo_notices":[],"_links":{"self":[{"href":"https:\/\/blog.waterlanes.eu\/hu\/wp-json\/wp\/v2\/posts\/637"}],"collection":[{"href":"https:\/\/blog.waterlanes.eu\/hu\/wp-json\/wp\/v2\/posts"}],"about":[{"href":"https:\/\/blog.waterlanes.eu\/hu\/wp-json\/wp\/v2\/types\/post"}],"author":[{"embeddable":true,"href":"https:\/\/blog.waterlanes.eu\/hu\/wp-json\/wp\/v2\/users\/4"}],"replies":[{"embeddable":true,"href":"https:\/\/blog.waterlanes.eu\/hu\/wp-json\/wp\/v2\/comments?post=637"}],"version-history":[{"count":0,"href":"https:\/\/blog.waterlanes.eu\/hu\/wp-json\/wp\/v2\/posts\/637\/revisions"}],"wp:featuredmedia":[{"embeddable":true,"href":"https:\/\/blog.waterlanes.eu\/hu\/wp-json\/wp\/v2\/media\/638"}],"wp:attachment":[{"href":"https:\/\/blog.waterlanes.eu\/hu\/wp-json\/wp\/v2\/media?parent=637"}],"wp:term":[{"taxonomy":"category","embeddable":true,"href":"https:\/\/blog.waterlanes.eu\/hu\/wp-json\/wp\/v2\/categories?post=637"},{"taxonomy":"post_tag","embeddable":true,"href":"https:\/\/blog.waterlanes.eu\/hu\/wp-json\/wp\/v2\/tags?post=637"}],"curies":[{"name":"wp","href":"https:\/\/api.w.org\/{rel}","templated":true}]}}