{"id":635,"date":"2024-02-02T03:02:07","date_gmt":"2024-02-02T03:02:07","guid":{"rendered":"https:\/\/hu.waterlanes.eu\/?p=635"},"modified":"2024-02-02T03:44:23","modified_gmt":"2024-02-02T03:44:23","slug":"meghalalos-szen-monoxid-mergezes-es-ingyenes-kemenyellenorzes","status":"publish","type":"post","link":"https:\/\/blog.waterlanes.eu\/hu\/hirek\/meghalalos-szen-monoxid-mergezes-es-ingyenes-kemenyellenorzes\/","title":{"rendered":"Meghal\u00e1los sz\u00e9n-monoxid-m\u00e9rgez\u00e9s \u00e9s ingyenes k\u00e9m\u00e9nyellen\u0151rz\u00e9s"},"content":{"rendered":"<div class=\"postie-post\">\n<h4>Balatonalm\u00e1diban k\u00e9t szem\u00e9ly szenvedett s\u00falyos sz\u00e9n-monoxid-m\u00e9rgez\u00e9st, melynek egyik \u00e1ldozat\u00e1n m\u00e1r nem tudtak seg\u00edteni. Az \u00e9p\u00fcletben lev\u0151 vegyes t\u00fczel\u00e9s\u0171 kaz\u00e1n \u00e9s a k\u00e9m\u00e9ny rossz \u00e1llapota val\u00f3sz\u00edn\u0171leg okozta a m\u00e9rgez\u00e9st. Fontos tudni, hogy a k\u00e9m\u00e9nyellen\u0151rz\u00e9st \u00e9vente vagy k\u00e9thavonta kell elv\u00e9gezni, att\u00f3l f\u00fcgg\u0151en, hogy g\u00e1z vagy szil\u00e1rd t\u00fczel\u0151anyagot haszn\u00e1lnak a csal\u00e1di h\u00e1zban. Az ingyenes k\u00e9m\u00e9nyellen\u0151rz\u00e9s lehet\u0151s\u00e9g\u00e9t mindenk\u00e9ppen ki kell haszn\u00e1lni a hasonl\u00f3 trag\u00e9di\u00e1k elker\u00fcl\u00e9se \u00e9rdek\u00e9ben.<\/h4>\n<p> Mint \u00edr\u00e1sban k\u00f6z\u00f6lt\u00e9k, p\u00e9ntek d\u00e9lut\u00e1n \u00e9rkezett jelz\u00e9s a katasztr\u00f3fav\u00e9delemhez, hogy Balatonalm\u00e1diban, a Szabads\u00e1g \u00faton ketten szenvedtek s\u00falyos sz\u00e9n-monoxid-m\u00e9rgez\u00e9st. Azonnal ki\u00e9rkeztek a t\u0171zolt\u00f3k a k\u00e9tszintes csal\u00e1di h\u00e1zhoz, ahol a k\u00e9t tet\u0151t\u00e9ri szob\u00e1ban, m\u00e9g szell\u0151ztet\u00e9s k\u00f6zben is er\u0151s sz\u00e9n-monoxid-koncentr\u00e1ci\u00f3t m\u00e9rtek. Az id\u0151s h\u00e1zasp\u00e1r egyik tagj\u00e1n m\u00e1r nem tudtak seg\u00edteni, a m\u00e1sikat pedig m\u00e9rgez\u00e9ses t\u00fcnetekkel k\u00f3rh\u00e1zba vitt\u00e9k. Az \u00e9p\u00fcletben vegyes t\u00fczel\u00e9s\u0171 kaz\u00e1n volt \u00fczemben. Lehets\u00e9ges, hogy a k\u00e9m\u00e9ny rossz, repedezett \u00e1llapota miatt keletkezett sz\u00e9n-monoxid az \u00e9p\u00fclet bels\u0151 ter\u00e9ben &#8211; \u00e1ll\u00edtja a k\u00f6zlem\u00e9ny. A t\u00e1j\u00e9koztat\u00e1s szerint, id\u00e9n m\u00e1r tizenn\u00e9gy ember halt meg sz\u00e9n-monoxid-m\u00e9rgez\u00e9sben Magyarorsz\u00e1gon.<br \/>A sz\u00e9n-monoxid m\u00e9rgez\u0151 g\u00e1z, amely sz\u00edntelen \u00e9s szagtalan. Ezt a g\u00e1zt a ny\u00edlt \u00e9g\u00e9ster\u0171 f\u0171t\u0151eszk\u00f6z\u00f6k \u00e9s v\u00edzmeleg\u00edt\u0151k rossz leveg\u0151-ut\u00e1np\u00f3tl\u00e1sa \u00e9s t\u00f6k\u00e9letlen \u00e9g\u00e9se sor\u00e1n keletkezik. A k\u00e9m\u00e9ny \u00e1llapota is befoly\u00e1solhatja a sz\u00e9n-monoxid keletkez\u00e9s\u00e9t. Fontos megeml\u00edteni, hogy a k\u00e9m\u00e9nysepr\u0151 csak akkor v\u00e9gez ingyenes k\u00e9m\u00e9nyellen\u0151rz\u00e9st a csal\u00e1di h\u00e1zakban, ha a tulajdonos el\u0151re egyeztet id\u0151pontot. Ha a csal\u00e1di h\u00e1zban g\u00e1zk\u00e9sz\u00fcl\u00e9k van r\u00e1k\u00f6tve a k\u00e9m\u00e9nyre, akkor javasolt k\u00e9t\u00e9vente ellen\u0151riztetni. Ha szil\u00e1rd t\u00fczel\u0151vel f\u0171tenek, akkor \u00e9vente tan\u00e1csos ellen\u0151riztetni a k\u00e9m\u00e9nyt. A k\u00f6zlem\u00e9ny hangs\u00falyozza, hogy az ingyenes k\u00e9m\u00e9nyellen\u0151rz\u00e9s lehet\u0151s\u00e9g\u00e9t mindenk\u00e9ppen ki kell haszn\u00e1lni annak \u00e9rdek\u00e9ben, hogy hasonl\u00f3 trag\u00e9di\u00e1k elker\u00fclhet\u0151ek legyenek. A k\u00e9m\u00e9nyellen\u0151rz\u00e9st a katasztr\u00f3fav\u00e9delem honlapj\u00e1n lehet ig\u00e9nyelni.<br \/>A Balaton Telev\u00edzi\u00f3 &#8211; Csatorna, h\u00edr- \u00e9s \u00e9lm\u00e9nyport\u00e1l -\u00e9n tette k\u00f6zz\u00e9 el\u0151sz\u00f6r a h\u00edrt, hogy egy hal\u00e1los m\u00e9rgez\u00e9s t\u00f6rt\u00e9nt.<\/p>\n<p>P\u00e9ntek d\u00e9lut\u00e1n Balatonalm\u00e1diban k\u00e9t ember s\u00falyos sz\u00e9n-monoxid-m\u00e9rgez\u00e9st szenvedett, amelynek egyik \u00e1ldozata sajnos meghalt. A h\u00e1zban rossz leveg\u0151-ut\u00e1np\u00f3tl\u00e1s \u00e9s t\u00f6k\u00e9letlen \u00e9g\u00e9s miatt keletkezett a m\u00e9rgez\u0151 g\u00e1z. A k\u00f6zlem\u00e9ny hangs\u00falyozza, hogy fontos az ingyenes k\u00e9m\u00e9nyellen\u0151rz\u00e9s ig\u00e9nybev\u00e9tele, hogy hasonl\u00f3 trag\u00e9di\u00e1k elker\u00fclhet\u0151ek legyenek<\/div>\n","protected":false},"excerpt":{"rendered":"<p>P\u00e9ntek d\u00e9lut\u00e1n k\u00e9t ember s\u00falyos sz\u00e9n-monoxid-m\u00e9rgez\u00e9st szenvedett Balatonalm\u00e1diban, egy \u00e1ldozat sajnos meghalt. Rossz leveg\u0151-ut\u00e1np\u00f3tl\u00e1s \u00e9s t\u00f6k\u00e9letlen \u00e9g\u00e9s miatt keletkezett a m\u00e9rgez\u0151 g\u00e1z. Fontos az ingyenes k\u00e9m\u00e9nyellen\u0151rz\u00e9s. (160 characters) <\/p>\n","protected":false},"author":4,"featured_media":636,"comment_status":"closed","ping_status":"open","sticky":false,"template":"","format":"standard","meta":{"footnotes":""},"categories":[82],"tags":[],"aioseo_notices":[],"_links":{"self":[{"href":"https:\/\/blog.waterlanes.eu\/hu\/wp-json\/wp\/v2\/posts\/635"}],"collection":[{"href":"https:\/\/blog.waterlanes.eu\/hu\/wp-json\/wp\/v2\/posts"}],"about":[{"href":"https:\/\/blog.waterlanes.eu\/hu\/wp-json\/wp\/v2\/types\/post"}],"author":[{"embeddable":true,"href":"https:\/\/blog.waterlanes.eu\/hu\/wp-json\/wp\/v2\/users\/4"}],"replies":[{"embeddable":true,"href":"https:\/\/blog.waterlanes.eu\/hu\/wp-json\/wp\/v2\/comments?post=635"}],"version-history":[{"count":0,"href":"https:\/\/blog.waterlanes.eu\/hu\/wp-json\/wp\/v2\/posts\/635\/revisions"}],"wp:featuredmedia":[{"embeddable":true,"href":"https:\/\/blog.waterlanes.eu\/hu\/wp-json\/wp\/v2\/media\/636"}],"wp:attachment":[{"href":"https:\/\/blog.waterlanes.eu\/hu\/wp-json\/wp\/v2\/media?parent=635"}],"wp:term":[{"taxonomy":"category","embeddable":true,"href":"https:\/\/blog.waterlanes.eu\/hu\/wp-json\/wp\/v2\/categories?post=635"},{"taxonomy":"post_tag","embeddable":true,"href":"https:\/\/blog.waterlanes.eu\/hu\/wp-json\/wp\/v2\/tags?post=635"}],"curies":[{"name":"wp","href":"https:\/\/api.w.org\/{rel}","templated":true}]}}