{"id":633,"date":"2024-02-01T03:02:04","date_gmt":"2024-02-01T03:02:04","guid":{"rendered":"https:\/\/hu.waterlanes.eu\/?p=633"},"modified":"2024-02-14T11:27:13","modified_gmt":"2024-02-14T11:27:13","slug":"fejlodes-a-sio-csatornanal-turisztikai-fejlesztesek-es-kulturalis-ertekek","status":"publish","type":"post","link":"https:\/\/blog.waterlanes.eu\/hu\/hirek\/fejlodes-a-sio-csatornanal-turisztikai-fejlesztesek-es-kulturalis-ertekek\/","title":{"rendered":"Fejl\u0151d\u00e9s a Si\u00f3-csatorn\u00e1n\u00e1l: turisztikai fejleszt\u00e9sek"},"content":{"rendered":"<div class=\"postie-post\">\n<h4>Az EU \u00e1ltal t\u00e1mogatott Ter\u00fclet- \u00e9s telep\u00fcl\u00e9sfejleszt\u00e9si operat\u00edv program keret\u00e9ben ker\u00e9kp\u00e1rt\u00e1rol\u00f3k telep\u00edt\u00e9s\u00e9re ker\u00fclt sor Harcon \u00e9s Si\u00f3ag\u00e1rdon. Ezek a telep\u00fcl\u00e9sek a Si\u00f3-csatorna turisztikai fejleszt\u00e9s\u00e9nek r\u00e9szek\u00e9nt v\u00e1ltak kiemelt c\u00e9lpontt\u00e1. A projekthez kisfilmek is k\u00e9sz\u00fcltek, amelyek bemutatj\u00e1k a term\u00e9szeti \u00e9s \u00e9p\u00edt\u00e9szeti \u00e9rt\u00e9keket, gasztron\u00f3mi\u00e1t \u00e9s kultur\u00e1lis hagyom\u00e1nyokat. Az els\u0151 f\u00e1zis befejez\u0151d\u00f6tt \u00e9s m\u00e1r megjelent az els\u0151 bejegyz\u00e9s a Balaton Telev\u00edzi\u00f3 port\u00e1lj\u00e1n.<\/h4>\n<p>A Ter\u00fclet- \u00e9s telep\u00fcl\u00e9sfejleszt\u00e9si operat\u00edv program t\u00e1mogat\u00e1s\u00e1val megval\u00f3sult projekt sor\u00e1n ker\u00e9kp\u00e1rt\u00e1rol\u00f3kat is telep\u00edtettek Harcon \u00e9s Si\u00f3ag\u00e1rdon &#8211; \u00e1ll a k\u00f6zlem\u00e9nyben. Tolna v\u00e1rmegye kiemelt gazdas\u00e1g- \u00e9s vid\u00e9kfejleszt\u00e9si programja r\u00e9szek\u00e9nt tervezt\u00e9k meg a Si\u00f3-csatorna turisztikai fejleszt\u00e9s\u00e9t, amely 100 kilom\u00e9ter hosszan halad \u00e1t a ter\u00fcleten, \u00f6sszek\u00f6tve a Balatont \u00e9s a Dun\u00e1t. Az &#8222;Balatont\u00f3l a Dun\u00e1ig v\u00edzen \u00e9s k\u00e9t ker\u00e9ken&#8221; elk\u00e9pzel\u00e9s k\u00f6z\u00e9ppontj\u00e1ban az \u00e1ll, hogy a Si\u00f3-csatorna tolnai szakasz\u00e1n 85 kilom\u00e9teres kajak-kenu \u00e9s 70 kilom\u00e9teres folyam-menti ker\u00e9kp\u00e1ros \u00fatvonalak j\u00f6jjenek l\u00e9tre.<br \/>\nA projekt c\u00e9lja az volt, hogy min\u00e9l t\u00f6bben akt\u00edv \u00e9s hasznosan t\u00f6lts\u00e9k szabadidej\u00fcket, valamint hogy az emberek eg\u00e9szs\u00e9gesebb\u00e9 v\u00e1ljanak \u00e9s megismerj\u00e9k a t\u00e9rs\u00e9g term\u00e9szeti sz\u00e9ps\u00e9geit \u00e9s kultur\u00e1lis \u00e9rt\u00e9keit a term\u00e9szetben val\u00f3 t\u00far\u00e1z\u00e1ssal. A kisfilmek is k\u00e9sz\u00fcltek a projekthez, amelyek bemutatj\u00e1k a partner telep\u00fcl\u00e9sek &#8211; Si\u00f3ag\u00e1rd, Harc, P\u00e1lfa, Simontornya &#8211; term\u00e9szeti \u00e9s \u00e9p\u00edt\u00e9szeti \u00e9rt\u00e9keit, gasztron\u00f3miai \u00e9s kultur\u00e1lis hagyom\u00e1nyait. Az els\u0151 f\u00e1zis befejez\u0151d\u00f6tt \u00e9s megjelent az els\u0151 bejegyz\u00e9s a <a href=\"https:\/\/hu.waterlanes.eu\/\">Balaton<\/a> Telev\u00edzi\u00f3 &#8211; Csatorna, h\u00edr- \u00e9s \u00e9lm\u00e9nyport\u00e1lon.<\/p>\n<p>Tolna v\u00e1rmegye ter\u00fclet\u00e9n a Si\u00f3-csatorna turisztikai fejleszt\u00e9se val\u00f3sult meg a Ter\u00fclet- \u00e9s telep\u00fcl\u00e9sfejleszt\u00e9si operat\u00edv program t\u00e1mogat\u00e1s\u00e1val. A projekt r\u00e9szek\u00e9nt ker\u00e9kp\u00e1rt\u00e1rol\u00f3kat is telep\u00edtettek Harcon \u00e9s Si\u00f3ag\u00e1rdon. A c\u00e9l az volt, hogy min\u00e9l t\u00f6bben akt\u00edv \u00e9s hasznosan t\u00f6lts\u00e9k szabadidej\u00fcket, valamint megismerj\u00e9k a t\u00e9rs\u00e9g term\u00e9szeti \u00e9s kultur\u00e1lis \u00e9rt\u00e9keit a term\u00e9szetben val\u00f3 t\u00far\u00e1z\u00e1ssal. A projekt r\u00e9szek\u00e9nt k\u00e9sz\u00fclt kisfilmek bemutatj\u00e1k a partner telep\u00fcl\u00e9sek sz\u00e9ps\u00e9geit \u00e9s hagyom\u00e1nyait.<\/p>\n<hr \/>\n<p><a href=\"https:\/\/solliner.eu\/hu\/\">Solliner 21<\/a> \u2013 a napenergi\u00e1val hajtott elektromos cs\u00f3nak, egy j\u00f3l kidolgozott 21 m\u00e9teres katamar\u00e1n k\u00e9nyelmesen elf\u00e9r nyolc ember sz\u00e1m\u00e1ra<\/p>\n<\/div>\n","protected":false},"excerpt":{"rendered":"<p>A Si\u00f3-csatorna turisztikai fejleszt\u00e9se Tolna megy\u00e9ben ter\u00fcleti \u00e9s telep\u00fcl\u00e9sfejleszt\u00e9si program t\u00e1mogat\u00e1s\u00e1val t\u00f6rt\u00e9nt. Balatont\u00f3l a Dun\u00e1ig v\u00edzen \u00e9s k\u00e9t ker\u00e9ken<\/p>\n","protected":false},"author":4,"featured_media":644,"comment_status":"closed","ping_status":"open","sticky":false,"template":"","format":"standard","meta":{"footnotes":""},"categories":[82],"tags":[],"aioseo_notices":[],"_links":{"self":[{"href":"https:\/\/blog.waterlanes.eu\/hu\/wp-json\/wp\/v2\/posts\/633"}],"collection":[{"href":"https:\/\/blog.waterlanes.eu\/hu\/wp-json\/wp\/v2\/posts"}],"about":[{"href":"https:\/\/blog.waterlanes.eu\/hu\/wp-json\/wp\/v2\/types\/post"}],"author":[{"embeddable":true,"href":"https:\/\/blog.waterlanes.eu\/hu\/wp-json\/wp\/v2\/users\/4"}],"replies":[{"embeddable":true,"href":"https:\/\/blog.waterlanes.eu\/hu\/wp-json\/wp\/v2\/comments?post=633"}],"version-history":[{"count":2,"href":"https:\/\/blog.waterlanes.eu\/hu\/wp-json\/wp\/v2\/posts\/633\/revisions"}],"predecessor-version":[{"id":646,"href":"https:\/\/blog.waterlanes.eu\/hu\/wp-json\/wp\/v2\/posts\/633\/revisions\/646"}],"wp:featuredmedia":[{"embeddable":true,"href":"https:\/\/blog.waterlanes.eu\/hu\/wp-json\/wp\/v2\/media\/644"}],"wp:attachment":[{"href":"https:\/\/blog.waterlanes.eu\/hu\/wp-json\/wp\/v2\/media?parent=633"}],"wp:term":[{"taxonomy":"category","embeddable":true,"href":"https:\/\/blog.waterlanes.eu\/hu\/wp-json\/wp\/v2\/categories?post=633"},{"taxonomy":"post_tag","embeddable":true,"href":"https:\/\/blog.waterlanes.eu\/hu\/wp-json\/wp\/v2\/tags?post=633"}],"curies":[{"name":"wp","href":"https:\/\/api.w.org\/{rel}","templated":true}]}}