{"id":631,"date":"2024-01-31T03:01:54","date_gmt":"2024-01-31T03:01:54","guid":{"rendered":"https:\/\/hu.waterlanes.eu\/?p=631"},"modified":"2024-01-31T03:49:28","modified_gmt":"2024-01-31T03:49:28","slug":"folly-arboretum-nyilt-napok-fenyfestes-es-kulonleges-kedvezmenyek","status":"publish","type":"post","link":"https:\/\/blog.waterlanes.eu\/hu\/hirek\/folly-arboretum-nyilt-napok-fenyfestes-es-kulonleges-kedvezmenyek\/","title":{"rendered":"Folly Arbor\u00e9tum: Ny\u00edlt napok, f\u00e9nyfest\u00e9s \u00e9s k\u00fcl\u00f6nleges kedvezm\u00e9nyek"},"content":{"rendered":"<div class=\"postie-post\">\n<h4>Janu\u00e1r 2. \u00e9s 7. k\u00f6z\u00f6tt, az iskolai t\u00e9li sz\u00fcnet alatt, a Folly Arbor\u00e9tum ingyenes ny\u00edlt napokkal v\u00e1rja a badacsony\u00f6rsi \u00e9s a k\u00f6rny\u00e9kbeli telep\u00fcl\u00e9sek lak\u00f3it. A l\u00e1togat\u00f3k egyed\u00fcl\u00e1ll\u00f3 f\u00e9nyfest\u00e9ssel, \u00e9vind\u00edt\u00f3 kerti s\u00e9t\u00e1val \u00e9s szabadul\u00f3szob\u00e1val is tal\u00e1lkozhatnak, valamint extra kedvezm\u00e9nyekkel is \u00e9lhetnek. Az Arbor\u00e9tumba val\u00f3 bel\u00e9p\u00e9shez csup\u00e1n a lakc\u00edmk\u00e1rtya felmutat\u00e1sa sz\u00fcks\u00e9ges.<\/h4>\n<p> Janu\u00e1r 2. \u00e9s 7. k\u00f6z\u00f6tt, az iskolai t\u00e9li sz\u00fcnet alatt, a Folly Arbor\u00e9tum ism\u00e9t ingyenes ny\u00edlt napokkal kezdi az \u00e9vet. A badacsony\u00f6rsi \u00e9s a k\u00f6rny\u00e9kbeli telep\u00fcl\u00e9sek lak\u00f3i r\u00e9szt vehetnek a mesesz\u00e9p t\u00e9li arbor\u00e9tum megcsod\u00e1l\u00e1s\u00e1ban. A Folly sz\u00e1mos meglepet\u00e9ssel k\u00e9sz\u00fcl a ny\u00edlt napok ideje alatt, t\u00f6bbek k\u00f6z\u00f6tt egyed\u00fcl\u00e1ll\u00f3 f\u00e9nyfest\u00e9ssel, \u00e9vind\u00edt\u00f3 kerti s\u00e9t\u00e1val \u00e9s szabadul\u00f3szob\u00e1val. Emellett extra kedvezm\u00e9nyek is v\u00e1rj\u00e1k a vend\u00e9geket. A bel\u00e9p\u00e9shez csup\u00e1n a lakc\u00edmk\u00e1rtya felmutat\u00e1sa sz\u00fcks\u00e9ges.<br \/>Az \u00f6r\u00f6kz\u00f6ldeknek k\u00f6sz\u00f6nhet\u0151en t\u00e9len is rendk\u00edv\u00fcl l\u00e1tv\u00e1nyos kertet ingyen megtekinthetik a badacsony\u00f6rsi \u00e9s a k\u00f6rny\u00e9kbeli telep\u00fcl\u00e9sek lak\u00f3i janu\u00e1r els\u0151 het\u00e9ben, a t\u00e9li sz\u00fcnet idej\u00e9n, amikor a Folly Arbor\u00e9tum ny\u00edlt napokat tart. Ezen a k\u00f6z\u00f6s rendezv\u00e9nyen a Folly sz\u00e1mos meglepet\u00e9ssel k\u00e9sz\u00fcl, t\u00f6bbek k\u00f6z\u00f6tt egyed\u00fcl\u00e1ll\u00f3 f\u00e9nyfest\u00e9ssel \u00e9letre kelnek az Arbor\u00e9tum n\u00f6v\u00e9nyei \u00e9s k\u00fclt\u00e9ri alkot\u00e1sai a sz\u00fcrk\u00fclet ut\u00e1n, 8 k\u00fcl\u00f6nb\u00f6z\u0151 helysz\u00ednen. Emellett a l\u00e1togat\u00f3k r\u00e9szt vehetnek k\u00fcl\u00f6nleges t\u00e9li szabadul\u00f3szoba kalandokban is, amit az iskolai sz\u00fcnet napjaira terveztek. A Folly Arbor\u00e9tum munkat\u00e1rsai pedig janu\u00e1ri h\u00e9tv\u00e9g\u00e9ken vezetett kerti s\u00e9t\u00e1kat szerveznek a t\u00e9li kert tematik\u00e1ja k\u00f6r\u00e9.<br \/>Az \u00f6r\u00f6kz\u00f6ldek \u00e1llnak a l\u00e1tv\u00e1nyos dendrol\u00f3giai bemutat\u00f3 k\u00f6z\u00e9ppontj\u00e1ban, amelyet az \u00e9vszaknak megfelel\u0151en rendeznek. A l\u00e1togat\u00f3k szerencs\u00e9s esetben megfigyelhetnek nem mindennapi mad\u00e1rfajokat is a kertben kihelyezett etet\u0151kben.<\/p>\n<p>A Folly Arbor\u00e9tumba val\u00f3 bel\u00e9p\u00e9shez csak a lakc\u00edmk\u00e1rtya felmutat\u00e1sa sz\u00fcks\u00e9ges. A k\u00f6rny\u00e9kbeli vend\u00e9gek extra kedvezm\u00e9nnyel l\u00e1togathatj\u00e1k az Arbor\u00e9tumot janu\u00e1r 2. \u00e9s janu\u00e1r 7. k\u00f6z\u00f6tt. Ha a l\u00e1togat\u00f3k lakhely\u00fck ir\u00e1ny\u00edt\u00f3sz\u00e1ma 8251 \u00e9s 8319 k\u00f6z\u00e9 esik, akkor egy bel\u00e9p\u0151jegy \u00e1r\u00e1\u00e9rt eg\u00e9sz \u00e9ves d\u00edjtalan bel\u00e9p\u00e9st \u00e9s egy\u00e9b kedvezm\u00e9nyeket biztos\u00edt\u00f3 Follynlove t\u00f6rzsk\u00e1rty\u00e1t v\u00e1s\u00e1rolhatnak.<\/p>\n<p>Tov\u00e1bbi inform\u00e1ci\u00f3kat a Folly Arbor\u00e9tum ny\u00edlt napjair\u00f3l a Facebook-esem\u00e9ny le\u00edr\u00e1s\u00e1b\u00f3l \u00e9s a kert honlapj\u00e1n tal\u00e1lhatnak.<br \/>Az Folly Arbor\u00e9tum 2024-ben az ingyenes ny\u00edlt napokkal kezdi az \u00e9vet.<\/p>\n<p>Az Folly Arbor\u00e9tum janu\u00e1r 2. \u00e9s 7. k\u00f6z\u00f6tt ny\u00edlt napokat tart, amelyeken badacsony\u00f6rsi \u00e9s a k\u00f6rny\u00e9kbeli telep\u00fcl\u00e9sek lak\u00f3i ingyenesen l\u00e1togathatj\u00e1k meg a kertet. Az esem\u00e9ny sor\u00e1n f\u00e9nyfest\u00e9s, kerti s\u00e9t\u00e1k \u00e9s szabadul\u00f3szob\u00e1k v\u00e1rj\u00e1k a vend\u00e9geket. Emellett a lakc\u00edmk\u00e1rtya felmutat\u00e1s\u00e1val extra kedvezm\u00e9nyek \u00e9s egy\u00e9ves ingyenes bel\u00e9p\u00e9st biztos\u00edt\u00f3 Follynlove t\u00f6rzsk\u00e1rty\u00e1hoz juthatnak a l\u00e1togat\u00f3k<\/div>\n","protected":false},"excerpt":{"rendered":"<p>Az Folly Arbor\u00e9tum jan. 2-7. k\u00f6z\u00f6tt ingyenesen l\u00e1togathat\u00f3 Badacsony\u00f6rsi \u00e9s a k\u00f6rny\u00e9kbeli lakosok sz\u00e1m\u00e1ra. F\u00e9nyfest\u00e9s, s\u00e9t\u00e1k \u00e9s szabadul\u00f3szob\u00e1k. Kedvezm\u00e9nyek \u00e9s t\u00f6rzsk\u00e1rtya a lakc\u00edmk\u00e1rtya felmutat\u00e1s\u00e1val. <\/p>\n","protected":false},"author":4,"featured_media":632,"comment_status":"closed","ping_status":"open","sticky":false,"template":"","format":"standard","meta":{"footnotes":""},"categories":[82],"tags":[],"aioseo_notices":[],"_links":{"self":[{"href":"https:\/\/blog.waterlanes.eu\/hu\/wp-json\/wp\/v2\/posts\/631"}],"collection":[{"href":"https:\/\/blog.waterlanes.eu\/hu\/wp-json\/wp\/v2\/posts"}],"about":[{"href":"https:\/\/blog.waterlanes.eu\/hu\/wp-json\/wp\/v2\/types\/post"}],"author":[{"embeddable":true,"href":"https:\/\/blog.waterlanes.eu\/hu\/wp-json\/wp\/v2\/users\/4"}],"replies":[{"embeddable":true,"href":"https:\/\/blog.waterlanes.eu\/hu\/wp-json\/wp\/v2\/comments?post=631"}],"version-history":[{"count":0,"href":"https:\/\/blog.waterlanes.eu\/hu\/wp-json\/wp\/v2\/posts\/631\/revisions"}],"wp:featuredmedia":[{"embeddable":true,"href":"https:\/\/blog.waterlanes.eu\/hu\/wp-json\/wp\/v2\/media\/632"}],"wp:attachment":[{"href":"https:\/\/blog.waterlanes.eu\/hu\/wp-json\/wp\/v2\/media?parent=631"}],"wp:term":[{"taxonomy":"category","embeddable":true,"href":"https:\/\/blog.waterlanes.eu\/hu\/wp-json\/wp\/v2\/categories?post=631"},{"taxonomy":"post_tag","embeddable":true,"href":"https:\/\/blog.waterlanes.eu\/hu\/wp-json\/wp\/v2\/tags?post=631"}],"curies":[{"name":"wp","href":"https:\/\/api.w.org\/{rel}","templated":true}]}}