{"id":627,"date":"2024-01-29T09:41:35","date_gmt":"2024-01-29T09:41:35","guid":{"rendered":"https:\/\/hu.waterlanes.eu\/?p=627"},"modified":"2024-01-29T10:06:25","modified_gmt":"2024-01-29T10:06:25","slug":"a-balaton-meghaladta-teli-vizszintjet-dunaba-arasztas-kovetkezik","status":"publish","type":"post","link":"https:\/\/blog.waterlanes.eu\/hu\/hirek\/a-balaton-meghaladta-teli-vizszintjet-dunaba-arasztas-kovetkezik\/","title":{"rendered":"A Balaton meghaladta t\u00e9li v\u00edzszintj\u00e9t: Dun\u00e1ba \u00e1raszt\u00e1s k\u00f6vetkezik"},"content":{"rendered":"<div class=\"postie-post\">\n<h4>Szakemberek kezdt\u00e9k meg a Balaton v\u00edz\u00e9nek leereszt\u00e9s\u00e9t a Dun\u00e1ba torkoll\u00f3 Si\u00f3-csatorn\u00e1ba. A t\u00f3 v\u00edz\u00e1ll\u00e1sa el\u00e9rte a t\u00e9li \u00fczemi v\u00edzszintmaximumot, ami meghaladja a szok\u00e1sos m\u00e9rt\u00e9ket. Az \u00f3vatos v\u00edzereszt\u00e9si folyamat az \u00e9rkez\u0151 v\u00edzhozamokhoz igazodik, \u00e9s a zsilipnyit\u00e1s sebess\u00e9ge jelenleg 15 k\u00f6bm\u00e9ter\/s.<\/h4>\n<p> A Balaton v\u00edz\u00e1ll\u00e1sa cs\u00fct\u00f6rt\u00f6k reggel 122 centim\u00e9ter volt az \u00e1tlagos v\u00edzm\u00e9rc\u00e9hez viszony\u00edtva az adatok szerint, amely meghaladja a t\u00f3 t\u00e9li \u00fczemi v\u00edzszintmaximum\u00e1t, amely 110 centim\u00e9ter +\/- 5 sz\u00e1zal\u00e9k. A t\u00f3 v\u00edzszintje azonban december eleje \u00f3ta m\u00e1r mintegy 19 centim\u00e9terrel emelkedett a sok csapad\u00e9k k\u00f6vetkezt\u00e9ben. Az OVF k\u00f6zlem\u00e9nye szerint szerd\u00e1n kezdt\u00e9k meg a v\u00edz ereszt\u00e9s\u00e9t a Si\u00f3-zsilipen a Dun\u00e1ba torkoll\u00f3 Si\u00f3-csatorn\u00e1ba. A k\u00f6zlem\u00e9ny szerint az \u00f3vatos v\u00edzereszt\u00e9s folyik, amely igazodik a Balatonba torkoll\u00f3 v\u00edzfoly\u00e1sokb\u00f3l \u00e9rkez\u0151 v\u00edzhozamokhoz, \u00e9s a v\u00edzereszt\u00e9s sebess\u00e9ge 15 k\u00f6bm\u00e9ter\/s. A zsilipnyit\u00e1s kor\u00e1bban nem t\u00f6rt\u00e9nt meg az elm\u00falt n\u00e9h\u00e1ny napban az olvad\u00e1s miatt, mivel neh\u00e9z volt el\u0151re jelezni a Dun\u00e1n \u00e9s a mell\u00e9kfoly\u00f3kon \u00e9rkez\u0151 \u00e1rhull\u00e1mok szintj\u00e9t.<br \/>A v\u00edz\u00fcgyes szakemberek az adatok alapj\u00e1n d\u00f6ntenek a v\u00edzereszt\u00e9s m\u00e9rt\u00e9k\u00e9nek esetleges n\u00f6vel\u00e9s\u00e9r\u0151l, amint az el\u0151rejelz\u00e9seket folyamatosan figyelik &#8211; \u00e1ll a sajt\u00f3k\u00f6zlem\u00e9nyben. El\u0151sz\u00f6r a Balaton viz\u00e9nek leereszt\u00e9s\u00e9t kezdt\u00e9k meg &#8211; jelent meg a Balaton Telev\u00edzi\u00f3ban \u00e9s a h\u00edr- \u00e9s \u00e9lm\u00e9nyport\u00e1lon.<\/p>\n<p>A Balaton v\u00edz\u00e1ll\u00e1sa meghaladta a t\u00f3 t\u00e9li \u00fczemi v\u00edzszintmaximum\u00e1t, mivel az ut\u00f3bbi id\u0151ben sok csapad\u00e9k \u00e9rkezett a r\u00e9gi\u00f3ba. A v\u00edz\u00fcgyes szakemberek megkezdt\u00e9k a v\u00edz ereszt\u00e9s\u00e9t a Dun\u00e1ba torkoll\u00f3 Si\u00f3-csatorn\u00e1ba, figyelve a v\u00edzfoly\u00e1sok v\u00edzhozam\u00e1t. Ha sz\u00fcks\u00e9ges, a v\u00edzereszt\u00e9s m\u00e9rt\u00e9k\u00e9t n\u00f6velhetik az el\u0151rejelz\u00e9sek alapj\u00e1n<\/div>\n","protected":false},"excerpt":{"rendered":"<p>A Balaton v\u00edz\u00e1ll\u00e1sa meghaladta a t\u00e9li \u00fczemi maximumot. V\u00edz\u00fcgyesek v\u00edzt eresztenek a Si\u00f3-csatorn\u00e1ban, figyelve a v\u00edzfoly\u00e1s v\u00edzhozam\u00e1t. N\u00f6velhetik az ereszt\u00e9s m\u00e9rt\u00e9k\u00e9t. <\/p>\n","protected":false},"author":4,"featured_media":628,"comment_status":"closed","ping_status":"open","sticky":false,"template":"","format":"standard","meta":{"footnotes":""},"categories":[82],"tags":[],"aioseo_notices":[],"_links":{"self":[{"href":"https:\/\/blog.waterlanes.eu\/hu\/wp-json\/wp\/v2\/posts\/627"}],"collection":[{"href":"https:\/\/blog.waterlanes.eu\/hu\/wp-json\/wp\/v2\/posts"}],"about":[{"href":"https:\/\/blog.waterlanes.eu\/hu\/wp-json\/wp\/v2\/types\/post"}],"author":[{"embeddable":true,"href":"https:\/\/blog.waterlanes.eu\/hu\/wp-json\/wp\/v2\/users\/4"}],"replies":[{"embeddable":true,"href":"https:\/\/blog.waterlanes.eu\/hu\/wp-json\/wp\/v2\/comments?post=627"}],"version-history":[{"count":0,"href":"https:\/\/blog.waterlanes.eu\/hu\/wp-json\/wp\/v2\/posts\/627\/revisions"}],"wp:featuredmedia":[{"embeddable":true,"href":"https:\/\/blog.waterlanes.eu\/hu\/wp-json\/wp\/v2\/media\/628"}],"wp:attachment":[{"href":"https:\/\/blog.waterlanes.eu\/hu\/wp-json\/wp\/v2\/media?parent=627"}],"wp:term":[{"taxonomy":"category","embeddable":true,"href":"https:\/\/blog.waterlanes.eu\/hu\/wp-json\/wp\/v2\/categories?post=627"},{"taxonomy":"post_tag","embeddable":true,"href":"https:\/\/blog.waterlanes.eu\/hu\/wp-json\/wp\/v2\/tags?post=627"}],"curies":[{"name":"wp","href":"https:\/\/api.w.org\/{rel}","templated":true}]}}