{"id":621,"date":"2024-01-27T03:02:01","date_gmt":"2024-01-27T03:02:01","guid":{"rendered":"https:\/\/hu.waterlanes.eu\/?p=621"},"modified":"2024-01-27T05:14:51","modified_gmt":"2024-01-27T05:14:51","slug":"novekvo-utazasi-trendek-budapesten-es-videken","status":"publish","type":"post","link":"https:\/\/blog.waterlanes.eu\/hu\/hirek\/novekvo-utazasi-trendek-budapesten-es-videken\/","title":{"rendered":"N\u00f6vekv\u0151 utaz\u00e1si trendek Budapesten \u00e9s vid\u00e9ken"},"content":{"rendered":"<div class=\"postie-post\">\n<h4>Az \u00e9v utols\u00f3 napjaira 14 sz\u00e1zal\u00e9kkal t\u00f6bb foglal\u00e1s \u00e9rkezett Budapestre az el\u0151z\u0151 \u00e9vhez k\u00e9pest, de a vid\u00e9ki desztin\u00e1ci\u00f3k k\u00f6z\u00fcl a legn\u00e9pszer\u0171bbek tov\u00e1bbra is a Balaton \u00e9s a M\u00e1tra-B\u00fckk. A szilvesztert utaz\u00e1ssal egybek\u00f6t\u0151k t\u00f6bbs\u00e9ge 2 \u00e9jszak\u00e1s, 2 f\u0151s csomagokat v\u00e1lasztott, \u00e9s a k\u00fclf\u00f6ldr\u0151l \u00e9rkez\u0151k 72 sz\u00e1zal\u00e9ka Budapesten t\u00f6lti az \u00faj\u00e9vet. A f\u0151v\u00e1roson k\u00edv\u00fcli sz\u00e1ll\u00e1shelyek 12 sz\u00e1zal\u00e9kkal magasabb, a k\u00fclf\u00f6ldi vend\u00e9gek foglal\u00e1sai pedig 13 sz\u00e1zal\u00e9kkal emelkedtek az el\u0151z\u0151 \u00e9vhez k\u00e9pest.<\/h4>\n<p> Az utaz\u00f3k t\u00f6bb mint 365 ezer vend\u00e9g\u00e9jszak\u00e1t terveznek elt\u00f6lteni Magyarorsz\u00e1gon, azonban a tervezett id\u0151 egynegyede vid\u00e9ken, m\u00edg a marad\u00e9k r\u00e9sze Budapesten lesz. Az \u00e9v utols\u00f3 napjaira 14 sz\u00e1zal\u00e9kkal t\u00f6bb foglal\u00e1s \u00e9rkezett a f\u0151v\u00e1rosba az el\u0151z\u0151 \u00e9vhez k\u00e9pest. A vid\u00e9ki desztin\u00e1ci\u00f3k k\u00f6z\u00fcl a legn\u00e9pszer\u0171bbek a Balaton \u00e9s a M\u00e1tra-B\u00fckk. A legt\u00f6bben sz\u00e1llod\u00e1kban foglaltak helyet, \u00e9s az el\u0151foglal\u00e1sok sz\u00e1ma mintegy 10 sz\u00e1zal\u00e9kkal n\u00f6vekedett 2022-h\u00f6z k\u00e9pest. A szilvesztert utaz\u00e1ssal egybek\u00f6t\u0151k t\u00f6bbs\u00e9ge 2 \u00e9jszak\u00e1s, 2 f\u0151s csomagokat v\u00e1lasztott. Az NTAK adataib\u00f3l kider\u00fclt, hogy a k\u00fclf\u00f6ldr\u0151l \u00e9rkez\u0151k 72 sz\u00e1zal\u00e9ka Budapesten t\u00f6lti az \u00faj\u00e9vet.<br \/>Az Olaszorsz\u00e1gb\u00f3l, Spanyolorsz\u00e1gb\u00f3l \u00e9s N\u00e9metorsz\u00e1gb\u00f3l \u00e9rkez\u0151 turist\u00e1k mellett sz\u00e1mos turista Franciaorsz\u00e1gb\u00f3l \u00e9s az Egyes\u00fclt Kir\u00e1lys\u00e1gb\u00f3l is \u00fcnnepli majd a szilvesztert a magyar f\u0151v\u00e1rosban &#8211; \u00edrta az MT\u00dc. A 2022-es hasonl\u00f3 id\u0151szakhoz k\u00e9pest a f\u0151v\u00e1roson k\u00edv\u00fcli sz\u00e1ll\u00e1shelyek 12 sz\u00e1zal\u00e9kkal magasabb hazai sz\u00e1ll\u00e1shelyi forgalomra sz\u00e1m\u00edthatnak. A k\u00fclf\u00f6ldi vend\u00e9gek foglal\u00e1sai pedig m\u00e9g enn\u00e9l is nagyobb m\u00e9rt\u00e9kben, 13 sz\u00e1zal\u00e9kkal emelkedtek. A hazai utaz\u00f3k lefoglalt\u00e1k a vid\u00e9ki sz\u00e1ll\u00e1shelyek vend\u00e9g\u00e9jszak\u00e1inak 77 sz\u00e1zal\u00e9k\u00e1t, \u00f6sszesen 160 ezer \u00e9jszak\u00e1t, m\u00edg a k\u00fclf\u00f6ldi vend\u00e9gekhez 47 ezer vend\u00e9g\u00e9jszaka k\u00f6thet\u0151.<br \/>Az \u00f3\u00e9v utols\u00f3 hossz\u00fa h\u00e9tv\u00e9g\u00e9j\u00e9n, ahogy tavaly is, a Balaton \u00e9s a M\u00e1tra-B\u00fckk sz\u00e1ll\u00e1shelyei \u00f6r\u00fclhetnek a legt\u00f6bb vend\u00e9gnek a vid\u00e9ki desztin\u00e1ci\u00f3k k\u00f6z\u00fcl. Azonban id\u00e9n a dobog\u00f3ra ker\u00fclt B\u00fck-S\u00e1rv\u00e1r is, hiszen jelent\u0151s vend\u00e9gforgalomra sz\u00e1m\u00edthat az el\u0151foglal\u00e1sok alapj\u00e1n. A M\u00e1tra-B\u00fckk a legnagyobb b\u0151v\u00fcl\u00e9st tapasztalhatja, mivel k\u00f6zel 4 ezer vend\u00e9g\u00e9jszak\u00e1val t\u00f6bb foglal\u00e1s \u00e9rkezett hozz\u00e1juk az \u00fcnnepi h\u00e9tv\u00e9g\u00e9re, mint az el\u0151z\u0151 \u00e9vben. A turizmus sz\u00e1m\u00edt Magyarorsz\u00e1gon strat\u00e9giai fontoss\u00e1g\u00fa \u00e1gazatnak, hiszen 2022-ben t\u00f6bb mint 100 ezer v\u00e1llalkoz\u00e1s m\u0171k\u00f6d\u00f6tt ezen a ter\u00fcleten, amihez t\u00f6bb mint 400 ezer munkav\u00e1llal\u00f3 tartozott. Tavaly pedig 14 milli\u00f3 vend\u00e9g k\u00f6zel 40 milli\u00f3 vend\u00e9g\u00e9jszak\u00e1t t\u00f6lt\u00f6tt a hazai sz\u00e1ll\u00e1shelyeken, ami az \u00e1gazat GDP-hez val\u00f3 hozz\u00e1j\u00e1rul\u00e1s\u00e1t mintegy 12 sz\u00e1zal\u00e9kra emelte.<br \/>2016-ban a Magyar Turisztikai \u00dcgyn\u00f6ks\u00e9g (MT\u00dc) j\u00f6tt l\u00e9tre, amely a turizmus versenyk\u00e9pess\u00e9g\u00e9nek er\u0151s\u00edt\u00e9s\u00e9t t\u0171zte ki c\u00e9lul, mint a turisztikai \u00e1gazat korm\u00e1nyzati szervezet\u00e9t. Az MT\u00dc felel\u0151s a turizmusfejleszt\u00e9s ir\u00e1ny\u00edt\u00e1s\u00e1\u00e9rt, strat\u00e9gia meghat\u00e1roz\u00e1s\u00e1\u00e9rt, a hazai \u00e9s k\u00fclf\u00f6ldi munka koordin\u00e1l\u00e1s\u00e1\u00e9rt, az orsz\u00e1gm\u00e1rka fejleszt\u00e9s\u00e9\u00e9rt, valamint a belf\u00f6ldi \u00e9s nemzetk\u00f6zi kommunik\u00e1ci\u00f3s \u00e9s \u00e9rt\u00e9kes\u00edt\u00e9si kamp\u00e1nyok lebonyol\u00edt\u00e1s\u00e1\u00e9rt. Az MT\u00dc egy\u00fcttm\u0171k\u00f6dik a hazai szakmai szervezetekkel, hogy n\u00f6velje Magyarorsz\u00e1g turisztikai versenyk\u00e9pess\u00e9g\u00e9t, \u00e9s m\u00e9g vonz\u00f3bb\u00e1 tegye az orsz\u00e1got mind a k\u00fclf\u00f6ldi, mind a belf\u00f6ldi utaz\u00f3k sz\u00e1m\u00e1ra, gazdag \u00e9lm\u00e9nyekkel.<br \/>Az MT\u00dc k\u00f6zlem\u00e9ny\u00e9ben szerepl\u0151 inform\u00e1ci\u00f3k szerint strat\u00e9giai c\u00e9lunk, hogy Magyarorsz\u00e1g K\u00f6z\u00e9p-Eur\u00f3pa vezet\u0151 turisztikai desztin\u00e1ci\u00f3j\u00e1v\u00e1 v\u00e1ljon, \u00e9s hogy az \u00e1gazat k\u00f6zvetlen \u00e9s k\u00f6zvetett hozz\u00e1j\u00e1rul\u00e1sa a GDP-hez 2030-ra 16 sz\u00e1zal\u00e9kra n\u00f6vekedjen. A Balaton Telev\u00edzi\u00f3 &#8211; Csatorna, h\u00edr- \u00e9s \u00e9lm\u00e9nyport\u00e1l el\u0151sz\u00f6r jelentette be a rengeteg el\u0151jegyz\u00e9st.<\/p>\n<p>Az \u00e9v utols\u00f3 napjaiban Magyarorsz\u00e1gra tervezett utaz\u00e1sok sz\u00e1ma megn\u0151tt, k\u00fcl\u00f6n\u00f6sen Budapesten, ahol 14 sz\u00e1zal\u00e9kkal t\u00f6bb foglal\u00e1s \u00e9rkezett mint az el\u0151z\u0151 \u00e9vben. A legkedveltebb vid\u00e9ki desztin\u00e1ci\u00f3k a Balaton \u00e9s a M\u00e1tra-B\u00fckk. A sz\u00e1ll\u00e1shelyek t\u00f6bbs\u00e9g\u00e9ben a vid\u00e9ki sz\u00e1llod\u00e1k voltak a legn\u00e9pszer\u0171bbek, \u00e9s az el\u0151foglal\u00e1sok sz\u00e1ma mintegy 10 sz\u00e1zal\u00e9kkal n\u00f6vekedett. A k\u00fclf\u00f6ldi vend\u00e9gek jelent\u0151s r\u00e9sze Budapesten t\u00f6lti az \u00faj\u00e9vet, \u00e9s a f\u0151v\u00e1roson k\u00edv\u00fcli sz\u00e1ll\u00e1shelyek 12 sz\u00e1zal\u00e9kos n\u00f6veked\u00e9sre sz\u00e1m\u00edthatnak a hazai sz\u00e1ll\u00e1shelyi forgalomban<\/div>\n","protected":false},"excerpt":{"rendered":"<p>Az utaz\u00e1sok M\u00e1ra-B\u00fckk \u00e9s a Balaton vid\u00e9k\u00e9re megn\u00f6vekedtek ezen \u00e9v utols\u00f3 napjaiban, f\u0151leg Budapesten. Vid\u00e9ken n\u0151tt a sz\u00e1llod\u00e1k n\u00e9pszer\u0171s\u00e9ge \u00e9s az el\u0151foglal\u00e1sok sz\u00e1ma. Tov\u00e1bb\u00e1, a k\u00fclf\u00f6ldi vend\u00e9gek javar\u00e9szt Budapesten t\u00f6ltik az \u00faj\u00e9vet, de a f\u0151v\u00e1roson k\u00edv\u00fcli sz\u00e1ll\u00e1shelyek is n\u0151veked\u00e9sre sz\u00e1m\u00edthatnak. <\/p>\n","protected":false},"author":4,"featured_media":622,"comment_status":"closed","ping_status":"open","sticky":false,"template":"","format":"standard","meta":{"footnotes":""},"categories":[82],"tags":[],"aioseo_notices":[],"_links":{"self":[{"href":"https:\/\/blog.waterlanes.eu\/hu\/wp-json\/wp\/v2\/posts\/621"}],"collection":[{"href":"https:\/\/blog.waterlanes.eu\/hu\/wp-json\/wp\/v2\/posts"}],"about":[{"href":"https:\/\/blog.waterlanes.eu\/hu\/wp-json\/wp\/v2\/types\/post"}],"author":[{"embeddable":true,"href":"https:\/\/blog.waterlanes.eu\/hu\/wp-json\/wp\/v2\/users\/4"}],"replies":[{"embeddable":true,"href":"https:\/\/blog.waterlanes.eu\/hu\/wp-json\/wp\/v2\/comments?post=621"}],"version-history":[{"count":0,"href":"https:\/\/blog.waterlanes.eu\/hu\/wp-json\/wp\/v2\/posts\/621\/revisions"}],"wp:featuredmedia":[{"embeddable":true,"href":"https:\/\/blog.waterlanes.eu\/hu\/wp-json\/wp\/v2\/media\/622"}],"wp:attachment":[{"href":"https:\/\/blog.waterlanes.eu\/hu\/wp-json\/wp\/v2\/media?parent=621"}],"wp:term":[{"taxonomy":"category","embeddable":true,"href":"https:\/\/blog.waterlanes.eu\/hu\/wp-json\/wp\/v2\/categories?post=621"},{"taxonomy":"post_tag","embeddable":true,"href":"https:\/\/blog.waterlanes.eu\/hu\/wp-json\/wp\/v2\/tags?post=621"}],"curies":[{"name":"wp","href":"https:\/\/api.w.org\/{rel}","templated":true}]}}