{"id":618,"date":"2024-01-25T03:02:20","date_gmt":"2024-01-25T03:02:20","guid":{"rendered":"https:\/\/hu.waterlanes.eu\/?p=618"},"modified":"2024-01-25T05:35:41","modified_gmt":"2024-01-25T05:35:41","slug":"a-balatonkenese-celkituzese-netto-nulla-uveghazhatasu-gazkibocsatas-a-balaton-partjan-2050-re","status":"publish","type":"post","link":"https:\/\/blog.waterlanes.eu\/hu\/hu\/a-balatonkenese-celkituzese-netto-nulla-uveghazhatasu-gazkibocsatas-a-balaton-partjan-2050-re\/","title":{"rendered":"A Balatonkenese c\u00e9lkit\u0171z\u00e9se: Nett\u00f3 nulla \u00fcvegh\u00e1zhat\u00e1s\u00fa g\u00e1zkibocs\u00e1t\u00e1s a Balaton partj\u00e1n 2050-re"},"content":{"rendered":"<div class=\"postie-post\">{{header}} <\/p>\n<h3>Balatonkenese &#8211; Az elb\u0171v\u00f6l\u0151 kir\u00e1ndul\u00f3hely a Balaton partj\u00e1n<\/h3>\n<p> A Balaton, Magyarorsz\u00e1g legnagyobb tava, sz\u00e1mos lehet\u0151s\u00e9get k\u00edn\u00e1l a haj\u00f3kir\u00e1ndul\u00e1sokra. Egyike a legn\u00e9pszer\u0171bb helysz\u00edneknek, ahol a v\u00e1ros \u00e9s a t\u00f3 tal\u00e1lkozik, Balatonkenese. A t\u00f3 k\u00e9k viz\u00e9vel \u00e9s leny\u0171g\u00f6z\u0151 l\u00e1tv\u00e1ny\u00e1val szemet gy\u00f6ny\u00f6rk\u00f6dtet\u0151 \u00e9lm\u00e9nyt ny\u00fajt. A partvid\u00e9k b\u00e1jos kis faluja pedig sz\u00e1mos turist\u00e1t vonz. Balatonkenese gazdag kultur\u00e1lis \u00e9s term\u00e9szeti l\u00e1tnival\u00f3ival b\u00fcszk\u00e9lkedhet, \u00edgy ide\u00e1lis kiindul\u00f3pont egy haj\u00f3kir\u00e1ndul\u00e1snak. A t\u00f3parti v\u00e1ros hangulatos, fest\u0151i t\u00e1jai \u00e9s vend\u00e9gszeret\u0151 emberekkel tark\u00edtott sz\u00ednes k\u00edn\u00e1lata mindenkit mag\u00e1val ragad. <\/p>\n<h3>C\u00e9l: Nett\u00f3 nulla \u00fcvegh\u00e1zhat\u00e1s\u00fa g\u00e1zkibocs\u00e1t\u00e1s a Balaton partj\u00e1n 2050-re<\/h3>\n<p> A nett\u00f3 nulla \u00fcvegh\u00e1zhat\u00e1s\u00fa g\u00e1zkibocs\u00e1t\u00e1s 2050-re a Balaton partj\u00e1n el\u00e9r\u00e9s\u00e9nek c\u00e9lja sz\u00e1mos szempontot von maga ut\u00e1n. Els\u0151k\u00e9nt a k\u00f6zleked\u00e9s ter\u00e9n fontos, hogy a t\u00f3 k\u00f6rny\u00e9ki telep\u00fcl\u00e9sekben az aut\u00f3k sz\u00e1m\u00e1t cs\u00f6kkents\u00fck, \u00e9s helyette el\u0151seg\u00edts\u00fck a fenntarthat\u00f3 t\u00f6megk\u00f6zleked\u00e9st, valamint az elektromos j\u00e1rm\u0171vek haszn\u00e1lat\u00e1t. Tov\u00e1bb\u00e1, a t\u00f3 partj\u00e1n \u00e9p\u00fclt \u00e9s \u00e9p\u00fcl\u0151 ingatlanokn\u00e1l kiemelten kell figyelni a meg\u00fajul\u00f3 energiaforr\u00e1sok haszn\u00e1lat\u00e1ra, p\u00e9ld\u00e1ul napenergia, geotermikus energia vagy sz\u00e9lenergia hasznos\u00edt\u00e1s\u00e1ra. Fontos szempont m\u00e9g a v\u00edzhaszn\u00e1lat fenntarthat\u00f3 kezel\u00e9se, \u00edgy a part ment\u00e9n tal\u00e1lhat\u00f3 telep\u00fcl\u00e9seken meg kell er\u0151s\u00edteni a v\u00edztakar\u00e9koss\u00e1gi int\u00e9zked\u00e9seket, valamint el\u0151 kell seg\u00edteni a talaj v\u00edzfelt\u00f6lt\u0151 \u00e9s sz\u0171r\u0151 k\u00e9pess\u00e9g\u00e9nek optimaliz\u00e1l\u00e1s\u00e1t. Emellett a hullad\u00e9kkezel\u00e9s tekintet\u00e9ben is proakt\u00edvnak kell lenn\u00fcnk, ahol a t\u00f3 k\u00f6r\u00fcl zajl\u00f3 tev\u00e9kenys\u00e9gek sor\u00e1n el\u0151fordul\u00f3 hullad\u00e9kot szelekt\u00edven kell gy\u0171jten\u00fcnk \u00e9s kezeln\u00fcnk. V\u00e9g\u00fcl, de nem utols\u00f3sorban, a term\u00e9szetv\u00e9delem is kiemelt szempont, melynek sor\u00e1n p\u00e9ld\u00e1ul a part ment\u00e9n tal\u00e1lhat\u00f3 \u00e9l\u0151helyeket l\u00e1togathatjuk, \u00e9lvezhetj\u00fck a term\u00e9szetes sz\u00e9ps\u00e9get, mik\u00f6zben azt meg\u00f3vjuk \u00e9s fenntarthat\u00f3an kezelj\u00fck. <\/p>\n<h3>A Napb\u00e1rka csendje<\/h3>\n<p> A haj\u00f3 \u00f6sszes jellemz\u0151je k\u00f6z\u00fcl k\u00fcl\u00f6n\u00f6sen fontos a &#8222;sun boat&#8221; csendess\u00e9ge. A haj\u00f3 olyan k\u00f6rnyezetbar\u00e1t technol\u00f3gi\u00e1val van felszerelve, amely lehet\u0151v\u00e9 teszi, hogy csendben \u00e9s z\u00e9r\u00f3 kibocs\u00e1t\u00e1ssal haladjon. Ez a tulajdons\u00e1g pontosan illeszkedik a napelemes haj\u00f3k kateg\u00f3ri\u00e1j\u00e1ba, amelyeknek c\u00e9lja a nett\u00f3 nulla \u00fcvegh\u00e1zhat\u00e1s\u00fa g\u00e1zkibocs\u00e1t\u00e1s el\u00e9r\u00e9se 2050-re. A napelemes haj\u00f3k ugyanazt az elvet k\u00f6vetik, mint a &#8222;sun boat&#8221;: a napenergia felhaszn\u00e1l\u00e1s\u00e1t a csendes \u00e9s k\u00f6rnyezetbar\u00e1t energiaforr\u00e1sok el\u0151nyeivel kombin\u00e1lj\u00e1k a fenntarthat\u00f3 k\u00f6zleked\u00e9s \u00e9rdek\u00e9ben.<\/p>\n<p>Ismerje meg a magyarorsz\u00e1gi cs\u00f3nak\u00e1z\u00e1s z\u00f6ld lehet\u0151s\u00e9geit.<\/div>\n","protected":false},"excerpt":{"rendered":"<p>Balatonkenese aims for net-zero greenhouse gas emissions on the lakeshore by 2050 to preserve its unique natural environment. <\/p>\n","protected":false},"author":4,"featured_media":619,"comment_status":"closed","ping_status":"open","sticky":false,"template":"","format":"standard","meta":{"footnotes":""},"categories":[4],"tags":[],"aioseo_notices":[],"_links":{"self":[{"href":"https:\/\/blog.waterlanes.eu\/hu\/wp-json\/wp\/v2\/posts\/618"}],"collection":[{"href":"https:\/\/blog.waterlanes.eu\/hu\/wp-json\/wp\/v2\/posts"}],"about":[{"href":"https:\/\/blog.waterlanes.eu\/hu\/wp-json\/wp\/v2\/types\/post"}],"author":[{"embeddable":true,"href":"https:\/\/blog.waterlanes.eu\/hu\/wp-json\/wp\/v2\/users\/4"}],"replies":[{"embeddable":true,"href":"https:\/\/blog.waterlanes.eu\/hu\/wp-json\/wp\/v2\/comments?post=618"}],"version-history":[{"count":0,"href":"https:\/\/blog.waterlanes.eu\/hu\/wp-json\/wp\/v2\/posts\/618\/revisions"}],"wp:featuredmedia":[{"embeddable":true,"href":"https:\/\/blog.waterlanes.eu\/hu\/wp-json\/wp\/v2\/media\/619"}],"wp:attachment":[{"href":"https:\/\/blog.waterlanes.eu\/hu\/wp-json\/wp\/v2\/media?parent=618"}],"wp:term":[{"taxonomy":"category","embeddable":true,"href":"https:\/\/blog.waterlanes.eu\/hu\/wp-json\/wp\/v2\/categories?post=618"},{"taxonomy":"post_tag","embeddable":true,"href":"https:\/\/blog.waterlanes.eu\/hu\/wp-json\/wp\/v2\/tags?post=618"}],"curies":[{"name":"wp","href":"https:\/\/api.w.org\/{rel}","templated":true}]}}