{"id":616,"date":"2024-01-25T03:02:12","date_gmt":"2024-01-25T03:02:12","guid":{"rendered":"https:\/\/hu.waterlanes.eu\/?p=616"},"modified":"2024-01-25T03:48:32","modified_gmt":"2024-01-25T03:48:32","slug":"a-balaton-vizszintje-enyhe-emelkedest-mutat-de-nincs-veszelyben","status":"publish","type":"post","link":"https:\/\/blog.waterlanes.eu\/hu\/hirek\/a-balaton-vizszintje-enyhe-emelkedest-mutat-de-nincs-veszelyben\/","title":{"rendered":"A Balaton v\u00edzszintje enyhe emelked\u00e9st mutat, de nincs vesz\u00e9lyben"},"content":{"rendered":"<div class=\"postie-post\">\n<h4>Az elm\u00falt k\u00e9t napban a Balaton v\u00edzszintje tov\u00e1bb emelkedett, el\u00e9rve az \u00e1tlagos 125 centim\u00e9teres magass\u00e1got. B\u00e1r jelenleg \u00f3vatos v\u00edzleereszt\u00e9s zajlik, a jelek szerint nincs f\u00e9lelem a jegesed\u00e9st\u0151l. Az el\u0151rejelz\u00e9sek alapj\u00e1n a k\u00f6vetkez\u0151 n\u00e9h\u00e1ny napban er\u0151s sz\u00e9l nem v\u00e1rhat\u00f3, b\u00e1r h\u00e9tv\u00e9g\u00e9n csapad\u00e9kra lehet sz\u00e1m\u00edtani.<\/h4>\n<p> Az elm\u00falt k\u00e9t napban a Balaton v\u00edzszintje \u00fajabb 2 centim\u00e9terrel emelkedett, \u00edgy el\u00e9rte a 125 centim\u00e9teres \u00e1tlagos v\u00edz\u00e1ll\u00e1st. December 27. \u00f3ta a Si\u00f3-zsilip nyitva van. Jelenleg tov\u00e1bbra is \u00f3vatos v\u00edzleereszt\u00e9s zajlik a Balatonb\u00f3l a vizugy.hu szerint. Az aktu\u00e1lis v\u00edz\u00e1ll\u00e1s j\u00f3val meghaladja a t\u00f3 t\u00e9li \u00fczemi v\u00edzszint-maximumot, amely 110 centim\u00e9ter. Azonban a v\u00edzleereszt\u00e9sek sor\u00e1n figyelembe kell venni a Duna v\u00edz\u00e1ll\u00e1s\u00e1t \u00e9s az \u00e1rhull\u00e1mokat is. Jelenleg nincs f\u00e9lelem a jegesed\u00e9st\u0151l, de a magas v\u00edz\u00e1ll\u00e1s probl\u00e9m\u00e1t okozhat, ha hosszabb ideig tart\u00f3san viharos erej\u0171 sz\u00e9l f\u00faj. Szerencs\u00e9re a k\u00f6vetkez\u0151 napokban sem v\u00e1rhat\u00f3 er\u0151s sz\u00e9l az el\u0151rejelz\u00e9sek szerint. Azonban h\u00e9tv\u00e9g\u00e9n \u00fajabb csapad\u00e9k v\u00e1rhat\u00f3 a ter\u00fcleten. A Balaton v\u00edzh\u0151m\u00e9rs\u00e9klete szerda reggel 3,9 Celsius-fok volt Si\u00f3fokn\u00e1l.<br \/>Az elm\u00falt 20 napban figyelemmel k\u00eds\u00e9rt\u00fck a Balaton v\u00edzszintj\u00e9nek alakul\u00e1s\u00e1t. Adatainkat a vizugy.hu oldalr\u00f3l szerezt\u00fck.<\/p>\n<p>Az elm\u00falt k\u00e9t napban a Balaton v\u00edzszintje \u00fajabb 2 centim\u00e9terrel emelkedett, el\u00e9rve a 125 centim\u00e9teres \u00e1tlagos v\u00edz\u00e1ll\u00e1st. A Si\u00f3-zsilip december 27. \u00f3ta nyitva van, \u00e9s tov\u00e1bbra is \u00f3vatos v\u00edzleereszt\u00e9s zajlik a Balatonb\u00f3l. B\u00e1r jelenleg nincs f\u00e9lelem a jegesed\u00e9st\u0151l, a magas v\u00edz\u00e1ll\u00e1s probl\u00e9m\u00e1t okozhat, ha hosszabb ideig tart\u00f3san er\u0151s sz\u00e9l f\u00faj, azonban a k\u00f6vetkez\u0151 napokban nem v\u00e1rhat\u00f3 er\u0151s sz\u00e9l az el\u0151rejelz\u00e9sek szerint<\/div>\n","protected":false},"excerpt":{"rendered":"<p>Az elm\u00falt 2 napban a Balaton v\u00edzszintje 2 cm-t emelkedett, el\u00e9rve az 125 cm-es \u00e1tlagos v\u00edz\u00e1ll\u00e1st. Si\u00f3-zsilip \u00f3vatosan vizet enged. Magas v\u00edz\u00e1ll\u00e1s probl\u00e9m\u00e1t okozhat er\u0151s sz\u00e9l eset\u00e9n, de nem v\u00e1rhat\u00f3 er\u0151s sz\u00e9l a k\u00f6vetkez\u0151 napokban. <\/p>\n","protected":false},"author":4,"featured_media":617,"comment_status":"closed","ping_status":"open","sticky":false,"template":"","format":"standard","meta":{"footnotes":""},"categories":[82],"tags":[],"aioseo_notices":[],"_links":{"self":[{"href":"https:\/\/blog.waterlanes.eu\/hu\/wp-json\/wp\/v2\/posts\/616"}],"collection":[{"href":"https:\/\/blog.waterlanes.eu\/hu\/wp-json\/wp\/v2\/posts"}],"about":[{"href":"https:\/\/blog.waterlanes.eu\/hu\/wp-json\/wp\/v2\/types\/post"}],"author":[{"embeddable":true,"href":"https:\/\/blog.waterlanes.eu\/hu\/wp-json\/wp\/v2\/users\/4"}],"replies":[{"embeddable":true,"href":"https:\/\/blog.waterlanes.eu\/hu\/wp-json\/wp\/v2\/comments?post=616"}],"version-history":[{"count":0,"href":"https:\/\/blog.waterlanes.eu\/hu\/wp-json\/wp\/v2\/posts\/616\/revisions"}],"wp:featuredmedia":[{"embeddable":true,"href":"https:\/\/blog.waterlanes.eu\/hu\/wp-json\/wp\/v2\/media\/617"}],"wp:attachment":[{"href":"https:\/\/blog.waterlanes.eu\/hu\/wp-json\/wp\/v2\/media?parent=616"}],"wp:term":[{"taxonomy":"category","embeddable":true,"href":"https:\/\/blog.waterlanes.eu\/hu\/wp-json\/wp\/v2\/categories?post=616"},{"taxonomy":"post_tag","embeddable":true,"href":"https:\/\/blog.waterlanes.eu\/hu\/wp-json\/wp\/v2\/tags?post=616"}],"curies":[{"name":"wp","href":"https:\/\/api.w.org\/{rel}","templated":true}]}}