{"id":613,"date":"2024-01-24T03:01:34","date_gmt":"2024-01-24T03:01:34","guid":{"rendered":"https:\/\/hu.waterlanes.eu\/?p=613"},"modified":"2024-01-24T04:15:11","modified_gmt":"2024-01-24T04:15:11","slug":"dekany-balazs-rendor-ezredes-bejelentese-2-uj-kapitanysagvezeto-2024-ben","status":"publish","type":"post","link":"https:\/\/blog.waterlanes.eu\/hu\/hirek\/dekany-balazs-rendor-ezredes-bejelentese-2-uj-kapitanysagvezeto-2024-ben\/","title":{"rendered":"D\u00e9k\u00e1ny Bal\u00e1zs rend\u0151r ezredes bejelent\u00e9se: 2 \u00faj kapit\u00e1nys\u00e1gvezet\u0151 2024-ben"},"content":{"rendered":"<div class=\"postie-post\">\n<h4>2024. janu\u00e1r 2-\u00e1n a Veszpr\u00e9m V\u00e1rmegyei Rend\u0151r-f\u0151kapit\u00e1nys\u00e1g vezet\u0151je, D\u00e9k\u00e1ny Bal\u00e1zs rend\u0151r ezredes bejelentette, hogy k\u00e9t \u00faj szem\u00e9lyt b\u00edzott meg a kapit\u00e1nys\u00e1gvezet\u0151i feladatokkal. Ficsor Karolina rend\u0151r alezredes lett a Veszpr\u00e9mi Rend\u0151rkapit\u00e1nys\u00e1g \u00faj vezet\u0151je, m\u00edg Rausz Istv\u00e1n rend\u0151r ezredes, a P\u00e1pai Rend\u0151rkapit\u00e1nys\u00e1g kor\u00e1bbi vezet\u0151je kapta meg a Veszpr\u00e9mi Rend\u0151rkapit\u00e1nys\u00e1g kapit\u00e1nys\u00e1gvezet\u0151i feladatait. A rend\u0151r ezredes Rausz Istv\u00e1nt ism\u00e9telten elismer\u00e9sben r\u00e9szes\u00edtette a kiv\u00e1l\u00f3 vezet\u00e9s\u00e9\u00e9rt.<\/h4>\n<p> 2024. janu\u00e1r 2-\u00e1n a Veszpr\u00e9m V\u00e1rmegyei Rend\u0151r-f\u0151kapit\u00e1nys\u00e1g vezet\u0151je, D\u00e9k\u00e1ny Bal\u00e1zs rend\u0151r ezredes \u00e1llom\u00e1nygy\u0171l\u00e9st tartott. Ezen az alkalmon bejelentette, hogy megb\u00edzott k\u00e9t \u00faj szem\u00e9lyt a kapit\u00e1nys\u00e1gvezet\u0151i feladatok ell\u00e1t\u00e1s\u00e1val. Az els\u0151 szem\u00e9ly, akit kinevezett, Ficsor Karolina rend\u0151r alezredes, a Veszpr\u00e9mi Rend\u0151rkapit\u00e1nys\u00e1g \u00faj vezet\u0151je lett janu\u00e1r 1-t\u0151l. A m\u00e1sodik szem\u00e9ly, Rausz Istv\u00e1n rend\u0151r ezredes, a P\u00e1pai Rend\u0151rkapit\u00e1nys\u00e1g kor\u00e1bbi vezet\u0151je, pedig a Veszpr\u00e9mi Rend\u0151rkapit\u00e1nys\u00e1g kapit\u00e1nys\u00e1gvezet\u0151i feladatait kapta. D\u00e9k\u00e1ny Bal\u00e1zs rend\u0151r ezredes a Veszpr\u00e9mi Rend\u0151rkapit\u00e1nys\u00e1g \u00e1llom\u00e1nygy\u0171l\u00e9s\u00e9n Rausz Istv\u00e1nt t\u00e1rgyjutalomban r\u00e9szes\u00edtette a 2019 \u00e9s 2023 k\u00f6z\u00f6tti eredm\u00e9nyes vezet\u00e9s\u00e9\u00e9rt. A h\u00edr a vehir.hu-n jelent meg.<\/p>\n<p>2024. janu\u00e1r 2-\u00e1n a Veszpr\u00e9m V\u00e1rmegyei Rend\u0151r-f\u0151kapit\u00e1nys\u00e1g vezet\u0151je, D\u00e9k\u00e1ny Bal\u00e1zs rend\u0151r ezredes \u00e1llom\u00e1nygy\u0171l\u00e9st tartott, ahol bejelentette, hogy k\u00e9t \u00faj szem\u00e9lyt b\u00edzott meg a kapit\u00e1nys\u00e1gvezet\u0151i feladatokkal. Az egyik szem\u00e9ly Ficsor Karolina rend\u0151r alezredes, aki janu\u00e1r 1-t\u0151l a Veszpr\u00e9mi Rend\u0151rkapit\u00e1nys\u00e1g vezet\u0151je lett. A m\u00e1sik szem\u00e9ly, Rausz Istv\u00e1n rend\u0151r ezredes pedig a Veszpr\u00e9mi Rend\u0151rkapit\u00e1nys\u00e1g kapit\u00e1nys\u00e1gvezet\u0151i feladatait kapta, \u00e9s a rendezv\u00e9nyen D\u00e9k\u00e1ny Bal\u00e1zs t\u00e1rgyjutalomban r\u00e9szes\u00edtette az eredm\u00e9nyes vezet\u00e9s\u00e9\u00e9rt<\/div>\n","protected":false},"excerpt":{"rendered":"<p>2024. janu\u00e1r 2-\u00e1n a Veszpr\u00e9m VM Rend\u0151r-f\u0151kapit\u00e1nys\u00e1g vezet\u0151je, D\u00e9k\u00e1ny Bal\u00e1zs rend\u0151r ezredes \u00e1llom\u00e1nygy\u0171l\u00e9st tartott, bejelentve 2 \u00faj kapit\u00e1nys\u00e1gvezet\u0151t <\/p>\n","protected":false},"author":4,"featured_media":614,"comment_status":"closed","ping_status":"open","sticky":false,"template":"","format":"standard","meta":{"footnotes":""},"categories":[82],"tags":[],"aioseo_notices":[],"_links":{"self":[{"href":"https:\/\/blog.waterlanes.eu\/hu\/wp-json\/wp\/v2\/posts\/613"}],"collection":[{"href":"https:\/\/blog.waterlanes.eu\/hu\/wp-json\/wp\/v2\/posts"}],"about":[{"href":"https:\/\/blog.waterlanes.eu\/hu\/wp-json\/wp\/v2\/types\/post"}],"author":[{"embeddable":true,"href":"https:\/\/blog.waterlanes.eu\/hu\/wp-json\/wp\/v2\/users\/4"}],"replies":[{"embeddable":true,"href":"https:\/\/blog.waterlanes.eu\/hu\/wp-json\/wp\/v2\/comments?post=613"}],"version-history":[{"count":0,"href":"https:\/\/blog.waterlanes.eu\/hu\/wp-json\/wp\/v2\/posts\/613\/revisions"}],"wp:featuredmedia":[{"embeddable":true,"href":"https:\/\/blog.waterlanes.eu\/hu\/wp-json\/wp\/v2\/media\/614"}],"wp:attachment":[{"href":"https:\/\/blog.waterlanes.eu\/hu\/wp-json\/wp\/v2\/media?parent=613"}],"wp:term":[{"taxonomy":"category","embeddable":true,"href":"https:\/\/blog.waterlanes.eu\/hu\/wp-json\/wp\/v2\/categories?post=613"},{"taxonomy":"post_tag","embeddable":true,"href":"https:\/\/blog.waterlanes.eu\/hu\/wp-json\/wp\/v2\/tags?post=613"}],"curies":[{"name":"wp","href":"https:\/\/api.w.org\/{rel}","templated":true}]}}