{"id":611,"date":"2024-01-23T03:01:25","date_gmt":"2024-01-23T03:01:25","guid":{"rendered":"https:\/\/hu.waterlanes.eu\/?p=611"},"modified":"2024-01-23T03:57:11","modified_gmt":"2024-01-23T03:57:11","slug":"110-ezer-turista-magyarorszag-husveti-kedvencekent-budapest-balaton-es-videk","status":"publish","type":"post","link":"https:\/\/blog.waterlanes.eu\/hu\/hirek\/110-ezer-turista-magyarorszag-husveti-kedvencekent-budapest-balaton-es-videk\/","title":{"rendered":"110 ezer turista: Magyarorsz\u00e1g h\u00fasv\u00e9ti kedvencek\u00e9nt Budapest, Balaton \u00e9s vid\u00e9k"},"content":{"rendered":"<div class=\"postie-post\">\n<h4>Az idei \u00fcnnepi hossz\u00fa h\u00e9tv\u00e9g\u00e9n t\u00f6bb mint 110 ezer turista fogja elt\u00f6lteni a vak\u00e1ci\u00f3t Magyarorsz\u00e1gon, a k\u00fclf\u00f6ldiek k\u00f6r\u00e9ben Budapest a legn\u00e9pszer\u0171bb \u00fati c\u00e9l, m\u00edg a magyarok \u00e1ltal\u00e1ban vid\u00e9ken pihennek, f\u0151k\u00e9ppen a Balaton \u00e9s az egy\u00e9b f\u00fcrd\u0151helyek l\u00e1togat\u00e1sa a kedvenc tev\u00e9kenys\u00e9g\u00fck. A legt\u00f6bb k\u00fclf\u00f6ldi turista Spanyolorsz\u00e1gb\u00f3l, Olaszorsz\u00e1gb\u00f3l, N\u00e9metorsz\u00e1gb\u00f3l \u00e9s az Egyes\u00fclt Kir\u00e1lys\u00e1gb\u00f3l \u00e9rkezik, de jelent\u0151s \u00e9rdekl\u0151d\u00e9s mutatkozik G\u00f6r\u00f6gorsz\u00e1g ir\u00e1nt is. Az \u00fcnnepi id\u0151szakban a legl\u00e1togatottabb turisztikai ter\u00fcletek k\u00f6z\u00f6tt szerepel a Balaton, B\u00fck-S\u00e1rv\u00e1r \u00e9s Budapest k\u00f6rny\u00e9ke, valamint a vid\u00e9ki telep\u00fcl\u00e9sek is n\u00e9pszer\u0171ek, k\u00fcl\u00f6n\u00f6sen a t\u00e9li szezonban.<\/h4>\n<p> Az id\u00e9n az \u00fcnnepi hossz\u00fa h\u00e9tv\u00e9g\u00e9n t\u00f6bb mint 110 ezer turista fogja elt\u00f6lteni a vak\u00e1ci\u00f3t Magyarorsz\u00e1gon &#8211; \u00e1ll\u00edtja a Nemzeti Turisztikai Adatszolg\u00e1ltat\u00f3 K\u00f6zpont (NTAK). A statisztik\u00e1k szerint a k\u00fclf\u00f6ldiek k\u00f6r\u00e9ben Budapest a legn\u00e9pszer\u0171bb \u00fati c\u00e9l, m\u00edg a magyarok \u00e1ltal\u00e1ban vid\u00e9ken pihennek, legink\u00e1bb a Balaton \u00e9s az egy\u00e9b f\u00fcrd\u0151helyek l\u00e1togat\u00e1sa a kedvenc tev\u00e9kenys\u00e9g\u00fck. K\u00fclf\u00f6ldr\u0151l \u00e9rkez\u0151 turist\u00e1k k\u00f6z\u00fcl 63 ezren v\u00e1lasztott\u00e1k Magyarorsz\u00e1got, legf\u0151k\u00e9ppen Budapestet, \u00e9s a l\u00e1togat\u00f3k mintegy 70 sz\u00e1zal\u00e9ka szeretne a f\u0151v\u00e1rosban kikapcsol\u00f3dni. A k\u00fclf\u00f6ldi vend\u00e9gek k\u00f6z\u00f6tt a legt\u00f6bben Spanyolorsz\u00e1gb\u00f3l, Olaszorsz\u00e1gb\u00f3l, N\u00e9metorsz\u00e1gb\u00f3l \u00e9s az Egyes\u00fclt Kir\u00e1lys\u00e1gb\u00f3l \u00e9rkeznek, de nem kev\u00e9s foglal\u00e1s \u00e9rkezett G\u00f6r\u00f6gorsz\u00e1gb\u00f3l is.<br \/>Az Ausztri\u00e1b\u00f3l, Csehorsz\u00e1gb\u00f3l \u00e9s N\u00e9metorsz\u00e1gb\u00f3l \u00e9rkez\u0151 turist\u00e1k f\u0151k\u00e9nt a vid\u00e9ki t\u00e1jakat fedezik fel. Fontos megjegyezni, hogy a vid\u00e9ki telep\u00fcl\u00e9sek ir\u00e1nt is jelent\u0151s az \u00e9rdekl\u0151d\u00e9s, k\u00fcl\u00f6n\u00f6sen a t\u00e9li szezonban, amikor a f\u00fcrd\u0151helyek l\u00e1togatotts\u00e1ga magasabb. Az \u00fcnnepek alatt a legl\u00e1togatottabb turisztikai ter\u00fcletek k\u00f6z\u00f6tt szerepel a Balaton, B\u00fck-S\u00e1rv\u00e1r \u00e9s Budapest k\u00f6rny\u00e9ke, ahol H\u00e9v\u00edz, B\u00fck \u00e9s S\u00e1rv\u00e1r a legkedveltebb v\u00e1rosok. Az \u00fcnnepi id\u0151szakban a hazai vend\u00e9gek nagy t\u00f6bbs\u00e9ge vid\u00e9ken pihen a legink\u00e1bb. Sz\u00e1mukra a Balaton, a M\u00e1tra-B\u00fckk t\u00e9rs\u00e9g, valamint Debrecen \u00e9s k\u00f6rny\u00e9ke a legvonz\u00f3bb. A f\u00fcrd\u0151v\u00e1rosok n\u00e9pszer\u0171s\u00e9ge tov\u00e1bbra is er\u0151s, az idei kar\u00e1csonyi el\u0151foglal\u00e1sokat H\u00e9v\u00edz, Hajd\u00faszoboszl\u00f3 \u00e9s Zalakaros vezeti.<br \/>Az NM\u00dc k\u00f6zlem\u00e9nye szerint az idei \u00fcnnepekre hazai vend\u00e9geink egyre gyakrabban v\u00e1lasztj\u00e1k a 4 \u00e9s 5 csillagos sz\u00e1llod\u00e1kat. A foglal\u00e1sok 68 sz\u00e1zal\u00e9ka \u00e9rkezett erre a kateg\u00f3ri\u00e1ra. A sz\u00e1ll\u00e1sok k\u00f6z\u00f6tt a legkeresettebbek ilyenkor a luxussz\u00e1llod\u00e1k. Az NTAK adatai szerint az idei belf\u00f6ldi foglal\u00e1sok k\u00f6z\u00fcl h\u00e1romb\u00f3l kett\u0151 \u00e9rkezett ezekbe a sz\u00e1llod\u00e1kba.<\/p>\n<p>Az NTAK szerint t\u00f6bb mint 110 ezer turista v\u00e1lasztja Magyarorsz\u00e1got az idei \u00fcnnepi hossz\u00fa h\u00e9tv\u00e9g\u00e9n, a k\u00fclf\u00f6ldiek f\u0151k\u00e9nt Budapestet, a magyarok pedig vid\u00e9ket r\u00e9szes\u00edtik el\u0151nyben. A legn\u00e9pszer\u0171bb turisztikai ter\u00fcletek k\u00f6z\u00f6tt szerepel a Balaton, B\u00fck-S\u00e1rv\u00e1r \u00e9s Budapest k\u00f6rny\u00e9ke, ahol a legt\u00f6bben H\u00e9v\u00edz, B\u00fck \u00e9s S\u00e1rv\u00e1r v\u00e1rosait v\u00e1lasztj\u00e1k. A belf\u00f6ldi foglal\u00e1sok k\u00f6z\u00f6tt a 4 \u00e9s 5 csillagos sz\u00e1llod\u00e1k a legkeresettebbek, ahol a foglal\u00e1sok 68 sz\u00e1zal\u00e9ka \u00e9rkezett<\/div>\n","protected":false},"excerpt":{"rendered":"<p>Az NTAK szerint t\u00f6bb mint 110 ezer turista v\u00e1lasztja Magyarorsz\u00e1got az idei \u00fcnnepi hossz\u00fa h\u00e9tv\u00e9g\u00e9n. Budapestet \u00e9s vid\u00e9ket r\u00e9szes\u00edtik el\u0151nyben. <\/p>\n","protected":false},"author":4,"featured_media":612,"comment_status":"closed","ping_status":"open","sticky":false,"template":"","format":"standard","meta":{"footnotes":""},"categories":[82],"tags":[],"aioseo_notices":[],"_links":{"self":[{"href":"https:\/\/blog.waterlanes.eu\/hu\/wp-json\/wp\/v2\/posts\/611"}],"collection":[{"href":"https:\/\/blog.waterlanes.eu\/hu\/wp-json\/wp\/v2\/posts"}],"about":[{"href":"https:\/\/blog.waterlanes.eu\/hu\/wp-json\/wp\/v2\/types\/post"}],"author":[{"embeddable":true,"href":"https:\/\/blog.waterlanes.eu\/hu\/wp-json\/wp\/v2\/users\/4"}],"replies":[{"embeddable":true,"href":"https:\/\/blog.waterlanes.eu\/hu\/wp-json\/wp\/v2\/comments?post=611"}],"version-history":[{"count":0,"href":"https:\/\/blog.waterlanes.eu\/hu\/wp-json\/wp\/v2\/posts\/611\/revisions"}],"wp:featuredmedia":[{"embeddable":true,"href":"https:\/\/blog.waterlanes.eu\/hu\/wp-json\/wp\/v2\/media\/612"}],"wp:attachment":[{"href":"https:\/\/blog.waterlanes.eu\/hu\/wp-json\/wp\/v2\/media?parent=611"}],"wp:term":[{"taxonomy":"category","embeddable":true,"href":"https:\/\/blog.waterlanes.eu\/hu\/wp-json\/wp\/v2\/categories?post=611"},{"taxonomy":"post_tag","embeddable":true,"href":"https:\/\/blog.waterlanes.eu\/hu\/wp-json\/wp\/v2\/tags?post=611"}],"curies":[{"name":"wp","href":"https:\/\/api.w.org\/{rel}","templated":true}]}}