{"id":609,"date":"2024-01-23T03:01:19","date_gmt":"2024-01-23T03:01:19","guid":{"rendered":"https:\/\/hu.waterlanes.eu\/?p=609"},"modified":"2024-01-23T03:31:50","modified_gmt":"2024-01-23T03:31:50","slug":"az-eplenyi-sikozpont-varakozassal-telve-nyitasra-keszen","status":"publish","type":"post","link":"https:\/\/blog.waterlanes.eu\/hu\/hirek\/az-eplenyi-sikozpont-varakozassal-telve-nyitasra-keszen\/","title":{"rendered":"Az epl\u00e9nyi s\u00edk\u00f6zpont v\u00e1rakoz\u00e1ssal telve nyit\u00e1sra k\u00e9szen"},"content":{"rendered":"<div class=\"postie-post\">\n<h4>Az epl\u00e9nyi s\u00edk\u00f6zpont \u00e1tmenetileg bez\u00e1rt, mert a p\u00e1ly\u00e1k nem alkalmasak s\u00edel\u00e9sre \u00e9s snowboardoz\u00e1sra. A t\u00e9li sportokat kedvel\u0151k sz\u00e1m\u00e1ra az epl\u00e9nyi s\u00edp\u00e1lya december 4-\u00e9n nyitotta meg a t\u00e9li szezont, azonban a sz\u00e9ls\u0151s\u00e9ges id\u0151j\u00e1r\u00e1si viszonyok miatt most ideiglenesen bez\u00e1rt. A p\u00e1ly\u00e1k \u00fajb\u00f3li megnyit\u00e1s\u00e1ra terveik szerint janu\u00e1r 9-\u00e9n ker\u00fcl sor.<\/h4>\n<p> Az epl\u00e9nyi s\u00edk\u00f6zpont \u00e1tmenetileg bez\u00e1rt, mert a p\u00e1ly\u00e1k nem alkalmasak s\u00edel\u00e9sre \u00e9s snowboardoz\u00e1sra. Err\u0151l a d\u00f6nt\u00e9sr\u0151l a S\u00edar\u00e9na Vibe Park sz\u00e1molt be a Facebook-oldal\u00e1n &#8211; jelentette a Telex. Az \u00fczemeltet\u0151k terveik szerint a s\u00edk\u00f6zpontot janu\u00e1r 9-\u00e9n nyitj\u00e1k \u00fajra. A t\u00e9li sportokat kedvel\u0151k sz\u00e1m\u00e1ra az epl\u00e9nyi s\u00edp\u00e1lya december 4-\u00e9n nyitotta meg a t\u00e9li szezont.<\/p>\n<p>Az epl\u00e9nyi s\u00edk\u00f6zpont \u00e1tmenetileg bez\u00e1rt a p\u00e1ly\u00e1k nem megfelel\u0151 \u00e1llapota miatt, de terveik szerint janu\u00e1r 9-\u00e9n \u00fajranyitnak. Az \u00fczemeltet\u0151k bejelent\u00e9se szerint a p\u00e1ly\u00e1kon nem lehet s\u00edelni \u00e9s snowboardozni. Kor\u00e1bban, december 4-\u00e9n nyitott\u00e1k meg a szezont a t\u00e9li sportokat kedvel\u0151k sz\u00e1m\u00e1ra<\/div>\n","protected":false},"excerpt":{"rendered":"<p>Az epl\u00e9nyi s\u00edk\u00f6zpont \u00e1tmenetileg bez\u00e1rt, de terveik szerint janu\u00e1r 9-\u00e9n \u00fajranyitnak. A p\u00e1ly\u00e1kon nem lehet s\u00edelni \u00e9s snowboardozni <\/p>\n","protected":false},"author":4,"featured_media":610,"comment_status":"closed","ping_status":"open","sticky":false,"template":"","format":"standard","meta":{"footnotes":""},"categories":[82],"tags":[],"aioseo_notices":[],"_links":{"self":[{"href":"https:\/\/blog.waterlanes.eu\/hu\/wp-json\/wp\/v2\/posts\/609"}],"collection":[{"href":"https:\/\/blog.waterlanes.eu\/hu\/wp-json\/wp\/v2\/posts"}],"about":[{"href":"https:\/\/blog.waterlanes.eu\/hu\/wp-json\/wp\/v2\/types\/post"}],"author":[{"embeddable":true,"href":"https:\/\/blog.waterlanes.eu\/hu\/wp-json\/wp\/v2\/users\/4"}],"replies":[{"embeddable":true,"href":"https:\/\/blog.waterlanes.eu\/hu\/wp-json\/wp\/v2\/comments?post=609"}],"version-history":[{"count":0,"href":"https:\/\/blog.waterlanes.eu\/hu\/wp-json\/wp\/v2\/posts\/609\/revisions"}],"wp:featuredmedia":[{"embeddable":true,"href":"https:\/\/blog.waterlanes.eu\/hu\/wp-json\/wp\/v2\/media\/610"}],"wp:attachment":[{"href":"https:\/\/blog.waterlanes.eu\/hu\/wp-json\/wp\/v2\/media?parent=609"}],"wp:term":[{"taxonomy":"category","embeddable":true,"href":"https:\/\/blog.waterlanes.eu\/hu\/wp-json\/wp\/v2\/categories?post=609"},{"taxonomy":"post_tag","embeddable":true,"href":"https:\/\/blog.waterlanes.eu\/hu\/wp-json\/wp\/v2\/tags?post=609"}],"curies":[{"name":"wp","href":"https:\/\/api.w.org\/{rel}","templated":true}]}}