{"id":607,"date":"2024-01-19T03:01:30","date_gmt":"2024-01-19T03:01:30","guid":{"rendered":"https:\/\/hu.waterlanes.eu\/?p=607"},"modified":"2024-01-19T03:03:04","modified_gmt":"2024-01-19T03:03:04","slug":"egyedulallo-ujevi-programok-es-hagyomanyok-varosainkban","status":"publish","type":"post","link":"https:\/\/blog.waterlanes.eu\/hu\/hirek\/egyedulallo-ujevi-programok-es-hagyomanyok-varosainkban\/","title":{"rendered":"Egyed\u00fcl\u00e1ll\u00f3 \u00faj\u00e9vi programok \u00e9s hagyom\u00e1nyok v\u00e1rosainkban"},"content":{"rendered":"<div class=\"postie-post\">\n<h4>2024 janu\u00e1r 1-j\u00e9n Szigligeten ism\u00e9t megrendezt\u00e9k a hagyom\u00e1nyos janu\u00e1r elsejei m\u00e1rt\u00f3z\u00e1st, melynek keret\u00e9ben el\u0151tte extr\u00e9m f\u00fcrd\u0151ruha verseny is zajlott. A V\u00edziment\u0151k Orsz\u00e1gos Szakszolg\u00e1lata biztos\u00edtotta a probl\u00e9mamentes f\u00fcrd\u0151z\u00e9st, ahogy m\u00e1r t\u00f6bb mint egy \u00e9vtizede teszik. Az angolok R\u00f3m\u00e1ban \u00e9s a hollandok Mikul\u00e1s sapk\u00e1ban csatlakoztak az \u00faj\u00e9vi f\u00fcrd\u0151z\u0151kh\u00f6z, m\u00edg m\u00e1s helyeken karnev\u00e1lok, koncertek \u00e9s t\u0171zij\u00e1t\u00e9kok \u00fcnnepelt\u00e9k az \u00faj \u00e9vet.<\/h4>\n<p> A janu\u00e1r elsejei m\u00e1rt\u00f3z\u00e1s, amelynek m\u00e1r t\u00f6bb mint t\u00edz \u00e9ve van a telep\u00fcl\u00e9sen, el\u0151sz\u00f6r 2024 janu\u00e1r 1-j\u00e9n t\u00f6rt\u00e9nt. Az esem\u00e9nyet 14 \u00f3rakor kezdt\u00e9k, el\u0151tte pedig az extr\u00e9m f\u00fcrd\u0151ruha verseny zajlott. A 168.hu szerint a V\u00edziment\u0151k Orsz\u00e1gos Szakszolg\u00e1lata id\u00e9n is garant\u00e1lta a probl\u00e9mamentes k\u00f6z\u00f6s f\u00fcrd\u0151z\u00e9st, mint ahogy m\u00e1r t\u00f6bb mint egy \u00e9vtizede teszik. A 3-4 fokos v\u00edzben bajba ker\u00fcl\u0151 szem\u00e9lyek gyors seg\u00edts\u00e9get kaptak t\u0151l\u00fck. Az angolok R\u00f3m\u00e1ban megl\u00e1togatt\u00e1k a v\u00edzbe ugr\u00e1st az \u00faj\u00e9v napj\u00e1n, be\u00f6lt\u00f6zve, m\u00edg a hollandok Mikul\u00e1s sapk\u00e1ban csatlakoztak hozz\u00e1juk. M\u00e1s helyeken az \u00faj\u00e9vet karnev\u00e1lok, koncertek \u00e9s t\u0171zij\u00e1t\u00e9kok \u00fcnnepelt\u00e9k.<br \/>Az \u00faj\u00e9vi csobban\u00e1s Szigligeten id\u00e9n sem maradhatott el.<\/p>\n<p>Id\u00e9n janu\u00e1r 1-j\u00e9n Szigligeten megrendezt\u00e9k az \u00faj\u00e9vi csobban\u00e1st, amely m\u00e1r t\u00f6bb mint t\u00edz \u00e9ve hagyom\u00e1ny a telep\u00fcl\u00e9sen. A V\u00edziment\u0151k Orsz\u00e1gos Szakszolg\u00e1lata garant\u00e1lta a biztons\u00e1gos f\u00fcrd\u0151z\u00e9st a 3-4 fokos v\u00edzben, \u00e9s seg\u00edts\u00e9get ny\u00fajtott az esetlegesen bajba ker\u00fclt embereknek. M\u00e1s v\u00e1rosokban az \u00faj\u00e9vet karnev\u00e1lokkal, koncertekkel \u00e9s t\u0171zij\u00e1t\u00e9kokkal \u00fcnnepelt\u00e9k<\/div>\n","protected":false},"excerpt":{"rendered":"<p>Janu\u00e1r 1-j\u00e9n Szigligeten a hagyom\u00e1nyos \u00faj\u00e9vi csobban\u00e1s zajlik. V\u00edziment\u0151k garant\u00e1lj\u00e1k a biztons\u00e1got, seg\u00edtenek bajba ker\u00fclteknek. M\u00e1s v\u00e1rosokban \u00fcnnepelnek karnev\u00e1lok, koncertek \u00e9s t\u0171zij\u00e1t\u00e9kok. <\/p>\n","protected":false},"author":4,"featured_media":608,"comment_status":"closed","ping_status":"open","sticky":false,"template":"","format":"standard","meta":{"footnotes":""},"categories":[82],"tags":[],"aioseo_notices":[],"_links":{"self":[{"href":"https:\/\/blog.waterlanes.eu\/hu\/wp-json\/wp\/v2\/posts\/607"}],"collection":[{"href":"https:\/\/blog.waterlanes.eu\/hu\/wp-json\/wp\/v2\/posts"}],"about":[{"href":"https:\/\/blog.waterlanes.eu\/hu\/wp-json\/wp\/v2\/types\/post"}],"author":[{"embeddable":true,"href":"https:\/\/blog.waterlanes.eu\/hu\/wp-json\/wp\/v2\/users\/4"}],"replies":[{"embeddable":true,"href":"https:\/\/blog.waterlanes.eu\/hu\/wp-json\/wp\/v2\/comments?post=607"}],"version-history":[{"count":0,"href":"https:\/\/blog.waterlanes.eu\/hu\/wp-json\/wp\/v2\/posts\/607\/revisions"}],"wp:featuredmedia":[{"embeddable":true,"href":"https:\/\/blog.waterlanes.eu\/hu\/wp-json\/wp\/v2\/media\/608"}],"wp:attachment":[{"href":"https:\/\/blog.waterlanes.eu\/hu\/wp-json\/wp\/v2\/media?parent=607"}],"wp:term":[{"taxonomy":"category","embeddable":true,"href":"https:\/\/blog.waterlanes.eu\/hu\/wp-json\/wp\/v2\/categories?post=607"},{"taxonomy":"post_tag","embeddable":true,"href":"https:\/\/blog.waterlanes.eu\/hu\/wp-json\/wp\/v2\/tags?post=607"}],"curies":[{"name":"wp","href":"https:\/\/api.w.org\/{rel}","templated":true}]}}