{"id":605,"date":"2024-01-17T03:01:47","date_gmt":"2024-01-17T03:01:47","guid":{"rendered":"https:\/\/hu.waterlanes.eu\/?p=605"},"modified":"2024-01-17T04:10:39","modified_gmt":"2024-01-17T04:10:39","slug":"tuzesetek-es-evakuaciok-tobb-varosban-is-tuzvesz-tombolt","status":"publish","type":"post","link":"https:\/\/blog.waterlanes.eu\/hu\/hirek\/tuzesetek-es-evakuaciok-tobb-varosban-is-tuzvesz-tombolt\/","title":{"rendered":"T\u0171zesetek \u00e9s evaku\u00e1ci\u00f3k &#8211; t\u00f6bb v\u00e1rosban is t\u0171zv\u00e9sz tombolt"},"content":{"rendered":"<div class=\"postie-post\">\n<h4>H\u00e1rom t\u0171zeset t\u00f6rt\u00e9nt G\u00f6ncruszk\u00e1n, Karoson \u00e9s Ny\u00edregyh\u00e1z\u00e1n, amelyek sor\u00e1n az \u00e9rintett h\u00e1zak teljesen lakhatatlann\u00e1 v\u00e1ltak, \u00e9s t\u00f6bb embernek kellett rokonokn\u00e1l elsz\u00e1ll\u00e1sol\u00f3dnia. Szint\u00e9n t\u0171z keletkezett Sz\u00e9kesfeh\u00e9rv\u00e1ron egy t\u00e1rsash\u00e1zban, ahol egy hagyott \u00e9tel miatt m\u00e9ly\u00fclt el a t\u0171z. Tov\u00e1bbi t\u0171zesetek t\u00f6rt\u00e9ntek T\u00f6r\u00f6kszentmikl\u00f3son, Debrecenben, Esztergomban, Budapest XVII. ker\u00fclet\u00e9ben, Derekegyh\u00e1zon, valamint Budapest XVI. ker\u00fclet\u00e9ben \u00e9s Gy\u00f6ngy\u00f6sfalun is probl\u00e9m\u00e1t okozott a t\u0171z. Emellett sz\u00e9n-monoxid m\u00e9rgez\u00e9sek miatt is riasztott\u00e1k a t\u0171zolt\u00f3kat t\u00f6bb helyen az orsz\u00e1gban.<\/h4>\n<p> G\u00f6ncruszk\u00e1n \u00e9s Karoson t\u0171zeset t\u00f6rt\u00e9nt reggel. Mukics D\u00e1niel alezredes k\u00f6zl\u00e9se szerint a m\u00e1sik besz\u00e1mol\u00f3nak megfelel\u0151en, a t\u0171z G\u00f6ncruszk\u00e1n egy k\u00e9m\u00e9nyb\u0151l, Karoson pedig egy k\u00e1lyh\u00e1b\u00f3l kipattant szikra miatt keletkezett. Mivel a h\u00e1zak teljesen lakhatatlann\u00e1 v\u00e1ltak, G\u00f6ncruszk\u00e1r\u00f3l n\u00e9gy, Karosr\u00f3l hat embert kellett rokonokn\u00e1l elsz\u00e1ll\u00e1solni.<\/p>\n<p>Vas\u00e1rnap reggel Ny\u00edregyh\u00e1z\u00e1n, Gerh\u00e1tbokor v\u00e1rosr\u00e9sz\u00e9ben a t\u0171zolt\u00f3k egy pincelak\u00e1sban tal\u00e1ltak meg\u00e9gtek nyomait. Az \u00e1gy melletti fotelen \u00e9s a falon l\u00e1that\u00f3k voltak a t\u0171z nyomai, valamint egy holttest is volt a helysz\u00ednen.<\/p>\n<p>Sz\u00e9kesfeh\u00e9rv\u00e1ron d\u00e9lel\u0151tt t\u00f6rt\u00e9nt egy t\u0171zeset a K\u00edgy\u00f3 utcai t\u00e1rsash\u00e1zban. A t\u0171z az\u00e9rt keletkezett, mert valaki egy t\u0171zhelyen hagyott felejtett \u00e9telt. Szerencs\u00e9re a lak\u00f3k a t\u0171zolt\u00f3k ki\u00e9rkez\u00e9se el\u0151tt eloltott\u00e1k a t\u00fczet, \u00edgy a l\u00e9pcs\u0151h\u00e1zak csak f\u00fcsttel tel\u00edt\u0151dtek.<\/p>\n<p>Egy t\u00f6r\u00f6kszentmikl\u00f3si csal\u00e1di h\u00e1zban d\u00e9lut\u00e1n gyulladt ki egy villany\u00f3raszekr\u00e9ny. Az \u00e9p\u00fclet teljesen f\u0171thetetlenn\u00e9 v\u00e1lt, ez\u00e9rt az ott \u00e9l\u0151 \u00f6t ember rokonokhoz ment.<br \/>Egy debreceni csal\u00e1di h\u00e1zban egy biztos\u00edt\u00e9kszekr\u00e9ny \u00e9gett, amit a tulajdonos eloltott. Az ingatlanb\u00f3l egy embert a ment\u0151k k\u00f3rh\u00e1zba vittek, m\u00edg kett\u0151t rokonokn\u00e1l helyeztek el.<\/p>\n<p>Egy esztergomi sorh\u00e1zban koraeste egy villany\u00f3raszekr\u00e9ny \u00e9gett. 17 ember hagyta el az \u00e9p\u00fcletet az olt\u00e1s idej\u00e9re, k\u00f6z\u00fcl\u00fck tizenn\u00e9gyen k\u00e9s\u0151bb hazat\u00e9rhettek, m\u00edg h\u00e1rom embert rokonokn\u00e1l helyeztek el.<\/p>\n<p>Budapest XVII. ker\u00fclet\u00e9ben egy Szigetcs\u00e9p utcai csal\u00e1di h\u00e1z nappalij\u00e1ban egy adventi koszor\u00fa \u00e9gett. A l\u00e1ngok \u00e1tterjedtek a k\u00f6rnyez\u0151 b\u00fatorokra, de magukt\u00f3l kialudtak, mire a t\u0171zolt\u00f3k ki\u00e9rkeztek.<\/p>\n<p>Derekegyh\u00e1zon az esti \u00f3r\u00e1kban egy kisebb robban\u00e1s t\u00f6rt\u00e9nt egy cser\u00e9pk\u00e1lyh\u00e1ban. Budapest XVI. ker\u00fclet\u00e9ben egy k\u00e1lyha kigyulladt, m\u00edg Gy\u00f6ngy\u00f6sfalun vissza\u00e1raml\u00f3 f\u00fcst miatt riasztott\u00e1k a t\u0171zolt\u00f3kat.<br \/>Kaposv\u00e1ron, Szentbal\u00e1zson, Szolnokon, Budapest XI., XIX. \u00e9s XXII. ker\u00fclet\u00e9ben, Kutason \u00e9s P\u00e9csett sz\u00e9n-monoxid miatt h\u00edvt\u00e1k a t\u0171zolt\u00f3kat, heten ker\u00fcltek k\u00f3rh\u00e1zba a m\u00e9rgez\u0151 g\u00e1z miatt. Egy \u0151z ker\u00fclt beszorulva egy ker\u00edt\u00e9sbe Balatonf\u0171zf\u0151n, birk\u00e1kat mentettek egy gar\u00e1zs \u00e9s hod\u00e1ly t\u0171z\u00e9b\u0151l Csem\u0151n, m\u00edg M\u00e1tyush\u00e1z\u00e1n a t\u0171zolt\u00f3k a v\u00edz al\u00e1 ker\u00fclt sert\u00e9stelep szivatty\u00faz\u00e1s\u00e1val voltak elfoglalva. A katasztr\u00f3fav\u00e9delem munkat\u00e1rsai szenteste napj\u00e1n sz\u00e1mos k\u00f6zleked\u00e9si balesetn\u00e9l, kid\u0151lt f\u00e1kn\u00e1l \u00e9s el\u00e1rasztott ingatlanokn\u00e1l dolgoztak. Mukics D\u00e1niel, a sz\u00f3viv\u0151, hozz\u00e1tette, hogy kar\u00e1csonykor az orsz\u00e1gban k\u00e9tezer t\u0171zolt\u00f3 \u00e9s \u00f6tsz\u00e1z j\u00e1rm\u0171 \u00e1ll szolg\u00e1latban. A &#8222;Sok dolga volt a t\u0171zolt\u00f3knak&#8221; bejegyz\u00e9s el\u0151sz\u00f6r a Balaton Telev\u00edzi\u00f3 &#8211; Csatorna, h\u00edr- \u00e9s \u00e9lm\u00e9nyport\u00e1l oldal\u00e1n jelent meg.<\/p>\n<p>Reggel G\u00f6ncruszk\u00e1n \u00e9s Karoson t\u0171zeset t\u00f6rt\u00e9nt: egy k\u00e9m\u00e9nyb\u0151l \u00e9s egy k\u00e1lyh\u00e1b\u00f3l kipattant szikra okozta a t\u00fczet, amelynek k\u00f6vetkezt\u00e9ben t\u00f6bb embernek kellett elhagynia otthon\u00e1t. Ny\u00edregyh\u00e1z\u00e1n egy pincelak\u00e1sban tal\u00e1lt\u00e1k az \u00e9gett nyomokat, \u00e9s egy holttestet is azonos\u00edtottak a helysz\u00ednen. Sz\u00e9kesfeh\u00e9rv\u00e1ron egy t\u0171zhelyen hagyott \u00e9tel miatt gyulladt ki egy t\u00e1rsash\u00e1z, de a lak\u00f3k id\u0151ben eloltott\u00e1k a t\u00fczet, \u00edgy csak f\u00fcsttel tel\u00edt\u0151dtek a l\u00e9pcs\u0151h\u00e1zak<\/div>\n","protected":false},"excerpt":{"rendered":"<p>Aznap G\u00f6ncruszk\u00e1n \u00e9s Karoson t\u0171zeset, szikra okozott t\u00fczet. T\u00f6bben otthonukat elhagyt\u00e1k. Ny\u00edregyh\u00e1z\u00e1n \u00e9gett nyomok, holttest azonos\u00edtottak. Sz\u00e9kesfeh\u00e9rv\u00e1ron t\u00e1rsash\u00e1zban \u00e9tel gyulladt ki, de eloltott\u00e1k, l\u00e9pcs\u0151h\u00e1zak f\u00fcsttel. <\/p>\n","protected":false},"author":4,"featured_media":606,"comment_status":"closed","ping_status":"open","sticky":false,"template":"","format":"standard","meta":{"footnotes":""},"categories":[82],"tags":[],"aioseo_notices":[],"_links":{"self":[{"href":"https:\/\/blog.waterlanes.eu\/hu\/wp-json\/wp\/v2\/posts\/605"}],"collection":[{"href":"https:\/\/blog.waterlanes.eu\/hu\/wp-json\/wp\/v2\/posts"}],"about":[{"href":"https:\/\/blog.waterlanes.eu\/hu\/wp-json\/wp\/v2\/types\/post"}],"author":[{"embeddable":true,"href":"https:\/\/blog.waterlanes.eu\/hu\/wp-json\/wp\/v2\/users\/4"}],"replies":[{"embeddable":true,"href":"https:\/\/blog.waterlanes.eu\/hu\/wp-json\/wp\/v2\/comments?post=605"}],"version-history":[{"count":0,"href":"https:\/\/blog.waterlanes.eu\/hu\/wp-json\/wp\/v2\/posts\/605\/revisions"}],"wp:featuredmedia":[{"embeddable":true,"href":"https:\/\/blog.waterlanes.eu\/hu\/wp-json\/wp\/v2\/media\/606"}],"wp:attachment":[{"href":"https:\/\/blog.waterlanes.eu\/hu\/wp-json\/wp\/v2\/media?parent=605"}],"wp:term":[{"taxonomy":"category","embeddable":true,"href":"https:\/\/blog.waterlanes.eu\/hu\/wp-json\/wp\/v2\/categories?post=605"},{"taxonomy":"post_tag","embeddable":true,"href":"https:\/\/blog.waterlanes.eu\/hu\/wp-json\/wp\/v2\/tags?post=605"}],"curies":[{"name":"wp","href":"https:\/\/api.w.org\/{rel}","templated":true}]}}