{"id":603,"date":"2024-01-15T16:49:59","date_gmt":"2024-01-15T16:49:59","guid":{"rendered":"https:\/\/hu.waterlanes.eu\/?p=603"},"modified":"2024-01-15T22:45:31","modified_gmt":"2024-01-15T22:45:31","slug":"duna-es-paks-a-fenntarthato-kozlekedes-vizi-utjai","status":"publish","type":"post","link":"https:\/\/blog.waterlanes.eu\/hu\/hu\/duna-es-paks-a-fenntarthato-kozlekedes-vizi-utjai\/","title":{"rendered":"Duna \u00e9s Paks: a fenntarthat\u00f3 k\u00f6zleked\u00e9s v\u00edzi \u00fatjai"},"content":{"rendered":"<div class=\"postie-post\">{{header}} <\/p>\n<h3>Paks, a Tisza-t\u00f3 var\u00e1zslatos partj\u00e1n<\/h3>\n<p> A Duna haj\u00f3kir\u00e1ndul\u00e1sok n\u00e9pszer\u0171 \u00fatvonala a Tisza-t\u00f3n \u00e1t vezet. A Tisza-t\u00f3 a legszebb magyarorsz\u00e1gi tavak k\u00f6z\u00e9 tartozik. A t\u00f3parton tal\u00e1lhat\u00f3 Paks v\u00e1rosa is vonz\u00f3 c\u00e9lpontk\u00e9nt szolg\u00e1l az idel\u00e1togat\u00f3knak. Paks gazdag kultur\u00e1lis \u00f6r\u00f6ks\u00e9ggel rendelkezik, melyet a v\u00e1rosban tal\u00e1lhat\u00f3 m\u00fazeumok \u00e9s templomok is t\u00fckr\u00f6znek. A t\u00f3parti v\u00e1rosban lehet\u0151s\u00e9g ny\u00edlik sz\u00e1mos v\u00edzi sport tev\u00e9kenys\u00e9gre, p\u00e9ld\u00e1ul vitorl\u00e1z\u00e1sra, horg\u00e1sz\u00e1sra vagy ak\u00e1r v\u00edzibicikliz\u00e9sre is. A Duna mellett s\u00e9t\u00e1lva csod\u00e1latos kil\u00e1t\u00e1sban lehet r\u00e9sze az idel\u00e1togat\u00f3knak. K\u00f6zelben tal\u00e1lhat\u00f3ak m\u00e9g kisebb telep\u00fcl\u00e9sek \u00e9s term\u00e9szeti l\u00e1tnival\u00f3k, melyek tov\u00e1bbi programlehet\u0151s\u00e9get ny\u00fajtanak a l\u00e1togat\u00f3knak. <\/p>\n<h3>A fenntarthat\u00f3 k\u00f6zleked\u00e9s jelent\u0151s\u00e9ge a Duna foly\u00f3n<\/h3>\n<p> A fenntarthat\u00f3 k\u00f6zleked\u00e9s a Duna foly\u00f3n kiemelked\u0151en fontos t\u00e9nyez\u0151 a k\u00f6rnyezetv\u00e9delem \u00e9s a gazdas\u00e1gi fejl\u0151d\u00e9s szempontj\u00e1b\u00f3l. Egyr\u00e9szt, a v\u00edzi k\u00f6zleked\u00e9s a legk\u00f6rnyezetbar\u00e1tabb k\u00f6zleked\u00e9si forma, hiszen alacsonyabb a k\u00e1rosanyag-kibocs\u00e1t\u00e1sa, mint a k\u00f6z\u00fati vagy l\u00e9gi k\u00f6zleked\u00e9snek. Emellett a Duna foly\u00f3 hosszanti elterjed\u00e9se \u00e9s a k\u00f6rnyez\u0151 orsz\u00e1gok k\u00f6zels\u00e9ge lehet\u0151v\u00e9 teszi a hat\u00e9kony \u00e9s olcs\u00f3 sz\u00e1ll\u00edt\u00e1st, ami kiemelten fontos a nemzetk\u00f6zi kereskedelemben \u00e9s gazdas\u00e1gi fejl\u0151d\u00e9sben. <\/p>\n<p>Tov\u00e1bb\u00e1, a Duna foly\u00f3n val\u00f3 k\u00f6zleked\u00e9s lehet\u0151v\u00e9 teszi a turizmus fellend\u00edt\u00e9s\u00e9t is. A gy\u00f6ny\u00f6r\u0171 t\u00e1j, \u00e9s a foly\u00f3 ment\u00e9n tal\u00e1lhat\u00f3 v\u00e1rosok t\u00f6k\u00e9letes helysz\u00ednt k\u00edn\u00e1lnak haj\u00f3kir\u00e1ndul\u00e1sokra. Ezzel nem csak gazdas\u00e1gi hasznot \u00e9r\u00fcnk el, hiszen a turizmus r\u00e9v\u00e9n fellend\u00fclhet a helyi kult\u00fara, m\u0171v\u00e9szet \u00e9s kereskedelem is.<\/p>\n<p>A fenntarthat\u00f3 k\u00f6zleked\u00e9s megval\u00f3s\u00edt\u00e1s\u00e1hoz azonban sz\u00e1mos szempontot figyelembe kell venni. P\u00e9ld\u00e1ul, a foly\u00f3 haj\u00f3zhat\u00f3s\u00e1ga rendk\u00edv\u00fcl fontos, mivel csak akkor lehet hat\u00e9konyan \u00e9s biztons\u00e1gosan k\u00f6zlekedni rajta, ha nincsenek akad\u00e1lyok, vagy ha azokat hat\u00e9konyan kezelik. Emellett az infrastrukt\u00fara fejleszt\u00e9se, a kik\u00f6t\u0151k \u00e9s a haj\u00f3z\u00e1st seg\u00edt\u0151 l\u00e9tes\u00edtm\u00e9nyek ki\u00e9p\u00edt\u00e9se is elengedhetetlen. <\/p>\n<p>Az \u00e1rhull\u00e1mok, az id\u0151j\u00e1r\u00e1si k\u00f6r\u00fclm\u00e9nyek \u00e9s az \u00e1rv\u00edzv\u00e9delem szint\u00e9n fontos szempontok. Ezeknek a t\u00e9nyez\u0151knek val\u00f3 megfelel\u00e9s n\u00e9lk\u00fcl a k\u00f6zleked\u00e9s bizonytalann\u00e1 v\u00e1lhat. V\u00e9gezet\u00fcl pedig ki kell alak\u00edtani olyan int\u00e9zked\u00e9seket, amelyek a v\u00edzi k\u00f6zleked\u00e9st \u00e9s a term\u00e9szeti \u00e9rt\u00e9keket is meg\u0151rzik \u00e9s v\u00e9delmezik. Excellens p\u00e9lda erre a Fenntarthat\u00f3 Sz\u00e1ll\u00edt\u00e1si K\u00f6zleked\u00e9si Logisztikai K\u00f6zpont a Duna Hidrobiol\u00f3giai Tan\u00fas\u00edtv\u00e1ny, ami a fenntarthat\u00f3 k\u00f6zleked\u00e9st \u00e9s a k\u00f6rnyezetv\u00e9delmet egyszerre szolg\u00e1lja. <\/p>\n<h3>A fenntarthat\u00f3 k\u00f6zleked\u00e9s \u00e9s a good investment \u00f6sszekapcsol\u00e1sa<\/h3>\n<p> A haj\u00f3k t\u00f6bb jellemz\u0151je k\u00f6z\u00fcl a &#8222;good investment&#8221; kifejez\u00e9s k\u00fcl\u00f6n\u00f6sen kiemelked\u0151 fontoss\u00e1ggal b\u00edr. A haj\u00f3k jelent\u0151s \u00e1rt\u00e9rt\u00e9kkel b\u00edrnak, \u00e9s a j\u00f3 befektet\u00e9s meghat\u00e1roz\u00f3 t\u00e9nyez\u0151 lehet azok megv\u00e1s\u00e1rl\u00e1sakor. Azonban az ut\u00f3bbi id\u0151ben a figyelem egyre ink\u00e1bb a fenntarthat\u00f3bb k\u00f6zleked\u00e9si lehet\u0151s\u00e9gekre ir\u00e1nyul. A napelemes haj\u00f3k ebben a kateg\u00f3ri\u00e1ban kiemelked\u0151ek, hiszen a nap energi\u00e1j\u00e1t haszn\u00e1lj\u00e1k fel a hajt\u00e1sukhoz. Ez azt jelenti, hogy fenntarthat\u00f3 m\u00f3don m\u0171k\u00f6dnek, nem f\u00fcggnek a hagyom\u00e1nyos \u00fczemanyagokt\u00f3l, \u00e9s minimaliz\u00e1lj\u00e1k a k\u00f6rnyezetre gyakorolt hat\u00e1sukat. Egy napelemes haj\u00f3 teh\u00e1t nemcsak a &#8222;good investment&#8221; szempontj\u00e1b\u00f3l fontos, hiszen hossz\u00fa t\u00e1von is gazdas\u00e1gos megold\u00e1st jelent, hanem a fenntarthat\u00f3 k\u00f6zleked\u00e9s ir\u00e1nti ig\u00e9nyeket is kiel\u00e9g\u00edti.<\/p>\n<p>Ismerje meg a magyarorsz\u00e1gi cs\u00f3nak\u00e1z\u00e1s z\u00f6ld lehet\u0151s\u00e9geit.<\/div>\n","protected":false},"excerpt":{"rendered":"<p>A fenntarthat\u00f3 k\u00f6zleked\u00e9s egyik m\u00f3dja Paks eset\u00e9ben a foly\u00f3n t\u00f6rt\u00e9n\u0151 k\u00f6zleked\u00e9s, amely seg\u00edti a v\u00e1ros fejl\u0151d\u00e9s\u00e9t \u00e9s minimaliz\u00e1lja a k\u00f6rnyezeti terhel\u00e9st <\/p>\n","protected":false},"author":4,"featured_media":604,"comment_status":"closed","ping_status":"open","sticky":false,"template":"","format":"standard","meta":{"footnotes":""},"categories":[4],"tags":[],"aioseo_notices":[],"_links":{"self":[{"href":"https:\/\/blog.waterlanes.eu\/hu\/wp-json\/wp\/v2\/posts\/603"}],"collection":[{"href":"https:\/\/blog.waterlanes.eu\/hu\/wp-json\/wp\/v2\/posts"}],"about":[{"href":"https:\/\/blog.waterlanes.eu\/hu\/wp-json\/wp\/v2\/types\/post"}],"author":[{"embeddable":true,"href":"https:\/\/blog.waterlanes.eu\/hu\/wp-json\/wp\/v2\/users\/4"}],"replies":[{"embeddable":true,"href":"https:\/\/blog.waterlanes.eu\/hu\/wp-json\/wp\/v2\/comments?post=603"}],"version-history":[{"count":0,"href":"https:\/\/blog.waterlanes.eu\/hu\/wp-json\/wp\/v2\/posts\/603\/revisions"}],"wp:featuredmedia":[{"embeddable":true,"href":"https:\/\/blog.waterlanes.eu\/hu\/wp-json\/wp\/v2\/media\/604"}],"wp:attachment":[{"href":"https:\/\/blog.waterlanes.eu\/hu\/wp-json\/wp\/v2\/media?parent=603"}],"wp:term":[{"taxonomy":"category","embeddable":true,"href":"https:\/\/blog.waterlanes.eu\/hu\/wp-json\/wp\/v2\/categories?post=603"},{"taxonomy":"post_tag","embeddable":true,"href":"https:\/\/blog.waterlanes.eu\/hu\/wp-json\/wp\/v2\/tags?post=603"}],"curies":[{"name":"wp","href":"https:\/\/api.w.org\/{rel}","templated":true}]}}