{"id":595,"date":"2024-01-11T03:01:36","date_gmt":"2024-01-11T03:01:36","guid":{"rendered":"https:\/\/hu.waterlanes.eu\/?p=595"},"modified":"2024-01-11T03:44:15","modified_gmt":"2024-01-11T03:44:15","slug":"balatonfured-polgarmestere-varosi-fejlesztesek-es-kulturalis-ujdonsagok","status":"publish","type":"post","link":"https:\/\/blog.waterlanes.eu\/hu\/hirek\/balatonfured-polgarmestere-varosi-fejlesztesek-es-kulturalis-ujdonsagok\/","title":{"rendered":"Balatonf\u00fcred polg\u00e1rmestere: V\u00e1rosi fejleszt\u00e9sek \u00e9s kultur\u00e1lis \u00fajdons\u00e1gok"},"content":{"rendered":"<div class=\"postie-post\">\n<h4>Balatonf\u00fcred polg\u00e1rmestere, B\u00f3ka Istv\u00e1n, elmondta, hogy a Hurray-vill\u00e1k projektje jelent\u0151s turisztikai beruh\u00e1z\u00e1st val\u00f3s\u00edtott meg a v\u00e1rosban. Az \u00e9p\u00edt\u00e9sz, T\u00f3th D\u00e1vid szerint a fel\u00faj\u00edt\u00e1s sor\u00e1n a Kerektemplom altemplom\u00e1ban jelentkez\u0151 nedvesed\u00e9s okozta k\u00e1rokokat megsz\u00fcntett\u00e9k \u00e9s restaur\u00e1lt\u00e1k a homlokzatot. A Balatonf\u00fcredi Turisztikai Egyes\u00fclet eln\u00f6ke, B\u00f6r\u00f6cz Istv\u00e1n, kiemelte, hogy a vill\u00e1kban h\u00e1rom helyis\u00e9gb\u0151l \u00e1ll\u00f3 ki\u00e1ll\u00edt\u00f3t\u00e9r, k\u00f6z\u00f6ss\u00e9gi helyis\u00e9gek, rendezv\u00e9nyt\u00e9r \u00e9s aj\u00e1nd\u00e9kbolt tal\u00e1lhat\u00f3, valamint helyi term\u00e9kek, k\u00f6zt\u00fck a helyi bor\u00e1sz borai is kaphat\u00f3ak.<\/h4>\n<p> Balatonf\u00fcred polg\u00e1rmestere, B\u00f3ka Istv\u00e1n (Fidesz-KDNP), elmondta, hogy a v\u00e1ros legjelent\u0151sebb turisztikai beruh\u00e1z\u00e1sa a Hurray-vill\u00e1kban val\u00f3sult meg. A fejleszt\u00e9s jelent\u0151sen n\u00f6velte a v\u00e1ros vonzerej\u00e9t. Az \u00e9p\u00edt\u00e9sz, T\u00f3th D\u00e1vid felid\u00e9zte, hogy a Kerektemplom altemploma nagyon rossz \u00e1llapotban volt a fel\u00faj\u00edt\u00e1s el\u0151tt. A nedvesed\u00e9s okozta k\u00e1rokokat megsz\u00fcntett\u00e9k az el\u0151k\u00e9sz\u00edt\u00e9s sor\u00e1n, \u00e9s restaur\u00e1lt\u00e1k a homlokzatot is. Emellett b\u0151v\u00edtett\u00e9k az \u00e9p\u00fcletet egy mosd\u00f3val, kialak\u00edtottak egy ki\u00e1ll\u00edt\u00f3teret, valamint meg\u00faj\u00edtott\u00e1k a hang- \u00e9s f\u00e9nytechnik\u00e1t. A Balatonf\u00fcredi Turisztikai Egyes\u00fclet eln\u00f6ke, B\u00f6r\u00f6cz Istv\u00e1n, az el\u0151z\u0151leg eml\u00edtett Hurray-vill\u00e1k fejleszt\u00e9s\u00e9r\u0151l sz\u00f3lva elmondta, hogy h\u00e1rom helyis\u00e9gb\u0151l \u00e1ll\u00f3 ki\u00e1ll\u00edt\u00f3t\u00e9r, k\u00f6z\u00f6ss\u00e9gi helyis\u00e9gek, rendezv\u00e9nyt\u00e9r, gyereksarok \u00e9s aj\u00e1nd\u00e9kbolt tal\u00e1lhat\u00f3 itt. A helyi term\u00e9kek, k\u00f6zt\u00fck a 15 helyi bor\u00e1sz borai is itt kaphat\u00f3ak. Ezen k\u00edv\u00fcl a helysz\u00ednen elhelyeztek egy install\u00e1ci\u00f3t, amely a f\u00fcrd\u0151kult\u00far\u00e1t mutatja be, valamint t\u00edz n\u00f6v\u00e9nyismertet\u0151 t\u00e1bl\u00e1t. A helysz\u00ednen kiadott sajt\u00f3anyagban szerepel, hogy a J\u00f3kai-vill\u00e1ban felvon\u00f3t alak\u00edtottak ki a mozg\u00e1ss\u00e9r\u00fcltek sz\u00e1m\u00e1ra, meg\u00fajult a vizesblokk \u00e9s az alagsori audit\u00f3rium, ahol m\u00fazeumpedag\u00f3giai foglalkoz\u00e1sokat tartanak majd. V\u00e9g\u00fcl, a Vaszary-villa kertj\u00e9ben helyezt\u00e9k el Vastagh \u00c9va 1941-ben k\u00e9sz\u00fclt alkot\u00e1s\u00e1t, a m\u00e1rv\u00e1ny Sell\u0151 szobrot, amely kor\u00e1bban a Tagore s\u00e9t\u00e1nyon \u00e1llt.<br \/>A Facebookon tal\u00e1ltunk egy k\u00e9pet.<br \/>A f\u00fcredi vill\u00e1k meg\u00fajultak \u00e9s a Balaton Telev\u00edzi\u00f3 &#8211; Csatorna, h\u00edr- \u00e9s \u00e9lm\u00e9nyport\u00e1l -\u00e9n jelentette meg.<\/p>\n<p>Balatonf\u00fcred polg\u00e1rmestere, B\u00f3ka Istv\u00e1n, elmondta, hogy a v\u00e1ros legjelent\u0151sebb turisztikai beruh\u00e1z\u00e1sa a Hurray-vill\u00e1kban val\u00f3sult meg, amelyek jelent\u0151sen n\u00f6velt\u00e9k a v\u00e1ros vonzerej\u00e9t. A Kerektemplom altemplom\u00e1ban v\u00e9gzett fel\u00faj\u00edt\u00e1s sor\u00e1n megsz\u00fcntett\u00e9k a nedvesed\u00e9s okozta k\u00e1rokokat \u00e9s restaur\u00e1lt\u00e1k a homlokzatot, illetve b\u0151v\u00edtett\u00e9k az \u00e9p\u00fcletet egy mosd\u00f3val \u00e9s egy ki\u00e1ll\u00edt\u00f3t\u00e9rrel. A J\u00f3kai-vill\u00e1ban felvon\u00f3t alak\u00edtottak ki a mozg\u00e1ss\u00e9r\u00fcltek sz\u00e1m\u00e1ra, meg\u00fajult a vizesblokk \u00e9s az alagsori audit\u00f3rium, valamint elhelyeztek Vastagh \u00c9va Sell\u0151 szobr\u00e1t a Vaszary-villa kertj\u00e9ben<\/div>\n","protected":false},"excerpt":{"rendered":"<p>B\u00f3ka Istv\u00e1n, Balatonf\u00fcred polg\u00e1rmestere: tapasztalt v\u00e1rosi fejleszt\u00e9sek, Hurray-vill\u00e1k \u00e9s Kerektemplom altemplom\u00e1nak fel\u00faj\u00edt\u00e1sa, J\u00f3kai-villa mozg\u00e1ss\u00e9r\u00fclt felvon\u00f3val, Vaszary-villa kertj\u00e9ben Vastagh \u00c9va Sell\u0151 szobra. (159 characters) <\/p>\n","protected":false},"author":4,"featured_media":596,"comment_status":"closed","ping_status":"open","sticky":false,"template":"","format":"standard","meta":{"footnotes":""},"categories":[82],"tags":[],"aioseo_notices":[],"_links":{"self":[{"href":"https:\/\/blog.waterlanes.eu\/hu\/wp-json\/wp\/v2\/posts\/595"}],"collection":[{"href":"https:\/\/blog.waterlanes.eu\/hu\/wp-json\/wp\/v2\/posts"}],"about":[{"href":"https:\/\/blog.waterlanes.eu\/hu\/wp-json\/wp\/v2\/types\/post"}],"author":[{"embeddable":true,"href":"https:\/\/blog.waterlanes.eu\/hu\/wp-json\/wp\/v2\/users\/4"}],"replies":[{"embeddable":true,"href":"https:\/\/blog.waterlanes.eu\/hu\/wp-json\/wp\/v2\/comments?post=595"}],"version-history":[{"count":0,"href":"https:\/\/blog.waterlanes.eu\/hu\/wp-json\/wp\/v2\/posts\/595\/revisions"}],"wp:featuredmedia":[{"embeddable":true,"href":"https:\/\/blog.waterlanes.eu\/hu\/wp-json\/wp\/v2\/media\/596"}],"wp:attachment":[{"href":"https:\/\/blog.waterlanes.eu\/hu\/wp-json\/wp\/v2\/media?parent=595"}],"wp:term":[{"taxonomy":"category","embeddable":true,"href":"https:\/\/blog.waterlanes.eu\/hu\/wp-json\/wp\/v2\/categories?post=595"},{"taxonomy":"post_tag","embeddable":true,"href":"https:\/\/blog.waterlanes.eu\/hu\/wp-json\/wp\/v2\/tags?post=595"}],"curies":[{"name":"wp","href":"https:\/\/api.w.org\/{rel}","templated":true}]}}