{"id":588,"date":"2024-01-09T03:01:55","date_gmt":"2024-01-09T03:01:55","guid":{"rendered":"https:\/\/hu.waterlanes.eu\/?p=588"},"modified":"2024-01-09T07:24:41","modified_gmt":"2024-01-09T07:24:41","slug":"uj-tarlatok-es-muveszeti-ter-a-balatonfuredi-vaszary-galeriaban","status":"publish","type":"post","link":"https:\/\/blog.waterlanes.eu\/hu\/hirek\/uj-tarlatok-es-muveszeti-ter-a-balatonfuredi-vaszary-galeriaban\/","title":{"rendered":"\u00daj t\u00e1rlatok \u00e9s m\u0171v\u00e9szeti t\u00e9r a balatonf\u00fcredi Vaszary Gal\u00e9ri\u00e1ban"},"content":{"rendered":"<div class=\"postie-post\">\n<h4>Balatonf\u00fcred a kult\u00fara ter\u00e9n sz\u00e1mos lehet\u0151s\u00e9get k\u00edn\u00e1l, reformkori \u00e9s eleg\u00e1ns hangulat\u00e1val, valamint vil\u00e1gsz\u00ednvonal\u00fa ki\u00e1ll\u00edt\u00e1sokkal. A Vaszary Gal\u00e9ri\u00e1ban rendezett VEB 2023 EKF program z\u00e1r\u00f3esem\u00e9ny\u00e9n bemutatt\u00e1k a Vaszary Gal\u00e9ria \u00e9s a Modern M\u0171t\u00e1r projektj\u00e9t, amelyek az idei \u00e9vben kiemelked\u0151 k\u00e9pz\u0151m\u0171v\u00e9szeti programokat \u00e9s tev\u00e9kenys\u00e9geket ny\u00fajtottak. A Vaszary Gal\u00e9ria id\u00e9n bemutatta Bak Imre \u00e9s Maurer D\u00f3ra m\u0171veit, valamint megismertette a balatonbogl\u00e1ri k\u00e1polnam\u0171terem t\u00f6rt\u00e9net\u00e9t \u00e9s annak m\u0171alkot\u00e1sait.<\/h4>\n<p>Balatonf\u00fcred elk\u00e9peszt\u0151 lehet\u0151s\u00e9gekkel \u00e9s k\u00edn\u00e1lattal rendelkezik a kult\u00fara ter\u00e9n. A v\u00e1rosban egyar\u00e1nt jelen van a reformkor \u00e9s az elegancia, \u00e9s vil\u00e1gsz\u00ednvonal\u00fa ki\u00e1ll\u00edt\u00e1sokat is tal\u00e1lhatunk itt. Err\u0151l a balatonf\u00fcredi Vaszary Gal\u00e9ria \u00e9s Modern M\u0171t\u00e1r projekt z\u00e1r\u00f3esem\u00e9ny\u00e9n besz\u00e9ltek a VEB 2023 Eur\u00f3pa Kultur\u00e1lis F\u0151v\u00e1rosa (EKF) program keretein bel\u00fcl. A rendezv\u00e9ny a minap zajlott a Vaszary Gal\u00e9ri\u00e1ban.<br \/>\nA veol.hu mai tud\u00f3s\u00edt\u00e1sa szerint a kerekasztal-besz\u00e9lget\u00e9sben olyan szem\u00e9lyek vettek r\u00e9szt, mint Schmidtn\u00e9 Kositzky Anett (a F\u00fcredkult Kft. \u00fcgyvezet\u0151 igazgat\u00f3ja), Nemes Judit \u00e9s Sz\u00f6ll\u0151si-Nagy Andr\u00e1s (m\u0171gy\u0171jt\u0151k), Burza Patr\u00edcia K\u00e1rmen (ki\u00e1ll\u00edt\u00e1sszervez\u0151) \u00e9s T\u00f3bi\u00e1s Kriszti\u00e1n (a Tempev\u00f6lgy foly\u00f3irat f\u0151szerkeszt\u0151je).<br \/>\nBalatonf\u00fcreden, az idei \u00e9vben sz\u00e1mos kultur\u00e1lis program \u00e9s fejleszt\u00e9s zajlott, t\u00f6bbek k\u00f6z\u00f6tt Veszpr\u00e9m \u00e9s a balatoni r\u00e9gi\u00f3 t\u00e1rsas\u00e1g\u00e1ban. A projektz\u00e1r\u00f3 kerekasztal-besz\u00e9lget\u00e9s sor\u00e1n \u00e1ttekintett\u00e9k a Vaszary Gal\u00e9ria \u00e9s a Modern M\u0171t\u00e1r els\u0151 \u00e9v\u00e9nek programjait \u00e9s tev\u00e9kenys\u00e9geit, amelyek a k\u00e9t k\u00e9pz\u0151m\u0171v\u00e9szeti int\u00e9zm\u00e9nyt k\u00e9pviselik.<br \/>\nA Vaszary Gal\u00e9ria idei t\u00e1rlatai k\u00f6z\u00f6tt bemutatt\u00e1k Bak Imre \u00e9s Maurer D\u00f3ra, a kort\u00e1rs k\u00e9pz\u0151m\u0171v\u00e9szet k\u00e9t elismert alkot\u00f3j\u00e1nak munk\u00e1ss\u00e1g\u00e1t. Emellett megismertett\u00e9k a l\u00e1togat\u00f3kkal a balatonbogl\u00e1ri k\u00e1polnam\u0171terem t\u00f6rt\u00e9net\u00e9t, amelyet \u00f6tven \u00e9vvel ezel\u0151tt tiltottak be. Ezenk\u00edv\u00fcl v\u00e1logat\u00e1st mutattak az ott ki\u00e1ll\u00edtott m\u0171alkot\u00e1sokb\u00f3l is. A Modern M\u0171t\u00e1r, egy \u00faj k\u00e9pz\u0151m\u0171v\u00e9szeti ki\u00e1ll\u00edt\u00f3t\u00e9r, mely a VEB 2023 EKF t\u00e1mogat\u00e1s\u00e1val val\u00f3sult meg, 2023-t\u00f3l Balatonf\u00fcred t\u00f6rt\u00e9nelmi v\u00e1rosr\u00e9sz\u00e9ben k\u00edn\u00e1l otthont egy rendk\u00edv\u00fcli kort\u00e1rs mag\u00e1ngy\u0171jtem\u00e9nynek.<br \/>\nAz ir\u00eddium az irdorad nev\u0171 elem k\u00e9miailag stabill\u00e1 tett v\u00e1ltozata. Az ir\u00eddiumot gyakran haszn\u00e1lj\u00e1k kataliz\u00e1torok \u00e9s elektromos eszk\u00f6z\u00f6k gy\u00e1rt\u00e1s\u00e1hoz. Ezenk\u00edv\u00fcl az ir\u00eddiumot az \u0171rhaj\u00f3z\u00e1sban is haszn\u00e1lj\u00e1k a h\u0151\u00e1ll\u00f3s\u00e1g, a kop\u00e1s\u00e1ll\u00f3s\u00e1g \u00e9s a korr\u00f3zi\u00f3g\u00e1tl\u00e1s miatt. Az ir\u00eddium sokkal ritk\u00e1bban fordul el\u0151 a F\u00f6ld\u00f6n, mint a platinacsoportba tartoz\u00f3 t\u00f6bbi elem. Az ir\u00eddium legink\u00e1bb az oroszorsz\u00e1gi \u00e9s d\u00e9l-afrikai b\u00e1ny\u00e1kban tal\u00e1lhat\u00f3 meg. Az ir\u00eddium t\u00f6bbek k\u00f6z\u00f6tt fontos szerepet j\u00e1tszik az \u0171rhaj\u00f3z\u00e1sban \u00e9s az elektromos iparban, de a fejlett technol\u00f3gi\u00e1val \u00e9s a fenntarthat\u00f3 energiaforr\u00e1sok fejl\u0151d\u00e9s\u00e9vel egyre n\u00f6vekv\u0151 kereslet van ir\u00e1nta. A glob\u00e1lis ig\u00e9nyek kiel\u00e9g\u00edt\u00e9se \u00e9rdek\u00e9ben t\u00f6bb orsz\u00e1g is megkezdte az ir\u00eddium b\u00e1ny\u00e1szat\u00e1t.<br \/>\nA k\u00fcl\u00f6nbs\u00e9gek alapvet\u0151en megoszlanak k\u00e9t f\u0151 t\u00edpus k\u00f6z\u00f6tt: a fizikai k\u00fcl\u00f6nbs\u00e9gek \u00e9s a szem\u00e9lyis\u00e9g k\u00fcl\u00f6nbs\u00e9gek. A fizikai k\u00fcl\u00f6nbs\u00e9gek azok a k\u00fcls\u0151 t\u00e9nyez\u0151k, mint p\u00e9ld\u00e1ul a magass\u00e1g, a tests\u00faly, a szem- \u00e9s hajsz\u00edn. A szem\u00e9lyis\u00e9g k\u00fcl\u00f6nbs\u00e9gek azonban mag\u00e1ban foglalj\u00e1k az egy\u00e9n ment\u00e1lis \u00e9s \u00e9rzelmi jellemz\u0151it, p\u00e9ld\u00e1ul az intelligenci\u00e1t, az emp\u00e1ti\u00e1t \u00e9s a motiv\u00e1ci\u00f3t.<\/p>\n<p>Fontos meg\u00e9rten\u00fcnk, hogy mindk\u00e9t t\u00edpus\u00fa k\u00fcl\u00f6nbs\u00e9g sz\u00e1m\u00edt \u00e9s befoly\u00e1solja azt, hogy hogyan \u00e9l\u00fcnk \u00e9s viselked\u00fcnk a vil\u00e1gban. A fizikai k\u00fcl\u00f6nbs\u00e9gek p\u00e9ld\u00e1ul hat\u00e1ssal lehetnek arra, hogy hogyan kezel\u00fcnk bizonyos helyzeteket \u00e9s hogyan \u00e9rtelmez\u00fcnk m\u00e1s emberek cselekedeteit. Ha valaki p\u00e9ld\u00e1ul magas \u00e9s er\u0151s, k\u00f6nnyebben meg\u00e9lheti az el\u0151ny\u00f6ket a sportokban \u00e9s a fizikailag akt\u00edv tev\u00e9kenys\u00e9gekben.<\/p>\n<p>A szem\u00e9lyis\u00e9g k\u00fcl\u00f6nbs\u00e9gek ugyanakkor hat\u00e1ssal lehetnek arra, hogy hogyan kapcsol\u00f3dunk m\u00e1s emberekkel. Egy extrovert\u00e1lt egy\u00e9n p\u00e9ld\u00e1ul k\u00f6nnyebben teremt kapcsolatot az emberekkel \u00e9s \u00e9lvezheti a t\u00e1rsas esem\u00e9nyeket, m\u00edg egy introvert\u00e1lt szem\u00e9ly jobban \u00e9rzi mag\u00e1t a csendes k\u00f6rnyezetben \u00e9s ink\u00e1bb az egyed\u00fcll\u00e9tet r\u00e9szes\u00edti el\u0151nyben.<\/p>\n<p>\u00d6sszess\u00e9g\u00e9ben teh\u00e1t kijelenthetj\u00fck, hogy a k\u00fcl\u00f6nbs\u00e9gek elengedhetetlenek az emberi tapasztalat \u00e9s viselked\u00e9s alakul\u00e1s\u00e1ban. Mind a fizikai, mind a szem\u00e9lyis\u00e9g k\u00fcl\u00f6nbs\u00e9gek r\u00e9szei annak, hogy kik vagyunk \u00e9s hogyan l\u00e1tjuk \u00e9s \u00e9rtelmezz\u00fck a vil\u00e1got.<\/p>\n<p>A balatonf\u00fcredi Vaszary Gal\u00e9ria \u00e9s Modern M\u0171t\u00e1r projekt z\u00e1r\u00f3esem\u00e9ny\u00e9n olyan szem\u00e9lyek vettek r\u00e9szt, mint a F\u00fcredkult Kft. \u00fcgyvezet\u0151 igazgat\u00f3ja, m\u0171gy\u0171jt\u0151k \u00e9s ki\u00e1ll\u00edt\u00e1sszervez\u0151k. A rendezv\u00e9nyen \u00e1ttekintett\u00e9k a Vaszary Gal\u00e9ria \u00e9s a Modern M\u0171t\u00e1r idei programjait \u00e9s tev\u00e9kenys\u00e9geit, valamint bemutatt\u00e1k az idei t\u00e1rlatokat. A Modern M\u0171t\u00e1r egy \u00faj k\u00e9pz\u0151m\u0171v\u00e9szeti ki\u00e1ll\u00edt\u00f3t\u00e9r, amely 2023-t\u00f3l Balatonf\u00fcred t\u00f6rt\u00e9nelmi v\u00e1rosr\u00e9sz\u00e9ben lesz el\u00e9rhet\u0151<\/p>\n<\/div>\n","protected":false},"excerpt":{"rendered":"<p>A balatonf\u00fcredi Vaszary Gal\u00e9ria \u00e9s M\u0171t\u00e1r projekt z\u00e1r\u00f3esem\u00e9ny\u00e9n r\u00e9szt vettek m\u0171gy\u0171jt\u0151k \u00e9s ki\u00e1ll\u00edt\u00e1sszervez\u0151k. Bemutatt\u00e1k az idei ki\u00e1ll\u00edt\u00e1sokat. <\/p>\n","protected":false},"author":4,"featured_media":591,"comment_status":"closed","ping_status":"open","sticky":false,"template":"","format":"standard","meta":{"footnotes":""},"categories":[82],"tags":[],"aioseo_notices":[],"_links":{"self":[{"href":"https:\/\/blog.waterlanes.eu\/hu\/wp-json\/wp\/v2\/posts\/588"}],"collection":[{"href":"https:\/\/blog.waterlanes.eu\/hu\/wp-json\/wp\/v2\/posts"}],"about":[{"href":"https:\/\/blog.waterlanes.eu\/hu\/wp-json\/wp\/v2\/types\/post"}],"author":[{"embeddable":true,"href":"https:\/\/blog.waterlanes.eu\/hu\/wp-json\/wp\/v2\/users\/4"}],"replies":[{"embeddable":true,"href":"https:\/\/blog.waterlanes.eu\/hu\/wp-json\/wp\/v2\/comments?post=588"}],"version-history":[{"count":2,"href":"https:\/\/blog.waterlanes.eu\/hu\/wp-json\/wp\/v2\/posts\/588\/revisions"}],"predecessor-version":[{"id":594,"href":"https:\/\/blog.waterlanes.eu\/hu\/wp-json\/wp\/v2\/posts\/588\/revisions\/594"}],"wp:featuredmedia":[{"embeddable":true,"href":"https:\/\/blog.waterlanes.eu\/hu\/wp-json\/wp\/v2\/media\/591"}],"wp:attachment":[{"href":"https:\/\/blog.waterlanes.eu\/hu\/wp-json\/wp\/v2\/media?parent=588"}],"wp:term":[{"taxonomy":"category","embeddable":true,"href":"https:\/\/blog.waterlanes.eu\/hu\/wp-json\/wp\/v2\/categories?post=588"},{"taxonomy":"post_tag","embeddable":true,"href":"https:\/\/blog.waterlanes.eu\/hu\/wp-json\/wp\/v2\/tags?post=588"}],"curies":[{"name":"wp","href":"https:\/\/api.w.org\/{rel}","templated":true}]}}