{"id":585,"date":"2024-01-07T03:01:46","date_gmt":"2024-01-07T03:01:46","guid":{"rendered":"https:\/\/hu.waterlanes.eu\/?p=585"},"modified":"2024-01-07T10:06:40","modified_gmt":"2024-01-07T10:06:40","slug":"novekvo-turisztikai-koltessel-erosodik-a-szektor-2024-ben-is-hasonlo-tendenciak-varhatoak","status":"publish","type":"post","link":"https:\/\/blog.waterlanes.eu\/hu\/hirek\/novekvo-turisztikai-koltessel-erosodik-a-szektor-2024-ben-is-hasonlo-tendenciak-varhatoak\/","title":{"rendered":"N\u00f6vekv\u0151 turisztikai k\u00f6lt\u00e9ssel er\u0151s\u00f6dik a szektor"},"content":{"rendered":"<div class=\"postie-post\">\n<h4>2023-ban a vend\u00e9g\u00e9jszak\u00e1k sz\u00e1ma \u00e9s az elk\u00f6lt\u00f6tt forintok \u00f6sszege hasonl\u00f3 vagy kicsit jobb volt, mint 2022-ben. A turisztikai v\u00e1llalkoz\u00e1soknak nem volt sz\u00fcks\u00e9g\u00fck agg\u00f3dniuk a SZ\u00c9P-k\u00e1rtya-zsebek hideg\u00e9lelmiszer-v\u00e1s\u00e1rl\u00e1sra val\u00f3 megnyit\u00e1sa miatt. A trendvonal tov\u00e1bbra is felfel\u00e9 mutat, \u00e9s a turisztikai k\u00f6lt\u00e9s szinten maradt vagy n\u00e9h\u00e1ny kis sz\u00e1zal\u00e9kkal n\u0151tt.<\/h4>\n<p>2023-ban a vend\u00e9g\u00e9jszak\u00e1k sz\u00e1ma \u00e9s az elk\u00f6lt\u00f6tt forintok \u00f6sszege hasonl\u00f3 vagy kicsit jobb volt, mint 2022-ben, ami azt jelenti, hogy a turistav\u00e1llalkoz\u00e1soknak nem volt sz\u00fcks\u00e9g\u00fck agg\u00f3dniuk a SZ\u00c9P-k\u00e1rtya-zsebek hideg\u00e9lelmiszer-v\u00e1s\u00e1rl\u00e1sra val\u00f3 megnyit\u00e1sa miatt &#8211; \u00e1ll a turizmus.com cikk\u00e9ben.<\/p>\n<p>A turisztikai v\u00e1llalkoz\u00e1sok k\u00f6r\u00e9ben aggodalmat v\u00e1ltott ki az a korm\u00e1nyd\u00f6nt\u00e9s, hogy a SZ\u00c9P-k\u00e1rty\u00e1k felhaszn\u00e1lhat\u00f3s\u00e1g\u00e1t \u00e1tmenetileg sz\u00e9les\u00edtett\u00e9k, mik\u00f6zben a felt\u00f6lthet\u0151 keret \u00f6sszeg\u00e9nek n\u00f6vel\u00e9s\u00e9t is elrendelt\u00e9k.<\/p>\n<p>2022-ben a vend\u00e9g\u00e9jszak\u00e1k sz\u00e1ma \u00e9s az elk\u00f6lt\u00f6tt forintok \u00f6sszege nagyj\u00e1b\u00f3l ugyan\u00fagy, vagy egy kicsit jobban alakult, mint amire sz\u00e1m\u00edtottak. Ez azt mutatja, hogy az el\u0151z\u0151 \u00e9vi aggodalom felesleges volt.<br \/>\nPrinczinger P\u00e9ter, a Magyar Turisztikai Sz\u00f6vets\u00e9g Alap\u00edtv\u00e1ny eln\u00f6ke hangs\u00falyozta ezt az \u00e1ll\u00edt\u00e1st a VG \u00d3perencia podcast legfrissebb epiz\u00f3dj\u00e1ban.<\/p>\n<h3>Szerint 2024-ben is hasonl\u00f3 tendenci\u00e1kra sz\u00e1m\u00edtanak<\/h3>\n<p>2024-ben is ugyanerre sz\u00e1m\u00edt a szakember, hogy a kedvezm\u00e9nyes keret\u00f6sszeg 44 sz\u00e1zal\u00e9kos emel\u00e9se ak\u00e1r m\u00e9g pluszbev\u00e9telt is hozhat a szolg\u00e1ltat\u00f3knak.<br \/>\nAz \u00e9v els\u0151 11 h\u00f3napj\u00e1ban a SZ\u00c9P-k\u00e1rtya-birtokosok sz\u00e1ma 200 ezerrel n\u00f6vekedett \u00e9s el\u00e9rte az 2 milli\u00f3 750 ezret. Ezenk\u00edv\u00fcl ugyanabban az id\u0151szakban ugyanannyi k\u00f6lt\u00e9st v\u00e9geztek, mint ami 2022-ben \u00f6sszesen megt\u00f6rt\u00e9nt.<\/p>\n<p>Az eln\u00f6k a m\u0171sorban bejelentette, hogy a k\u00e1rty\u00e1kkal val\u00f3 \u00e9lelmiszer v\u00e1s\u00e1rl\u00e1s a k\u00f6vetkez\u0151 \u00e9vben is el\u00e9rhet\u0151 lesz febru\u00e1rt\u00f3l j\u00faniusig. R\u00e1mutatott arra, hogy az el\u0151z\u0151 \u00e9vben is tapasztalt\u00e1k, hogy ez a v\u00e1s\u00e1rl\u00e1s nem cs\u00f6kkentette a turisztikai k\u00f6lt\u00e9st, hanem ahhoz hozz\u00e1j\u00e1rult.<\/p>\n<p>Az adatok szerint a kor\u00e1bban tapasztalt emelked\u00e9s nem \u00e1llt le, a trendvonal tov\u00e1bbra is felfel\u00e9 mutat. Az elm\u00falt \u00e9v augusztusa \u00f3ta azok, akik bankk\u00e1rty\u00e1t haszn\u00e1lnak, nagyj\u00e1b\u00f3l ugyanannyit vagy m\u00e9g t\u00f6bbet k\u00f6ltenek turisztikai szolg\u00e1ltat\u00e1sokra, mint 2022-ben. Emellett minden h\u00f3napban tov\u00e1bbra is 6-7 milli\u00e1rd forintot k\u00f6ltenek \u00e9lelmiszerekre. Teh\u00e1t a turisztikai k\u00f6lt\u00e9s szinten maradt vagy n\u00e9h\u00e1ny kis sz\u00e1zal\u00e9kkal n\u0151tt.<\/p>\n<p>2024-re n\u00e9zve tov\u00e1bbra is van 80 milli\u00e1rd forintnyi \u00f6sszeg a k\u00e1rty\u00e1kon, melyet a k\u00e1rtyabirtokosok m\u00e9g mindig magukkal visznek, noha a 2023-as k\u00f6lt\u00e9s\u00fck m\u00e1r k\u00f6r\u00fclbel\u00fcl 380 milli\u00e1rd forintot tett ki.<br \/>\nPrinczinger P\u00e9ter kijelentette az ad\u00e1sban.<br \/>\nK\u00f6r\u00fclbel\u00fcl 700 ezer k\u00e1rtyabirtokos k\u00f6z\u00fcl a 2,75 milli\u00f3 birtokosnak van 100 ezer forintn\u00e1l nagyobb \u00f6sszeg a k\u00e1rty\u00e1j\u00e1n.<\/p>\n<p>A 2022-es vend\u00e9g\u00e9jszak\u00e1k \u00e9s elk\u00f6lt\u00f6tt forintok sz\u00e1ma hasonl\u00f3 vagy kicsit jobb volt a 2023-ban tapasztaltn\u00e1l, ami azt jelzi, hogy a turisztikai v\u00e1llalkoz\u00e1soknak nem volt sz\u00fcks\u00e9g\u00fck agg\u00f3dniuk a SZ\u00c9P-k\u00e1rtya-zsebek hideg\u00e9lelmiszer-v\u00e1s\u00e1rl\u00e1sra val\u00f3 megnyit\u00e1sa miatt. Princzinger P\u00e9ter, a Magyar Turisztikai Sz\u00f6vets\u00e9g Alap\u00edtv\u00e1ny eln\u00f6ke szerint 2024-ben is hasonl\u00f3 tendenci\u00e1kra lehet sz\u00e1m\u00edtani, a kedvezm\u00e9nyes keret\u00f6sszeg emel\u00e9se ak\u00e1r pluszbev\u00e9telt is hozhat a szolg\u00e1ltat\u00f3knak. Az adatok szerint az elm\u00falt \u00e9vben folyamatosan n\u0151tt a turisztikai k\u00f6lt\u00e9s, \u00e9s tov\u00e1bbra is van 80 milli\u00e1rd forintnyi \u00f6sszeg a k\u00e1rty\u00e1kon<\/p>\n<\/div>\n","protected":false},"excerpt":{"rendered":"<p>A 2022-es vend\u00e9g\u00e9jszak\u00e1k \u00e9s k\u00f6lt\u00f6tt forintok sz\u00e1ma j\u00f3 volt 2023-hoz k\u00e9pest. c, \u00e9s n\u0151 a turisztikai k\u00f6lt\u00e9s.<\/p>\n","protected":false},"author":4,"featured_media":435,"comment_status":"closed","ping_status":"open","sticky":false,"template":"","format":"standard","meta":{"footnotes":""},"categories":[82],"tags":[],"aioseo_notices":[],"_links":{"self":[{"href":"https:\/\/blog.waterlanes.eu\/hu\/wp-json\/wp\/v2\/posts\/585"}],"collection":[{"href":"https:\/\/blog.waterlanes.eu\/hu\/wp-json\/wp\/v2\/posts"}],"about":[{"href":"https:\/\/blog.waterlanes.eu\/hu\/wp-json\/wp\/v2\/types\/post"}],"author":[{"embeddable":true,"href":"https:\/\/blog.waterlanes.eu\/hu\/wp-json\/wp\/v2\/users\/4"}],"replies":[{"embeddable":true,"href":"https:\/\/blog.waterlanes.eu\/hu\/wp-json\/wp\/v2\/comments?post=585"}],"version-history":[{"count":1,"href":"https:\/\/blog.waterlanes.eu\/hu\/wp-json\/wp\/v2\/posts\/585\/revisions"}],"predecessor-version":[{"id":587,"href":"https:\/\/blog.waterlanes.eu\/hu\/wp-json\/wp\/v2\/posts\/585\/revisions\/587"}],"wp:featuredmedia":[{"embeddable":true,"href":"https:\/\/blog.waterlanes.eu\/hu\/wp-json\/wp\/v2\/media\/435"}],"wp:attachment":[{"href":"https:\/\/blog.waterlanes.eu\/hu\/wp-json\/wp\/v2\/media?parent=585"}],"wp:term":[{"taxonomy":"category","embeddable":true,"href":"https:\/\/blog.waterlanes.eu\/hu\/wp-json\/wp\/v2\/categories?post=585"},{"taxonomy":"post_tag","embeddable":true,"href":"https:\/\/blog.waterlanes.eu\/hu\/wp-json\/wp\/v2\/tags?post=585"}],"curies":[{"name":"wp","href":"https:\/\/api.w.org\/{rel}","templated":true}]}}