{"id":569,"date":"2023-10-30T05:35:44","date_gmt":"2023-10-30T05:35:44","guid":{"rendered":"https:\/\/hu.waterlanes.eu\/?p=569"},"modified":"2023-10-30T08:14:14","modified_gmt":"2023-10-30T08:14:14","slug":"napelemes-csonak-keszthelyen-fenntarthato-turizmus-a-balaton-partjan","status":"publish","type":"post","link":"https:\/\/blog.waterlanes.eu\/hu\/hu\/napelemes-csonak-keszthelyen-fenntarthato-turizmus-a-balaton-partjan\/","title":{"rendered":"Napelemes cs\u00f3nak Keszthelyen &#8211; Fenntarthat\u00f3 turizmus a Balaton partj\u00e1n"},"content":{"rendered":"<div class=\"postie-post\">A fenntarthat\u00f3 turizmus egyik \u00e9rdekes p\u00e9ld\u00e1ja Keszthelyen az napelemes cs\u00f3nak, Solliner 21, ami a Balaton partj\u00e1n k\u00f6zlekedik <\/p>\n<h3>Keszthely &#8211; A T\u00f3 Balaton egyik gy\u00f6ngyszeme<\/h3>\n<p> A T\u00f3 Balaton Magyarorsz\u00e1g legnagyobb \u00e9s legn\u00e9pszer\u0171bb tava, mely \u00e9vr\u0151l \u00e9vre vonzza a turist\u00e1kat. A t\u00f3parton sz\u00e1mtalan v\u00e1ros tal\u00e1lhat\u00f3, melyek k\u00f6z\u00fcl Keszthely kiemelked\u0151en fontos szerepet t\u00f6lt be. Keszthely a Balaton egyik legszebb v\u00e1rosa, amely h\u00edres nevezetess\u00e9geir\u0151l \u00e9s gy\u00f6ny\u00f6r\u0171 t\u00e1jair\u00f3l. A v\u00e1ros k\u00f6zvetlen\u00fcl a t\u00f3 partj\u00e1n helyezkedik el, \u00edgy ide\u00e1lis kiindul\u00f3pont a haj\u00f3kir\u00e1ndul\u00e1sokhoz. A kir\u00e1ndul\u00f3 haj\u00f3k lehet\u0151s\u00e9get ny\u00fajtanak a t\u00f3 felfedez\u00e9s\u00e9re, valamint a szomsz\u00e9dos telep\u00fcl\u00e9seken val\u00f3 meg\u00e1ll\u00e1sra. Keszthely teh\u00e1t minden t\u00e9ren t\u00f6k\u00e9letes \u00fatic\u00e9l a T\u00f3 Balatonon v\u00e9gzett haj\u00f3kir\u00e1ndul\u00e1sokhoz. <\/p>\n<h3>A fenntarthat\u00f3 turizmus el\u0151felt\u00e9telei a Balaton partj\u00e1n<\/h3>\n<p> A fenntarthat\u00f3 turizmus a Balaton partj\u00e1n sz\u00e1mos szempontot figyelembe vesz, hogy meg\u0151rizze a t\u00f3 term\u00e9szeti k\u00f6rnyezet\u00e9t \u00e9s egyens\u00faly\u00e1t. Els\u0151k\u00e9nt fontos, hogy a turist\u00e1k \u00e9s a helyiek tiszt\u00e1ban legyenek a term\u00e9szeti \u00e9rt\u00e9kekkel, \u00e9s az ezek v\u00e9delm\u00e9t szolg\u00e1l\u00f3 k\u00e4ppel. A part menti \u00e9p\u00edtkez\u00e9sekn\u00e9l alapvet\u0151, hogy a tervez\u0151k \u00e9s a befektet\u0151k figyelembe vegy\u00e9k a ter\u00fclet term\u00e9szetes jelleg\u00e9t, \u00e9s minim\u00e1lisra cs\u00f6kkents\u00e9k az \u00e9p\u00edt\u00e9si beavatkoz\u00e1sokat. A hullad\u00e9kkezel\u00e9s rendszer\u00e9nek ki\u00e9p\u00edt\u00e9se \u00e9s a szem\u00e9tlerak\u00f3k racionaliz\u00e1l\u00e1sa is l\u00e9nyeges, ahogy az is, hogy a turist\u00e1k a nyaral\u00e1s sor\u00e1n vegy\u00e9k figyelembe a t\u00f3 v\u00edzmin\u0151s\u00e9g\u00e9t, ne szennyezz\u00e9k a vizet, \u00e9s ne \u00e1ztass\u00e1k el az erd\u0151ket k\u00f6r\u00fcl\u00f6tte. A helyi k\u00f6z\u00f6ss\u00e9g bevon\u00e1sa a fenntarthat\u00f3 turizmusba pedig n\u00e9lk\u00fcl\u00f6zhetetlen, hogy a helyiek is szem el\u0151tt tarts\u00e1k a k\u00f6rnyezetv\u00e9delem \u00e9s fenntarthat\u00f3s\u00e1g fontoss\u00e1g\u00e1t \u00e9s t\u00e1mogass\u00e1k ezeket a kezdem\u00e9nyez\u00e9seket. <\/p>\n<h3>Az \u00e9lm\u00e9ny \u00e9s min\u0151s\u00e9g &#8211; Napelemes haj\u00f3k a fenntarthat\u00f3 haj\u00f3z\u00e1s \u00e9s a turizmus t\u00e1mogat\u00e1s\u00e1ra<\/h3>\n<p> Az \u00e9lm\u00e9ny \u00e9s min\u0151s\u00e9g a haj\u00f3z\u00e1s alapk\u00f6vetelm\u00e9nyeinek fontos jellemz\u0151je, melyek egy\u00fctt hat\u00e1rozz\u00e1k meg egy haj\u00f3 \u00e9rt\u00e9k\u00e9t \u00e9s vonzerej\u00e9t. Az \u00e9vtizedes tapasztalatra \u00e9s a kiv\u00e1l\u00f3 min\u0151s\u00e9g\u0171 kialak\u00edt\u00e1sra alapozott haj\u00f3k nemcsak biztons\u00e1got \u00e9s megb\u00edzhat\u00f3s\u00e1got ny\u00fajtanak, hanem felejthetetlen \u00e9lm\u00e9nyeket is. A napelemes haj\u00f3k kateg\u00f3ri\u00e1j\u00e1ba tartoz\u00f3 haj\u00f3k \u00e9ppen ez\u00e9rt kiemelked\u0151ek, hiszen nemcsak az \u00e9lvezetes \u00e9s k\u00f6rnyezetbar\u00e1t haj\u00f3z\u00e1st teszik lehet\u0151v\u00e9, hanem a fenntarthat\u00f3 turizmus mozgalm\u00e1t is t\u00e1mogatj\u00e1k. A napenergi\u00e1val m\u0171k\u00f6d\u0151 motorok \u00e9s a hat\u00e9kony energiafelhaszn\u00e1l\u00e1s lehet\u0151v\u00e9 teszi, hogy a haj\u00f3k hosszabb t\u00e1vokra is eljussanak, mik\u00f6zben minim\u00e1lis m\u00e9rt\u00e9kben terhelik a k\u00f6rnyezetet. <\/p>\n<h3>Solliner 21 &#8211; A Fenntarthat\u00f3 Turizmus Megold\u00e1sa<\/h3>\n<p> A napelemes cs\u00f3nak, Solliner 21, egy innovat\u00edv megold\u00e1s a fenntarthat\u00f3 turizmus el\u0151mozd\u00edt\u00e1s\u00e1ra. Ez a beruh\u00e1z\u00e1s nemcsak a k\u00f6rnyezeti probl\u00e9m\u00e1kra v\u00e1lasz, hanem sz\u00e1mos el\u0151nnyel j\u00e1r. El\u0151sz\u00f6r is, a napelemes cs\u00f3nakok teljes m\u00e9rt\u00e9kben meg\u00fajul\u00f3 energi\u00e1val m\u0171k\u00f6dnek, \u00edgy nincs sz\u00fcks\u00e9g fosszilis t\u00fczel\u0151anyagokra, ami cs\u00f6kkenti a sz\u00e9n-dioxid-kibocs\u00e1t\u00e1st. M\u00e1sodsorban, a csendes \u00e9s k\u00f6rnyezetbar\u00e1t m\u0171k\u00f6d\u00e9s\u00fck r\u00e9v\u00e9n a napelemes cs\u00f3nakok minim\u00e1lisra cs\u00f6kkentik a v\u00edzi \u00e9l\u0151vil\u00e1g zavar\u00e1s\u00e1t. Harmadsorban, ezek a cs\u00f3nakok hozz\u00e1j\u00e1rulnak a k\u00f6rnyezettudatos szeml\u00e9let kialak\u00edt\u00e1s\u00e1hoz, mivel a turist\u00e1k szeml\u00e9lhetik a napelemes technol\u00f3gi\u00e1t \u00e9s jobban megismerhetik a meg\u00fajul\u00f3 energiaforr\u00e1sok el\u0151nyeit. Negyedsorban, a fenntarthat\u00f3 turizmusra val\u00f3 \u00e1tt\u00e9r\u00e9s a helyi gazdas\u00e1gnak is kedvez, hiszen az ilyen beruh\u00e1z\u00e1sok n\u00f6velik a turist\u00e1k sz\u00e1m\u00e1t \u00e9s hozz\u00e1j\u00e1rulnak a helyi v\u00e1llalkoz\u00e1sok fejl\u0151d\u00e9s\u00e9hez. V\u00e9g\u00fcl, a napelemes cs\u00f3nakok lehet\u0151v\u00e9 teszik a term\u00e9szeti sz\u00e9ps\u00e9gek felfedez\u00e9s\u00e9t an\u00e9lk\u00fcl, hogy k\u00e1ros\u00edtan\u00e1k a k\u00f6rnyezetet, \u00edgy biztos\u00edtva a j\u00f6v\u0151 gener\u00e1ci\u00f3k sz\u00e1m\u00e1ra is \u00e9lhet\u0151 k\u00f6rnyezetet.<\/p>\n<p>Ha \u00e9rdekli a haj\u00f3, t\u00f6ltse ki az \u0171rlapot, \u00e9s k\u00fcldj\u00f6n egy k\u00e9r\u00e9st szak\u00e9rt\u0151inknek. Tov\u00e1bbi inform\u00e1ci\u00f3kat az <a href='https:\/\/velamic.com\/en\/offer\/green-dream-boats\/solliner-21-16386\/'>Solliner 21 haj\u00f3r\u00f3l itt tal\u00e1l.<\/a><br \/> <a href='https:\/\/velamic.com\/en\/offer\/green-dream-boats\/solliner-21-16386\/'><img src='https:\/\/cdn.velamic.com\/img01\/solliner-21-iT9RpRKKHaafeCWRG-XRDfOptig.jpg'><\/a><\/div>\n","protected":false},"excerpt":{"rendered":"<p>A fenntarthat\u00f3 turizmus egyik \u00e9rdekes p\u00e9ld\u00e1ja Keszthelyen az napelemes cs\u00f3nak, Solliner 21, ami a Balaton partj\u00e1n k\u00f6zlekedik <\/p>\n","protected":false},"author":4,"featured_media":570,"comment_status":"closed","ping_status":"open","sticky":false,"template":"","format":"standard","meta":{"footnotes":""},"categories":[4],"tags":[],"aioseo_notices":[],"_links":{"self":[{"href":"https:\/\/blog.waterlanes.eu\/hu\/wp-json\/wp\/v2\/posts\/569"}],"collection":[{"href":"https:\/\/blog.waterlanes.eu\/hu\/wp-json\/wp\/v2\/posts"}],"about":[{"href":"https:\/\/blog.waterlanes.eu\/hu\/wp-json\/wp\/v2\/types\/post"}],"author":[{"embeddable":true,"href":"https:\/\/blog.waterlanes.eu\/hu\/wp-json\/wp\/v2\/users\/4"}],"replies":[{"embeddable":true,"href":"https:\/\/blog.waterlanes.eu\/hu\/wp-json\/wp\/v2\/comments?post=569"}],"version-history":[{"count":0,"href":"https:\/\/blog.waterlanes.eu\/hu\/wp-json\/wp\/v2\/posts\/569\/revisions"}],"wp:featuredmedia":[{"embeddable":true,"href":"https:\/\/blog.waterlanes.eu\/hu\/wp-json\/wp\/v2\/media\/570"}],"wp:attachment":[{"href":"https:\/\/blog.waterlanes.eu\/hu\/wp-json\/wp\/v2\/media?parent=569"}],"wp:term":[{"taxonomy":"category","embeddable":true,"href":"https:\/\/blog.waterlanes.eu\/hu\/wp-json\/wp\/v2\/categories?post=569"},{"taxonomy":"post_tag","embeddable":true,"href":"https:\/\/blog.waterlanes.eu\/hu\/wp-json\/wp\/v2\/tags?post=569"}],"curies":[{"name":"wp","href":"https:\/\/api.w.org\/{rel}","templated":true}]}}