{"id":563,"date":"2023-10-18T07:35:59","date_gmt":"2023-10-18T07:35:59","guid":{"rendered":"https:\/\/hu.waterlanes.eu\/?p=563"},"modified":"2023-10-18T11:07:39","modified_gmt":"2023-10-18T11:07:39","slug":"tiszafoldvar-napelemes-csonakok-a-tisza-to-partjan-solliner-21","status":"publish","type":"post","link":"https:\/\/blog.waterlanes.eu\/hu\/hu\/tiszafoldvar-napelemes-csonakok-a-tisza-to-partjan-solliner-21\/","title":{"rendered":"Tiszaf\u00f6ldv\u00e1r &#8211; Napelemes cs\u00f3nakok a Tisza t\u00f3 partj\u00e1n, Solliner 21"},"content":{"rendered":"<div class=\"postie-post\">Tiszaf\u00f6ldv\u00e1r \u00f6kol\u00f3giai v\u00e1rosk\u00e9nt ismert, ahol a t\u00f3 partj\u00e1n napelemes cs\u00f3nakok is el\u00e9rhet\u0151ek, p\u00e9ld\u00e1ul a Solliner 21 <\/p>\n<h3>Tiszaf\u00f6ldv\u00e1r &#8211; A Tisza t\u00f3 term\u00e9szeti sz\u00e9ps\u00e9ge \u00e9s akt\u00edv kikapcsol\u00f3d\u00e1s<\/h3>\n<p> A Tisza t\u00f3 a Hajd\u00fa-Bihar \u00e9s J\u00e1sz-Nagykun-Szolnok megy\u00e9k hat\u00e1r\u00e1n tal\u00e1lhat\u00f3, \u00e9s a haj\u00f3kir\u00e1ndul\u00e1sok n\u00e9pszer\u0171 helysz\u00edn\u00e9v\u00e9 v\u00e1lt. A t\u00f3 egyed\u00fcl\u00e1ll\u00f3 term\u00e9szeti k\u00f6rnyezete, krist\u00e1lytiszta vize \u00e9s gazdag n\u00f6v\u00e9ny- \u00e9s \u00e1llatvil\u00e1ga vonzza a l\u00e1togat\u00f3kat. A t\u00f3parton elter\u00fcl\u0151 Tiszaf\u00f6ldv\u00e1r v\u00e1rosa pedig a r\u00e9gi\u00f3 egyik legkedveltebb \u00fcd\u00fcl\u0151helye. A v\u00e1rosban sz\u00e1mos kik\u00f6t\u0151 tal\u00e1lhat\u00f3, ahonnan haj\u00f3k indulnak a t\u00f3 felfedez\u00e9s\u00e9re. A kir\u00e1ndul\u00e1s sor\u00e1n a l\u00e1togat\u00f3k gy\u00f6ny\u00f6r\u0171 v\u00edzi t\u00e1jban \u00fasz\u00f3 madarakat, n\u00f6v\u00e9nyeket \u00e9s halakat figyelhetnek meg, mik\u00f6zben \u00e9lvezhetik a nyugalmat \u00e9s a friss leveg\u0151t. A T\u00f3parti telep\u00fcl\u00e9s ny\u00e1ri id\u0151szakban sz\u00e1mos programmal v\u00e1rja a vend\u00e9geket, bele\u00e9rtve a horg\u00e1szversenyeket \u00e9s a v\u00edzi sportokat is. A Tisza t\u00f3 \u00e9s Tiszaf\u00f6ldv\u00e1r a term\u00e9szeti sz\u00e9ps\u00e9geikkel \u00e9s akt\u00edv kikapcsol\u00f3d\u00e1si lehet\u0151s\u00e9geikkel egyar\u00e1nt ide\u00e1lis \u00fati c\u00e9l a term\u00e9szet szerelmeseinek. <\/p>\n<h3>Az \u00f6kol\u00f3giai \u00e9letm\u00f3d fontoss\u00e1ga a t\u00f3 partj\u00e1n<\/h3>\n<p> Az \u00f6kol\u00f3giai \u00e9letm\u00f3d fontos szempontjai k\u00f6z\u00e9 tartozik a t\u00f3 partj\u00e1n val\u00f3 \u00e9let. A Tisza partj\u00e1n tal\u00e1lhat\u00f3 t\u00f3 \u00f6kol\u00f3giai szerepe kiemelked\u0151 fontoss\u00e1g\u00fa. Az itt \u00e9l\u0151 n\u00f6v\u00e9nyek \u00e9s \u00e1llatok nagyban f\u00fcggenek a t\u00f3 adta term\u00e9szeti k\u00f6rnyezett\u0151l. Az \u00f6kol\u00f3giai \u00e9letm\u00f3d r\u00e9szek\u00e9nt a t\u00f3 partj\u00e1nak meg\u00f3v\u00e1sa kiemelt jelent\u0151s\u00e9ggel b\u00edr. Ez mag\u00e1ban foglalja a szem\u00e9tmentes partok meg\u0151rz\u00e9s\u00e9t \u00e9s a talajv\u00e9delem mellett val\u00f3 elk\u00f6telezetts\u00e9get. Az \u00f6kol\u00f3giai \u00e9letm\u00f3d r\u00e9szek\u00e9nt a k\u00f6rnyezetbar\u00e1t h\u00e1ztart\u00e1si term\u00e9kek haszn\u00e1lata is fokozottan fontos, mivel ezek nem szennyezik a vizet \u00e9s hozz\u00e1j\u00e1rulnak a t\u00f3 tisztas\u00e1g\u00e1nak meg\u0151rz\u00e9s\u00e9hez. A fenntarthat\u00f3 k\u00f6zleked\u00e9si megold\u00e1sok, p\u00e9ld\u00e1ul a ker\u00e9kp\u00e1roz\u00e1s vagy a t\u00f6megk\u00f6zleked\u00e9s haszn\u00e1lata is kulcsfontoss\u00e1g\u00fa, mivel cs\u00f6kkentik az aut\u00f3k k\u00e1rosanyag-kibocs\u00e1t\u00e1s\u00e1t \u00e9s t\u00e1mogatj\u00e1k a k\u00f6rnyezetbar\u00e1t \u00e9letm\u00f3dot a Tisza partj\u00e1n tal\u00e1lhat\u00f3 t\u00f3n\u00e1l. <\/p>\n<h3>Az alacsony v\u00e9tel\u00e1r \u00e9s a k\u00f6rnyezetbar\u00e1ts\u00e1g: a megfizethet\u0151 haj\u00f3z\u00e1s \u00faj korszaka<\/h3>\n<p> A haj\u00f3k k\u00f6z\u00fcl az alacsony v\u00e9tel\u00e1r k\u00fcl\u00f6n\u00f6sen fontos tulajdons\u00e1g. Az emberek sz\u00e1m\u00e1ra, akik sz\u0171kebb anyagi keretek k\u00f6z\u00f6tt szeretn\u00e9nek haj\u00f3zni, a megfizethet\u0151 \u00e1rak lehet\u0151v\u00e9 teszik, hogy belemer\u00fcljenek a haj\u00f3z\u00e1s \u00f6r\u00f6m\u00e9be an\u00e9lk\u00fcl, hogy t\u00fal sokat kellene k\u00f6lteni\u00fck. Az alacsony v\u00e9tel\u00e1r nem csak a tradicion\u00e1lis haj\u00f3k eset\u00e9ben l\u00e9nyeges, hanem a napelemes haj\u00f3k tekintet\u00e9ben is. Az \u00f6kol\u00f3giai \u00e9letm\u00f3dra val\u00f3 felh\u00edv\u00e1sk\u00e9nt a napelemes haj\u00f3k kevesebb energi\u00e1t fogyasztanak, \u00e9s hossz\u00fa t\u00e1von k\u00f6lts\u00e9gk\u00edm\u00e9l\u0151ek, mivel az ingyen haszn\u00e1lhat\u00f3 napenergi\u00e1ra t\u00e1maszkodnak. Ez\u00e1ltal az alacsony v\u00e9tel\u00e1r mellett a napelemes haj\u00f3k is hozz\u00e1j\u00e1rulnak a k\u00f6rnyezetbar\u00e1t, fenntarthat\u00f3 \u00e9letm\u00f3d el\u00e9r\u00e9s\u00e9hez. <\/p>\n<h3>A Fenntarthat\u00f3 Napelemes Cs\u00f3nak: Solliner 21<\/h3>\n<p> A napelemes cs\u00f3nak, Solliner 21, egy fenntarthat\u00f3 \u00e9s k\u00f6rnyezetbar\u00e1t beruh\u00e1z\u00e1s, amely seg\u00edt v\u00e1laszt adni a jelenlegi k\u00f6rnyezeti probl\u00e9m\u00e1kra. Ez a megold\u00e1s sz\u00e1mos el\u0151nnyel j\u00e1r: el\u0151sz\u00f6r is, a napelemes energiatermel\u00e9s lehet\u0151v\u00e9 teszi a haj\u00f3 m\u0171k\u00f6dtet\u00e9s\u00e9t an\u00e9lk\u00fcl, hogy szennyezn\u00e9 a k\u00f6rnyezetet vagy k\u00e1ros anyagokat bocs\u00e1tana ki a leveg\u0151be. M\u00e1sodszor, a napelemek meg\u00fajul\u00f3 energiaforr\u00e1st haszn\u00e1lnak, ami sz\u00fcks\u00e9gtelenn\u00e9 teszi az emisszi\u00f3k\u00e9pes fosszilis energiahordoz\u00f3k haszn\u00e1lat\u00e1t. Harmadszor, a Solliner 21 megfelel az \u00f6kol\u00f3giai \u00e9letm\u00f3dhoz, mivel kis m\u00e9rete lehet\u0151v\u00e9 teszi a kisebb \u00f6kol\u00f3giai l\u00e1bnyomot, \u00edgy cs\u00f6kkentve az emberi tev\u00e9kenys\u00e9gb\u0151l ered\u0151 k\u00e1ros hat\u00e1sokat a k\u00f6rnyezetre. A napelemek \u00e1lland\u00f3 energiaell\u00e1t\u00e1st biztos\u00edtanak, ami ide\u00e1lis m\u00f3don szolg\u00e1lja a haj\u00f3 tulajdonosainak ig\u00e9nyeit. V\u00e9g\u00fcl, a napelemes cs\u00f3nakok sz\u00e9les k\u00f6rben el\u00e9rhet\u0151k \u00e9s k\u00f6nnyen haszn\u00e1lhat\u00f3k, teh\u00e1t b\u00e1rki \u00e1ltal k\u00f6nnyed\u00e9n befogadhat\u00f3 megold\u00e1st jelentenek a fenntarthat\u00f3 k\u00f6zleked\u00e9sre \u00e9s \u00e9letm\u00f3dra.<\/p>\n<p>Ha \u00e9rdekli a haj\u00f3, t\u00f6ltse ki az \u0171rlapot, \u00e9s k\u00fcldj\u00f6n egy k\u00e9r\u00e9st szak\u00e9rt\u0151inknek. Tov\u00e1bbi inform\u00e1ci\u00f3kat az <a href='https:\/\/velamic.com\/en\/offer\/green-dream-boats\/solliner-21-16386\/'>Solliner 21 haj\u00f3r\u00f3l itt tal\u00e1l.<\/a><br \/> <a href='https:\/\/velamic.com\/en\/offer\/green-dream-boats\/solliner-21-16386\/'><img src='https:\/\/cdn.velamic.com\/img01\/solliner-21-iT9RpRKKHaafeCWRG-XRDfOptig.jpg'><\/a><\/div>\n","protected":false},"excerpt":{"rendered":"<p>Tiszaf\u00f6ldv\u00e1r \u00f6kol\u00f3giai v\u00e1rosk\u00e9nt ismert, ahol a t\u00f3 partj\u00e1n napelemes cs\u00f3nakok is el\u00e9rhet\u0151ek, p\u00e9ld\u00e1ul a Solliner 21 <\/p>\n","protected":false},"author":4,"featured_media":564,"comment_status":"closed","ping_status":"open","sticky":false,"template":"","format":"standard","meta":{"footnotes":""},"categories":[4],"tags":[],"aioseo_notices":[],"_links":{"self":[{"href":"https:\/\/blog.waterlanes.eu\/hu\/wp-json\/wp\/v2\/posts\/563"}],"collection":[{"href":"https:\/\/blog.waterlanes.eu\/hu\/wp-json\/wp\/v2\/posts"}],"about":[{"href":"https:\/\/blog.waterlanes.eu\/hu\/wp-json\/wp\/v2\/types\/post"}],"author":[{"embeddable":true,"href":"https:\/\/blog.waterlanes.eu\/hu\/wp-json\/wp\/v2\/users\/4"}],"replies":[{"embeddable":true,"href":"https:\/\/blog.waterlanes.eu\/hu\/wp-json\/wp\/v2\/comments?post=563"}],"version-history":[{"count":0,"href":"https:\/\/blog.waterlanes.eu\/hu\/wp-json\/wp\/v2\/posts\/563\/revisions"}],"wp:featuredmedia":[{"embeddable":true,"href":"https:\/\/blog.waterlanes.eu\/hu\/wp-json\/wp\/v2\/media\/564"}],"wp:attachment":[{"href":"https:\/\/blog.waterlanes.eu\/hu\/wp-json\/wp\/v2\/media?parent=563"}],"wp:term":[{"taxonomy":"category","embeddable":true,"href":"https:\/\/blog.waterlanes.eu\/hu\/wp-json\/wp\/v2\/categories?post=563"},{"taxonomy":"post_tag","embeddable":true,"href":"https:\/\/blog.waterlanes.eu\/hu\/wp-json\/wp\/v2\/tags?post=563"}],"curies":[{"name":"wp","href":"https:\/\/api.w.org\/{rel}","templated":true}]}}